{"id":52657,"date":"2023-11-21T18:02:00","date_gmt":"2023-11-21T21:02:00","guid":{"rendered":"https:\/\/www.portalalerta.com.br\/?p=52657"},"modified":"2023-11-21T14:15:46","modified_gmt":"2023-11-21T17:15:46","slug":"mais-de-230-sao-condenados-em-um-dos-maiores-julgamentos-ligados-a-mafia-italiana","status":"publish","type":"post","link":"https:\/\/www.portalalerta.com.br\/index.php\/2023\/11\/21\/mais-de-230-sao-condenados-em-um-dos-maiores-julgamentos-ligados-a-mafia-italiana\/","title":{"rendered":"Mais de 230 s\u00e3o condenados em um dos maiores julgamentos ligados \u00e0 m\u00e1fia italiana"},"content":{"rendered":"\n<p>Um tribunal condenou, nesta segunda-feira (20), mais de 230 r\u00e9us ao concluir um dos maiores julgamentos j\u00e1 vistos relacionados \u00e0 m\u00e1fia na&nbsp;It\u00e1lia, que teve como alvo o grupo criminoso \u2018Ndrangheta, em sua regi\u00e3o natal, no sul da Cal\u00e1bria.<\/p>\n\n\n\n<!--more-->\n\n\n\n<p>Mais de 330 supostos mafiosos e supostos associados, incluindo profissionais de colarinho branco, enfrentaram uma s\u00e9rie de acusa\u00e7\u00f5es como extors\u00e3o, tr\u00e1fico de drogas e roubo no julgamento que durou quase tr\u00eas anos.<\/p>\n\n\n\n<p>A ag\u00eancia de not\u00edcias italiana Ansa afirmou que os ju\u00edzes levaram uma hora e 40 minutos apenas para ler o veredicto. As penas mais pesadas foram aplicadas a Saverio Razionale e Domenico Bonavota, dois l\u00edderes locais da m\u00e1fia calabresa, ambos condenados a penas de 30 anos.<\/p>\n\n\n\n<p><strong><em>\u201cA decis\u00e3o de hoje significa que toda uma prov\u00edncia da Cal\u00e1bria foi liberta&nbsp;do alto escal\u00e3o do grupo criminoso\u201d,<\/em><\/strong> disse \u00e0 Reuters Nicola Gratteri, um dos magistrados mais conhecidos da It\u00e1lia e ex-promotor principal no caso.<\/p>\n\n\n\n<p>Entre os condenados estava Giancarlo Pittelli, advogado e ex-pol\u00edtico do partido Forza Italia \u2013 membro da coliga\u00e7\u00e3o governamental nacional \u2013 condenado a 11 anos de pris\u00e3o por conluio com a m\u00e1fia e transmiss\u00e3o de informa\u00e7\u00f5es.<\/p>\n\n\n\n<p>Gratteri, que mudou de emprego h\u00e1 dois meses para se tornar procurador-chefe em N\u00e1poles, disse que a confirma\u00e7\u00e3o da liga\u00e7\u00e3o entre a \u2018Ndrangheta e uma rede de profissionais foi um aspecto central do veredicto.<\/p>\n\n\n\n<p>Giorgio Naselli, ex-chefe da pol\u00edcia local, foi condenado a dois anos e seis meses.<\/p>\n\n\n\n<p>A acusa\u00e7\u00e3o, no entanto,&nbsp;n\u00e3o obteve senten\u00e7as t\u00e3o pesadas como pretendia em v\u00e1rios casos e cerca de 100 dos que estavam em julgamento foram inocentados.<\/p>\n\n\n\n<p>A decis\u00e3o de primeira inst\u00e2ncia desta segunda-feira \u00e9 pass\u00edvel de recurso tanto da parte defesa quanto da acusa\u00e7\u00e3o.<\/p>\n\n\n\n<p>A \u2018Ndrangheta \u00e9 considerada pelos procuradores como o grupo mafioso mais poderoso de It\u00e1lia, eclipsando facilmente a mais famosa Cosa Nostra, na Sic\u00edlia, com uma influ\u00eancia que se estende pela Europa e al\u00e9m.<\/p>\n\n\n\n<p><em>Fonte: CNN<\/em><\/p>\n","protected":false},"excerpt":{"rendered":"<p>Um tribunal condenou, nesta segunda-feira (20), mais de 230 r\u00e9us ao concluir um dos maiores julgamentos j\u00e1 vistos relacionados \u00e0 m\u00e1fia na&nbsp;It\u00e1lia, que teve como alvo o grupo criminoso \u2018Ndrangheta, em sua regi\u00e3o natal, no sul da Cal\u00e1bria.<\/p>\n","protected":false},"author":2,"featured_media":52650,"comment_status":"open","ping_status":"open","sticky":false,"template":"","format":"standard","meta":{"om_disable_all_campaigns":false,"_monsterinsights_skip_tracking":false,"_monsterinsights_sitenote_active":false,"_monsterinsights_sitenote_note":"","_monsterinsights_sitenote_category":0,"footnotes":""},"categories":[70,35,69,22],"tags":[100,71,48,75,4178,316,4180,129,107,4181,132,230,302,106,203,120,51,109,88,47,111,190],"class_list":["post-52657","post","type-post","status-publish","format-standard","has-post-thumbnail","hentry","category-destaques","category-mundo","category-noticias2","category-seguranca","tag-adustina","tag-antas","tag-araci","tag-cicero-dantas","tag-cipo-2","tag-condenacao","tag-crisopolis-2","tag-euclides-da-cunha","tag-fatima","tag-heliopolis-2","tag-itapicuru","tag-jeremoabo","tag-julgamento","tag-nova-soure","tag-novo-triunfo","tag-olindina","tag-paripiranga","tag-quijingue","tag-ribeira-do-amparo","tag-ribeira-do-pombal","tag-sitio-do-quinto","tag-tucano"],"aioseo_notices":[],"_links":{"self":[{"href":"https:\/\/www.portalalerta.com.br\/index.php\/wp-json\/wp\/v2\/posts\/52657","targetHints":{"allow":["GET"]}}],"collection":[{"href":"https:\/\/www.portalalerta.com.br\/index.php\/wp-json\/wp\/v2\/posts"}],"about":[{"href":"https:\/\/www.portalalerta.com.br\/index.php\/wp-json\/wp\/v2\/types\/post"}],"author":[{"embeddable":true,"href":"https:\/\/www.portalalerta.com.br\/index.php\/wp-json\/wp\/v2\/users\/2"}],"replies":[{"embeddable":true,"href":"https:\/\/www.portalalerta.com.br\/index.php\/wp-json\/wp\/v2\/comments?post=52657"}],"version-history":[{"count":1,"href":"https:\/\/www.portalalerta.com.br\/index.php\/wp-json\/wp\/v2\/posts\/52657\/revisions"}],"predecessor-version":[{"id":52658,"href":"https:\/\/www.portalalerta.com.br\/index.php\/wp-json\/wp\/v2\/posts\/52657\/revisions\/52658"}],"wp:featuredmedia":[{"embeddable":true,"href":"https:\/\/www.portalalerta.com.br\/index.php\/wp-json\/wp\/v2\/media\/52650"}],"wp:attachment":[{"href":"https:\/\/www.portalalerta.com.br\/index.php\/wp-json\/wp\/v2\/media?parent=52657"}],"wp:term":[{"taxonomy":"category","embeddable":true,"href":"https:\/\/www.portalalerta.com.br\/index.php\/wp-json\/wp\/v2\/categories?post=52657"},{"taxonomy":"post_tag","embeddable":true,"href":"https:\/\/www.portalalerta.com.br\/index.php\/wp-json\/wp\/v2\/tags?post=52657"}],"curies":[{"name":"wp","href":"https:\/\/api.w.org\/{rel}","templated":true}]}}