{"id":52659,"date":"2023-11-21T18:03:00","date_gmt":"2023-11-21T21:03:00","guid":{"rendered":"https:\/\/www.portalalerta.com.br\/?p=52659"},"modified":"2023-11-21T15:37:29","modified_gmt":"2023-11-21T18:37:29","slug":"aluna-da-rede-municipal-de-ensino-de-ribeira-do-pombal-ba-recebe-premiacao-por-concurso-de-desenho-do-pea","status":"publish","type":"post","link":"https:\/\/www.portalalerta.com.br\/index.php\/2023\/11\/21\/aluna-da-rede-municipal-de-ensino-de-ribeira-do-pombal-ba-recebe-premiacao-por-concurso-de-desenho-do-pea\/","title":{"rendered":"Aluna da Rede Municipal de Ensino de Ribeira do Pombal-BA, recebe premia\u00e7\u00e3o por Concurso de desenho do PEA"},"content":{"rendered":"\n<p>A aluna Rayele Vict\u00f3ria S. Nascimento, da Escola Municipal Ana de Deus Concei\u00e7\u00e3o, no povoado Pedra, em Ribeira do Pombal-BA, recebeu oficialmente a premia\u00e7\u00e3o em decorr\u00eancia da participa\u00e7\u00e3o do Concurso de Desenho e Reda\u00e7\u00e3o do PEA Campo Limpo, tendo como principal inspira\u00e7\u00e3o o tema <strong>\u201cCasa Ecoeficiente\u201d<\/strong>.<\/p>\n\n\n\n<!--more-->\n\n\n<div class=\"wp-block-image\">\n<figure class=\"alignleft size-full is-resized\"><img fetchpriority=\"high\" decoding=\"async\" src=\"https:\/\/www.portalalerta.com.br\/wp-content\/uploads\/2021\/04\/ELAB.jpg\" alt=\"\" class=\"wp-image-34795\" width=\"416\" height=\"333\" srcset=\"https:\/\/www.portalalerta.com.br\/wp-content\/uploads\/2021\/04\/ELAB.jpg 1000w, https:\/\/www.portalalerta.com.br\/wp-content\/uploads\/2021\/04\/ELAB-300x240.jpg 300w, https:\/\/www.portalalerta.com.br\/wp-content\/uploads\/2021\/04\/ELAB-768x614.jpg 768w, https:\/\/www.portalalerta.com.br\/wp-content\/uploads\/2021\/04\/ELAB-183x146.jpg 183w, https:\/\/www.portalalerta.com.br\/wp-content\/uploads\/2021\/04\/ELAB-50x40.jpg 50w, https:\/\/www.portalalerta.com.br\/wp-content\/uploads\/2021\/04\/ELAB-94x75.jpg 94w\" sizes=\"(max-width: 416px) 100vw, 416px\" \/><\/figure><\/div>\n\n\n<p>Ap\u00f3s ter o seu desenho premiado, juntamente com alunos de Goian\u00e9sia (GO) e Taquarituba (SP), Rayele bem como a sua professora, Chalane, receberam um Notebook. <a href=\"https:\/\/www.portalalerta.com.br\/index.php\/2023\/11\/13\/aluno-da-rede-municipal-de-ensino-de-ribeira-do-pombal-ba-e-um-dos-premiados-no-concurso-de-desenho-do-pea\/\"><strong>Relembre<\/strong><\/a><\/p>\n\n\n\n<p>Tanto o prefeito da cidade, Eriksson Silva, quanto a Secret\u00e1ria Municipal de Educa\u00e7\u00e3o, Aline Silva, prestigiaram o momento da entrega, que tamb\u00e9m contou com a presen\u00e7a de Erivan Rom\u00e3o, representando o PEA.<\/p>\n\n\n\n<p>Ainda por conta do concurso, o PEA presenteou a Escola Municipal Ana de Deus com uma TV. <\/p>\n\n\n\n<figure class=\"wp-block-image size-full\"><img decoding=\"async\" width=\"850\" height=\"600\" src=\"https:\/\/www.portalalerta.com.br\/wp-content\/uploads\/2023\/11\/Rayele-Victoria-S.-Nascimento-2023.1.jpg\" alt=\"\" class=\"wp-image-52663\" srcset=\"https:\/\/www.portalalerta.com.br\/wp-content\/uploads\/2023\/11\/Rayele-Victoria-S.-Nascimento-2023.1.jpg 850w, https:\/\/www.portalalerta.com.br\/wp-content\/uploads\/2023\/11\/Rayele-Victoria-S.-Nascimento-2023.1-340x240.jpg 340w, https:\/\/www.portalalerta.com.br\/wp-content\/uploads\/2023\/11\/Rayele-Victoria-S.-Nascimento-2023.1-768x542.jpg 768w\" sizes=\"(max-width: 850px) 100vw, 850px\" \/><\/figure>\n\n\n\n<p><em>Reda\u00e7\u00e3o: Portal Alerta<\/em><\/p>\n","protected":false},"excerpt":{"rendered":"<p>A aluna Rayele Vict\u00f3ria S. Nascimento, da Escola Municipal Ana de Deus Concei\u00e7\u00e3o, no povoado Pedra, em Ribeira do Pombal-BA, recebeu oficialmente a premia\u00e7\u00e3o em decorr\u00eancia da participa\u00e7\u00e3o do Concurso de Desenho e Reda\u00e7\u00e3o do PEA Campo Limpo, tendo como principal inspira\u00e7\u00e3o o tema \u201cCasa Ecoeficiente\u201d.<\/p>\n","protected":false},"author":2,"featured_media":52665,"comment_status":"open","ping_status":"open","sticky":false,"template":"","format":"standard","meta":{"om_disable_all_campaigns":false,"_monsterinsights_skip_tracking":false,"_monsterinsights_sitenote_active":false,"_monsterinsights_sitenote_note":"","_monsterinsights_sitenote_category":0,"footnotes":""},"categories":[70,20,69,32,3],"tags":[100,71,48,75,4178,4180,965,140,129,107,4181,132,230,106,203,120,51,1980,109,88,47,111,190],"class_list":["post-52659","post","type-post","status-publish","format-standard","has-post-thumbnail","hentry","category-destaques","category-educacao","category-noticias2","category-regiao","category-ribeira-do-pombal","tag-adustina","tag-antas","tag-araci","tag-cicero-dantas","tag-cipo-2","tag-crisopolis-2","tag-desenho","tag-educacao","tag-euclides-da-cunha","tag-fatima","tag-heliopolis-2","tag-itapicuru","tag-jeremoabo","tag-nova-soure","tag-novo-triunfo","tag-olindina","tag-paripiranga","tag-premiacao","tag-quijingue","tag-ribeira-do-amparo","tag-ribeira-do-pombal","tag-sitio-do-quinto","tag-tucano"],"aioseo_notices":[],"_links":{"self":[{"href":"https:\/\/www.portalalerta.com.br\/index.php\/wp-json\/wp\/v2\/posts\/52659","targetHints":{"allow":["GET"]}}],"collection":[{"href":"https:\/\/www.portalalerta.com.br\/index.php\/wp-json\/wp\/v2\/posts"}],"about":[{"href":"https:\/\/www.portalalerta.com.br\/index.php\/wp-json\/wp\/v2\/types\/post"}],"author":[{"embeddable":true,"href":"https:\/\/www.portalalerta.com.br\/index.php\/wp-json\/wp\/v2\/users\/2"}],"replies":[{"embeddable":true,"href":"https:\/\/www.portalalerta.com.br\/index.php\/wp-json\/wp\/v2\/comments?post=52659"}],"version-history":[{"count":2,"href":"https:\/\/www.portalalerta.com.br\/index.php\/wp-json\/wp\/v2\/posts\/52659\/revisions"}],"predecessor-version":[{"id":52666,"href":"https:\/\/www.portalalerta.com.br\/index.php\/wp-json\/wp\/v2\/posts\/52659\/revisions\/52666"}],"wp:featuredmedia":[{"embeddable":true,"href":"https:\/\/www.portalalerta.com.br\/index.php\/wp-json\/wp\/v2\/media\/52665"}],"wp:attachment":[{"href":"https:\/\/www.portalalerta.com.br\/index.php\/wp-json\/wp\/v2\/media?parent=52659"}],"wp:term":[{"taxonomy":"category","embeddable":true,"href":"https:\/\/www.portalalerta.com.br\/index.php\/wp-json\/wp\/v2\/categories?post=52659"},{"taxonomy":"post_tag","embeddable":true,"href":"https:\/\/www.portalalerta.com.br\/index.php\/wp-json\/wp\/v2\/tags?post=52659"}],"curies":[{"name":"wp","href":"https:\/\/api.w.org\/{rel}","templated":true}]}}