{"id":52675,"date":"2023-11-22T10:45:33","date_gmt":"2023-11-22T13:45:33","guid":{"rendered":"https:\/\/www.portalalerta.com.br\/?p=52675"},"modified":"2023-11-22T11:15:32","modified_gmt":"2023-11-22T14:15:32","slug":"parlamento-israelense-aprova-cessar-fogo-na-guerra-contra-terroristas-do-hamas","status":"publish","type":"post","link":"https:\/\/www.portalalerta.com.br\/index.php\/2023\/11\/22\/parlamento-israelense-aprova-cessar-fogo-na-guerra-contra-terroristas-do-hamas\/","title":{"rendered":"Parlamento israelense aprova cessar-fogo na guerra contra terroristas do Hamas"},"content":{"rendered":"\n<p>O parlamento israelense aprovou nas primeiras horas da quarta-feira (22) um acordo de cessar-fogo na\u00a0guerra de Israel contra o Hamas\u00a0e abriu caminho para a liberta\u00e7\u00e3o de parte dos ref\u00e9ns sequestrados pelos\u00a0terroristas do grupo. \u00c9 o primeiro cessar-fogo aprovado por Israel desde o come\u00e7o da guerra.<\/p>\n\n\n\n<!--more-->\n\n\n<div class=\"wp-block-image\">\n<figure class=\"alignleft size-full is-resized\"><img fetchpriority=\"high\" decoding=\"async\" src=\"https:\/\/www.portalalerta.com.br\/wp-content\/uploads\/2021\/04\/ELAB.jpg\" alt=\"\" class=\"wp-image-34795\" width=\"407\" height=\"325\" srcset=\"https:\/\/www.portalalerta.com.br\/wp-content\/uploads\/2021\/04\/ELAB.jpg 1000w, https:\/\/www.portalalerta.com.br\/wp-content\/uploads\/2021\/04\/ELAB-300x240.jpg 300w, https:\/\/www.portalalerta.com.br\/wp-content\/uploads\/2021\/04\/ELAB-768x614.jpg 768w, https:\/\/www.portalalerta.com.br\/wp-content\/uploads\/2021\/04\/ELAB-183x146.jpg 183w, https:\/\/www.portalalerta.com.br\/wp-content\/uploads\/2021\/04\/ELAB-50x40.jpg 50w, https:\/\/www.portalalerta.com.br\/wp-content\/uploads\/2021\/04\/ELAB-94x75.jpg 94w\" sizes=\"(max-width: 407px) 100vw, 407px\" \/><\/figure><\/div>\n\n\n<p>Em 7 de outubro\u00a0os terroristas do Hamas atacaram Israel, mataram 1.200 pessoas e sequestraram um total de 240 pessoas. Dos ref\u00e9ns capturados, cerca de 50 come\u00e7ar\u00e3o a ser libertados na pr\u00f3xima quinta-feira, informou nesta ter\u00e7a-feira (21) o site Jerusalem Post.<\/p>\n\n\n\n<p>A informa\u00e7\u00e3o foi divulgada de forma n\u00e3o oficial por ministros israelenses que participaram da reuni\u00e3o do Gabinete de Guerra. Eles foram comunicados de que a primeira liberta\u00e7\u00e3o de ref\u00e9ns pode acontecer j\u00e1 na quinta-feira, informou a m\u00eddia hebraica na ter\u00e7a-feira.<\/p>\n\n\n\n<p>De acordo com alguns dos detalhes do acordo divulgados, ser\u00e3o libertadas 32 crian\u00e7as e 18 mulheres em troca de um cessar-fogo tempor\u00e1rio de quatro dias e a liberta\u00e7\u00e3o de cerca de 150 a 300 prisioneiros palestinos, al\u00e9m da permiss\u00e3o de entrada de combust\u00edvel e outros bens em Gaza.<\/p>\n\n\n\n<p>A liberta\u00e7\u00e3o dever\u00e1 ocorrer em etapas, com cerca de 12 ref\u00e9ns libertados por dia. O governo confirmou esses termos do acordo ap\u00f3s a vota\u00e7\u00e3o no parlamento, sem fornecer detalhes sobre outras concess\u00f5es israelenses.<\/p>\n\n\n\n<p>Israel tamb\u00e9m concordou em permitir a entrada de combust\u00edvel adicional em Gaza, bem como quantidades significativas de ajuda humanit\u00e1ria, que n\u00e3o entraram na regi\u00e3o devido \u00e0 guerra em curso.<\/p>\n\n\n\n<h3 class=\"wp-block-heading\"><strong>Cruz Vermelha<\/strong><\/h3>\n\n\n\n<p>Parte do acordo permitir\u00e1 que a Cruz Vermelha tenha acesso aos sequestrados que permanecer\u00e3o como ref\u00e9ns em Gaza, incluindo o fornecimento de medicamentos, conforme afirmou o escrit\u00f3rio de Netanyahu na ter\u00e7a-feira.<\/p>\n\n\n\n<p>O Canal 12 noticiou que Israel exigiu que apenas cidad\u00e3os israelenses fossem libertados. J\u00e1 o grupo terrorista Hamas disse durante as negocia\u00e7\u00f5es que n\u00e3o liberaria nenhum soldado das&nbsp; FDI.<\/p>\n\n\n\n<p>O acordo prev\u00ea uma completa pausa nas opera\u00e7\u00f5es das For\u00e7as de Defesa de Israel no solo da Faixa de Gaza e o fim das opera\u00e7\u00f5es a\u00e9reas israelenses sobre o territ\u00f3rio, exceto no norte, onde parariam apenas por seis horas di\u00e1rias, disseram fontes, incluindo um oficial israelense. A guerra ser\u00e1 retomada assim que este acordo for finalizado.<\/p>\n\n\n\n<p><em>Fonte: R7<\/em><\/p>\n","protected":false},"excerpt":{"rendered":"<p>O parlamento israelense aprovou nas primeiras horas da quarta-feira (22) um acordo de cessar-fogo na\u00a0guerra de Israel contra o Hamas\u00a0e abriu caminho para a liberta\u00e7\u00e3o de parte dos ref\u00e9ns sequestrados pelos\u00a0terroristas do grupo. \u00c9 o primeiro cessar-fogo aprovado por Israel desde o come\u00e7o da guerra.<\/p>\n","protected":false},"author":2,"featured_media":52672,"comment_status":"open","ping_status":"open","sticky":false,"template":"","format":"standard","meta":{"om_disable_all_campaigns":false,"_monsterinsights_skip_tracking":false,"_monsterinsights_sitenote_active":false,"_monsterinsights_sitenote_note":"","_monsterinsights_sitenote_category":0,"footnotes":""},"categories":[70,35,69],"tags":[100,71,48,5279,75,4178,4180,129,107,835,2517,4181,858,132,230,339,106,203,120,51,109,88,47,111,6439,190],"class_list":["post-52675","post","type-post","status-publish","format-standard","has-post-thumbnail","hentry","category-destaques","category-mundo","category-noticias2","tag-adustina","tag-antas","tag-araci","tag-cessar-fogo","tag-cicero-dantas","tag-cipo-2","tag-crisopolis-2","tag-euclides-da-cunha","tag-fatima","tag-guerra","tag-hamas","tag-heliopolis-2","tag-israel","tag-itapicuru","tag-jeremoabo","tag-mundo","tag-nova-soure","tag-novo-triunfo","tag-olindina","tag-paripiranga","tag-quijingue","tag-ribeira-do-amparo","tag-ribeira-do-pombal","tag-sitio-do-quinto","tag-tregua","tag-tucano"],"aioseo_notices":[],"_links":{"self":[{"href":"https:\/\/www.portalalerta.com.br\/index.php\/wp-json\/wp\/v2\/posts\/52675","targetHints":{"allow":["GET"]}}],"collection":[{"href":"https:\/\/www.portalalerta.com.br\/index.php\/wp-json\/wp\/v2\/posts"}],"about":[{"href":"https:\/\/www.portalalerta.com.br\/index.php\/wp-json\/wp\/v2\/types\/post"}],"author":[{"embeddable":true,"href":"https:\/\/www.portalalerta.com.br\/index.php\/wp-json\/wp\/v2\/users\/2"}],"replies":[{"embeddable":true,"href":"https:\/\/www.portalalerta.com.br\/index.php\/wp-json\/wp\/v2\/comments?post=52675"}],"version-history":[{"count":3,"href":"https:\/\/www.portalalerta.com.br\/index.php\/wp-json\/wp\/v2\/posts\/52675\/revisions"}],"predecessor-version":[{"id":52682,"href":"https:\/\/www.portalalerta.com.br\/index.php\/wp-json\/wp\/v2\/posts\/52675\/revisions\/52682"}],"wp:featuredmedia":[{"embeddable":true,"href":"https:\/\/www.portalalerta.com.br\/index.php\/wp-json\/wp\/v2\/media\/52672"}],"wp:attachment":[{"href":"https:\/\/www.portalalerta.com.br\/index.php\/wp-json\/wp\/v2\/media?parent=52675"}],"wp:term":[{"taxonomy":"category","embeddable":true,"href":"https:\/\/www.portalalerta.com.br\/index.php\/wp-json\/wp\/v2\/categories?post=52675"},{"taxonomy":"post_tag","embeddable":true,"href":"https:\/\/www.portalalerta.com.br\/index.php\/wp-json\/wp\/v2\/tags?post=52675"}],"curies":[{"name":"wp","href":"https:\/\/api.w.org\/{rel}","templated":true}]}}