{"id":5269,"date":"2018-03-05T10:27:48","date_gmt":"2018-03-05T13:27:48","guid":{"rendered":"http:\/\/www.portalalerta.com.br\/?p=5269"},"modified":"2018-03-05T10:27:48","modified_gmt":"2018-03-05T13:27:48","slug":"euclidense-de-15-anos-e-aprovado-em-medicina-na-federal","status":"publish","type":"post","link":"https:\/\/www.portalalerta.com.br\/index.php\/2018\/03\/05\/euclidense-de-15-anos-e-aprovado-em-medicina-na-federal\/","title":{"rendered":"Euclidense de 15 anos \u00e9 aprovado em Medicina na Federal"},"content":{"rendered":"<p style=\"text-align: justify;\">Natural de Euclides da Cunha, adolescente garantiu uma vaga na Universidade Federal de Sergipe com a nota do Enem<!--more--><\/p>\n<p style=\"text-align: justify;\">Para quem frequentava a missa aos domingos na Par\u00f3quia Nossa Senhora da Concei\u00e7\u00e3o, em Euclides da Cunha, na regi\u00e3o Nordeste da Bahia, a 310 quil\u00f4metros de Salvador, ele j\u00e1 era um rosto conhecido. Mas para a maior parte dos moradores daquela cidade, Matheus Henrique Costa Xavier, de apenas 15 anos, ganhou fama ao ser aprovado no curso de Medicina da Universidade Federal de Sergipe (UFS). N\u00e3o para menos, a aprova\u00e7\u00e3o do estudante, o coroinha da Igreja, passou a ser o assunto mais comentado da regi\u00e3o.<\/p>\n<p style=\"text-align: justify;\">O rosto ainda de menino, mas uma nota de \u201cgente grande\u201d! Com 774,98 pontos na prova objetiva e 940 pontos na Reda\u00e7\u00e3o, Matheus Henrique garantiu vaga em um dos cursos mais concorridos do Brasil atrav\u00e9s do Sisu. De forma modesta, ele diz que o feito foi alcan\u00e7ado gra\u00e7as \u00e0 sua dedica\u00e7\u00e3o: nove horas de estudo por dia. \u201cN\u00e3o estudei tanto quanto gostaria, mas consegui ver todos os assuntos\u201d, comenta o adolescente, que fazia cursinho pr\u00e9-vestibular online no turno oposto ao col\u00e9gio.<\/p>\n<figure id=\"attachment_5270\" aria-describedby=\"caption-attachment-5270\" style=\"width: 500px\" class=\"wp-caption aligncenter\"><img fetchpriority=\"high\" decoding=\"async\" class=\"wp-image-5270 size-full\" src=\"http:\/\/www.portalalerta.com.br\/wp-content\/uploads\/2018\/03\/Matheus-Henrique-Costa-Xavier1.jpg\" alt=\"\" width=\"500\" height=\"300\" srcset=\"https:\/\/www.portalalerta.com.br\/wp-content\/uploads\/2018\/03\/Matheus-Henrique-Costa-Xavier1.jpg 500w, https:\/\/www.portalalerta.com.br\/wp-content\/uploads\/2018\/03\/Matheus-Henrique-Costa-Xavier1-400x240.jpg 400w, https:\/\/www.portalalerta.com.br\/wp-content\/uploads\/2018\/03\/Matheus-Henrique-Costa-Xavier1-243x146.jpg 243w, https:\/\/www.portalalerta.com.br\/wp-content\/uploads\/2018\/03\/Matheus-Henrique-Costa-Xavier1-50x30.jpg 50w, https:\/\/www.portalalerta.com.br\/wp-content\/uploads\/2018\/03\/Matheus-Henrique-Costa-Xavier1-125x75.jpg 125w, https:\/\/www.portalalerta.com.br\/wp-content\/uploads\/2018\/03\/Matheus-Henrique-Costa-Xavier1-250x150.jpg 250w\" sizes=\"(max-width: 500px) 100vw, 500px\" \/><figcaption id=\"caption-attachment-5270\" class=\"wp-caption-text\">Ao lado da m\u00e3e Eridan Costa, Matheus brinca com o futuro s\u00e9rio que \u00e9 passar pelos port\u00f5es da universidade (Fotos: \u00c1lbum de fam\u00edlia)<\/figcaption><\/figure>\n<p style=\"text-align: justify;\"><img decoding=\"async\" class=\"size-thumbnail wp-image-4869 aligncenter\" src=\"http:\/\/www.portalalerta.com.br\/wp-content\/uploads\/2018\/02\/Auto-Escola-Nobre-720x181.jpg\" alt=\"\" width=\"720\" height=\"181\" srcset=\"https:\/\/www.portalalerta.com.br\/wp-content\/uploads\/2018\/02\/Auto-Escola-Nobre.jpg 720w, https:\/\/www.portalalerta.com.br\/wp-content\/uploads\/2018\/02\/Auto-Escola-Nobre-260x65.jpg 260w, https:\/\/www.portalalerta.com.br\/wp-content\/uploads\/2018\/02\/Auto-Escola-Nobre-50x13.jpg 50w, https:\/\/www.portalalerta.com.br\/wp-content\/uploads\/2018\/02\/Auto-Escola-Nobre-150x38.jpg 150w\" sizes=\"(max-width: 720px) 100vw, 720px\" \/>Considerado \u201csuper dotado\u201d por especialistas em educa\u00e7\u00e3o logo nos primeiros anos de vida, quando a m\u00e3e dele foi orientada a adiantar duas s\u00e9ries no ensino infantil, Matheus Henrique estudou no Centro Educacional Elo, institui\u00e7\u00e3o particular onde ingressou aos 11 anos, gra\u00e7as a uma campanha do col\u00e9gio em que o aluno que possu\u00eda a maior m\u00e9dia anual era contemplado com a bolsa integral. \u201cGanhei a bolsa do 9\u00ba ano e mantive at\u00e9 o final do ensino m\u00e9dio\u201d, conta o garoto, que sempre foi motivo de orgulho para a fam\u00edlia.<\/p>\n<p style=\"text-align: justify;\">Acostumado a ser o mais novo de todas as turmas pelas quais passou, o futuro m\u00e9dico afirma que est\u00e1 um pouco receoso em rela\u00e7\u00e3o \u00e0 rotina que est\u00e1 por vir. \u201cSempre fui o mascote da turma, no prim\u00e1rio era algo normal. Quando fui para o Fundamenta II, senti mais o impacto, j\u00e1 que meus colegas eram adolescentes, enquanto eu era bem mais novo. Nos \u00faltimos anos, por\u00e9m, o relacionamento ficou um pouco melhor, a idade j\u00e1 n\u00e3o era um empecilho. Agora estou novamente receoso, mas todos est\u00e3o sendo bem receptivos e calorosos, e espero que seja uma \u00f3tima experi\u00eancia\u201d, revelou entusiasmado.<\/p>\n<p style=\"text-align: justify;\">Embora as aulas s\u00f3 comecem em 11 de junho, Matheus Henrique j\u00e1 participou do tradicional \u201ctrote\u201d feito para os calouros e pretende mudar para o vizinho Sergipe em abril. \u201c\u00c9 uma grande mudan\u00e7a, mas estou bastante ansioso para essa nova fase, mal posso esperar. Acho que a faculdade \u00e9 um momento de amadurecimento e isso vai me ajudar a crescer bastante\u201d, comenta o estudante, que faz quest\u00e3o de dizer que nada disso seria poss\u00edvel se n\u00e3o fosse o apoio dos familiares e amigos. \u201cN\u00e3o, eu n\u00e3o sou o melhor de todos, eu n\u00e3o sou o mais inteligente ou mais s\u00e1bio. Eu somente consegui chegar neste ponto pelo apoio que tive de todos. Eu s\u00f3 tenho a agradecer porque sempre eles tiveram ao meu lado, sempre acreditaram em mim e no meu sonho\u201d, declarou o euclidense.<\/p>\n<p style=\"text-align: justify;\"><em>Fonte: Agora na Bahia<\/em><\/p>\n","protected":false},"excerpt":{"rendered":"<p>Natural de Euclides da Cunha, adolescente garantiu uma vaga na Universidade Federal de Sergipe com a nota do Enem<\/p>\n","protected":false},"author":2,"featured_media":5271,"comment_status":"closed","ping_status":"open","sticky":false,"template":"","format":"standard","meta":{"om_disable_all_campaigns":false,"_monsterinsights_skip_tracking":false,"_monsterinsights_sitenote_active":false,"_monsterinsights_sitenote_note":"","_monsterinsights_sitenote_category":0,"footnotes":""},"categories":[34,70,20,17,69,32],"tags":[140,129,701],"class_list":["post-5269","post","type-post","status-publish","format-standard","has-post-thumbnail","hentry","category-brasil","category-destaques","category-educacao","category-euclides-da-cunha","category-noticias2","category-regiao","tag-educacao","tag-euclides-da-cunha","tag-ufs"],"aioseo_notices":[],"_links":{"self":[{"href":"https:\/\/www.portalalerta.com.br\/index.php\/wp-json\/wp\/v2\/posts\/5269","targetHints":{"allow":["GET"]}}],"collection":[{"href":"https:\/\/www.portalalerta.com.br\/index.php\/wp-json\/wp\/v2\/posts"}],"about":[{"href":"https:\/\/www.portalalerta.com.br\/index.php\/wp-json\/wp\/v2\/types\/post"}],"author":[{"embeddable":true,"href":"https:\/\/www.portalalerta.com.br\/index.php\/wp-json\/wp\/v2\/users\/2"}],"replies":[{"embeddable":true,"href":"https:\/\/www.portalalerta.com.br\/index.php\/wp-json\/wp\/v2\/comments?post=5269"}],"version-history":[{"count":0,"href":"https:\/\/www.portalalerta.com.br\/index.php\/wp-json\/wp\/v2\/posts\/5269\/revisions"}],"wp:featuredmedia":[{"embeddable":true,"href":"https:\/\/www.portalalerta.com.br\/index.php\/wp-json\/wp\/v2\/media\/5271"}],"wp:attachment":[{"href":"https:\/\/www.portalalerta.com.br\/index.php\/wp-json\/wp\/v2\/media?parent=5269"}],"wp:term":[{"taxonomy":"category","embeddable":true,"href":"https:\/\/www.portalalerta.com.br\/index.php\/wp-json\/wp\/v2\/categories?post=5269"},{"taxonomy":"post_tag","embeddable":true,"href":"https:\/\/www.portalalerta.com.br\/index.php\/wp-json\/wp\/v2\/tags?post=5269"}],"curies":[{"name":"wp","href":"https:\/\/api.w.org\/{rel}","templated":true}]}}