{"id":52767,"date":"2023-11-27T11:37:24","date_gmt":"2023-11-27T14:37:24","guid":{"rendered":"https:\/\/www.portalalerta.com.br\/?p=52767"},"modified":"2023-11-27T11:37:25","modified_gmt":"2023-11-27T14:37:25","slug":"manifestantes-fazem-ato-na-avenida-paulista-em-protesto-por-morte-de-preso-do-8-de-janeiro","status":"publish","type":"post","link":"https:\/\/www.portalalerta.com.br\/index.php\/2023\/11\/27\/manifestantes-fazem-ato-na-avenida-paulista-em-protesto-por-morte-de-preso-do-8-de-janeiro\/","title":{"rendered":"Manifestantes fazem ato na avenida Paulista em protesto por morte de preso do 8 de Janeiro"},"content":{"rendered":"\n<p><strong>Cleriston Cunha morreu no pres\u00eddio da Papuda.&nbsp;Ato realizado neste domingo contou com apoiadores do ex-presidente Jair Bolsonaro<\/strong><\/p>\n\n\n\n<!--more-->\n\n\n\n<p>Uma manifesta\u00e7\u00e3o foi realizada neste domingo (26) na avenida Paulista, em S\u00e3o Paulo, em protesto pela morte de&nbsp;<a href=\"https:\/\/www.portalalerta.com.br\/index.php\/2023\/11\/21\/homem-preso-pelos-atos-golpistas-de-8-de-janeiro-morre-em-presidio-apos-mal-subito\/\" target=\"_blank\" rel=\"noreferrer noopener\"><strong>Cleriston Pereira da Cunha,<\/strong><\/a>&nbsp;um dos r\u00e9us pelos&nbsp;atos de 8 de janeiro,&nbsp;em Bras\u00edlia. A manifesta\u00e7\u00e3o reuniu apoiadores do ex-presidente Jair Bolsonaro (PL), que n\u00e3o esteve no ato.<\/p>\n\n\n\n<p>Cunha faleceu na manh\u00e3 de segunda-feira (20), em um p\u00e1tio da penitenci\u00e1ria da Papuda, em Bras\u00edlia, durante um banho de sol. Equipes dos Bombeiros tentaram a reanima\u00e7\u00e3o cardiorrespirat\u00f3ria, mas sem sucesso.<\/p>\n\n\n\n<p>Os manifestantes se reuniram em frente ao Masp com bandeiras do Brasil e vestindo, em sua maioria, roupas nas cores verde e amarela. Eles carregavam tamb\u00e9m faixas com cr\u00edticas ao STF (Supremo Tribunal Federal) e pedindo contagem de votos.<\/p>\n\n\n\n<p>Ocupando tr\u00eas quadras da Paulista, o grupo fez cr\u00edticas ao governo do presidente Luiz In\u00e1cio Lula da Silva e pediu o impeachment do ministro Alexandre de Moraes, relator no Supremo das a\u00e7\u00f5es penais dos atos de 8 de janeiro.<\/p>\n\n\n\n<p>Uma faixa presa ao carro de som anunciava o ato <strong><em>&#8220;em defesa do estado democr\u00e1tico de direito, dos direitos humanos e em mem\u00f3ria de Cleriston Pereira\u201d<\/em><\/strong>.<\/p>\n\n\n\n<p>Participaram do evento personalidades da pol\u00edtica, como a deputada federal Carla Zambelli (PL) e Marcel van Hattem (Novo).<\/p>\n\n\n\n<p>O ex-presidente Jair Bolsonaro cumprimentou os participantes da manifesta\u00e7\u00e3o por meio das redes sociais. <strong><em>&#8220;O dia de hoje nos traz a mem\u00f3ria do Clez\u00e3o, que vive entre n\u00f3s, e nos encoraja a lutar cada vez mais por honestidade, patriotismo, verdade e liberdade&#8221;<\/em><\/strong>, afirmou.<\/p>\n\n\n\n<p><strong>Covid<\/strong><\/p>\n\n\n\n<p>Cunha tinha 46 anos, era residente no DF e estava preso preventivamente desde o dia 8 de janeiro. A fam\u00edlia foi notificada da morte, e o corpo foi levado para o Instituto M\u00e9dico-Legal (IML). A Pol\u00edcia Civil afirma que houve per\u00edcia no local.<\/p>\n\n\n\n<p>O&nbsp;<strong>R7<\/strong>&nbsp;teve acesso a um parecer da Procuradoria-Geral da Rep\u00fablica, do dia 1\u00ba de setembro, em que foi recomendada a liberdade provis\u00f3ria do r\u00e9u por ter adquirido comorbidades ap\u00f3s contrair Covid-19.<\/p>\n\n\n\n<p>Em nota, a Secretaria de Administra\u00e7\u00e3o Penitenci\u00e1ria do DF afirma que Cunha era acompanhado por equipe multidisciplinar da Unidade B\u00e1sica de Sa\u00fade localizada na pr\u00f3pria unidade prisional desde a entrada na unidade, em 9 de janeiro.<\/p>\n\n\n\n<p><em>Fonte: R7<\/em><\/p>\n","protected":false},"excerpt":{"rendered":"<p>Cleriston Cunha morreu no pres\u00eddio da Papuda.&nbsp;Ato realizado neste domingo contou com apoiadores do ex-presidente Jair Bolsonaro<\/p>\n","protected":false},"author":2,"featured_media":52760,"comment_status":"open","ping_status":"open","sticky":false,"template":"","format":"standard","meta":{"om_disable_all_campaigns":false,"_monsterinsights_skip_tracking":false,"_monsterinsights_sitenote_active":false,"_monsterinsights_sitenote_note":"","_monsterinsights_sitenote_category":0,"footnotes":""},"categories":[34,70,69],"tags":[100,71,48,93,75,4178,4180,129,107,4181,132,230,475,106,203,120,51,109,88,47,404,111,190],"class_list":["post-52767","post","type-post","status-publish","format-standard","has-post-thumbnail","hentry","category-brasil","category-destaques","category-noticias2","tag-adustina","tag-antas","tag-araci","tag-brasil","tag-cicero-dantas","tag-cipo-2","tag-crisopolis-2","tag-euclides-da-cunha","tag-fatima","tag-heliopolis-2","tag-itapicuru","tag-jeremoabo","tag-manifestacao","tag-nova-soure","tag-novo-triunfo","tag-olindina","tag-paripiranga","tag-quijingue","tag-ribeira-do-amparo","tag-ribeira-do-pombal","tag-sao-paulo","tag-sitio-do-quinto","tag-tucano"],"aioseo_notices":[],"_links":{"self":[{"href":"https:\/\/www.portalalerta.com.br\/index.php\/wp-json\/wp\/v2\/posts\/52767","targetHints":{"allow":["GET"]}}],"collection":[{"href":"https:\/\/www.portalalerta.com.br\/index.php\/wp-json\/wp\/v2\/posts"}],"about":[{"href":"https:\/\/www.portalalerta.com.br\/index.php\/wp-json\/wp\/v2\/types\/post"}],"author":[{"embeddable":true,"href":"https:\/\/www.portalalerta.com.br\/index.php\/wp-json\/wp\/v2\/users\/2"}],"replies":[{"embeddable":true,"href":"https:\/\/www.portalalerta.com.br\/index.php\/wp-json\/wp\/v2\/comments?post=52767"}],"version-history":[{"count":1,"href":"https:\/\/www.portalalerta.com.br\/index.php\/wp-json\/wp\/v2\/posts\/52767\/revisions"}],"predecessor-version":[{"id":52768,"href":"https:\/\/www.portalalerta.com.br\/index.php\/wp-json\/wp\/v2\/posts\/52767\/revisions\/52768"}],"wp:featuredmedia":[{"embeddable":true,"href":"https:\/\/www.portalalerta.com.br\/index.php\/wp-json\/wp\/v2\/media\/52760"}],"wp:attachment":[{"href":"https:\/\/www.portalalerta.com.br\/index.php\/wp-json\/wp\/v2\/media?parent=52767"}],"wp:term":[{"taxonomy":"category","embeddable":true,"href":"https:\/\/www.portalalerta.com.br\/index.php\/wp-json\/wp\/v2\/categories?post=52767"},{"taxonomy":"post_tag","embeddable":true,"href":"https:\/\/www.portalalerta.com.br\/index.php\/wp-json\/wp\/v2\/tags?post=52767"}],"curies":[{"name":"wp","href":"https:\/\/api.w.org\/{rel}","templated":true}]}}