{"id":52769,"date":"2023-11-27T11:40:25","date_gmt":"2023-11-27T14:40:25","guid":{"rendered":"https:\/\/www.portalalerta.com.br\/?p=52769"},"modified":"2023-11-27T11:40:27","modified_gmt":"2023-11-27T14:40:27","slug":"municipios-da-regiao-recebem-ambulancias-do-samu","status":"publish","type":"post","link":"https:\/\/www.portalalerta.com.br\/index.php\/2023\/11\/27\/municipios-da-regiao-recebem-ambulancias-do-samu\/","title":{"rendered":"Munic\u00edpios da regi\u00e3o recebem ambul\u00e2ncias do SAMU"},"content":{"rendered":"\n<p>Est\u00e1 previsto para as 09h30 desta segunda-feira (27) a entrega de ambul\u00e2ncias do Servi\u00e7o de Atendimento M\u00f3vel de Urg\u00eancia (SAMU), que ir\u00e1 atender a diversos munic\u00edpios do estado.<\/p>\n\n\n\n<!--more-->\n\n\n<div class=\"wp-block-image\">\n<figure class=\"alignleft size-full is-resized\"><img fetchpriority=\"high\" decoding=\"async\" src=\"https:\/\/www.portalalerta.com.br\/wp-content\/uploads\/2021\/04\/ELAB.jpg\" alt=\"\" class=\"wp-image-34795\" width=\"432\" height=\"345\" srcset=\"https:\/\/www.portalalerta.com.br\/wp-content\/uploads\/2021\/04\/ELAB.jpg 1000w, https:\/\/www.portalalerta.com.br\/wp-content\/uploads\/2021\/04\/ELAB-300x240.jpg 300w, https:\/\/www.portalalerta.com.br\/wp-content\/uploads\/2021\/04\/ELAB-768x614.jpg 768w, https:\/\/www.portalalerta.com.br\/wp-content\/uploads\/2021\/04\/ELAB-183x146.jpg 183w, https:\/\/www.portalalerta.com.br\/wp-content\/uploads\/2021\/04\/ELAB-50x40.jpg 50w, https:\/\/www.portalalerta.com.br\/wp-content\/uploads\/2021\/04\/ELAB-94x75.jpg 94w\" sizes=\"(max-width: 432px) 100vw, 432px\" \/><\/figure><\/div>\n\n\n<p>Entre os munic\u00edpios beneficiados na regi\u00e3o Nordeste da Bahia, est\u00e3o: <strong>F\u00e1tima, Heli\u00f3polis, Nova Soure, e Ribeira do Pombal.<\/strong><\/p>\n\n\n\n<p>O deputado Federal Ricardo Maia, comemorou ao tempo em que confirmou presen\u00e7a no evento, onde estar\u00e1 com prefeitos aliados:<strong><em> \u201cMais sa\u00fade para o Semi\u00e1rido Nordeste II &#8220;Mais uma vit\u00f3ria alcan\u00e7ada* ! Estarei ao lado dos prefeitos Binho de Alfredo (@binhodealfredo), de F\u00e1tima, Eriksson Silva (@eriksson.oficial), de Ribeira do Pombal, e Jos\u00e9 Mendon\u00e7a (@mendonacaprefeito), de Heli\u00f3polis, na cerim\u00f4nia de entrega das ambul\u00e2ncias do SAMU, refor\u00e7ando ainda mais o suporte para a sa\u00fade p\u00fablica, garantindo o atendimento mais r\u00e1pido e eficiente nos momentos cr\u00edticos, promovendo o impacto positivo imediato desses ve\u00edculos equipados com tecnologia de ponta. Celebro este momento hist\u00f3rico para o Semi\u00e1rido Nordeste II, com a implanta\u00e7\u00e3o da base do SAMU em todos os munic\u00edpios da regi\u00e3o, promovendo a otimiza\u00e7\u00e3o do atendimento de urg\u00eancia. Agrade\u00e7o, mais uma vez, ao nosso querido Presidente da Rep\u00fablica, Luiz In\u00e1cio Lula da Silva (@lulaoficial) e ao nosso Governador Jer\u00f4nimo Rodrigues (@jeronimorodriguesba), por seguirem atuando juntos para manter a nossa regi\u00e3o do semi\u00e1rido cada vez mais assistida. Por Ricardo Maia, Deputado Federal\u201d.<\/em><\/strong><\/p>\n\n\n\n<p><em>Reda\u00e7\u00e3o: Portal Alerta<\/em><\/p>\n","protected":false},"excerpt":{"rendered":"<p>Est\u00e1 previsto para as 09h30 desta segunda-feira (27) a entrega de ambul\u00e2ncias do Servi\u00e7o de Atendimento M\u00f3vel de Urg\u00eancia (SAMU), que ir\u00e1 atender a diversos munic\u00edpios do estado.<\/p>\n","protected":false},"author":2,"featured_media":34023,"comment_status":"open","ping_status":"open","sticky":false,"template":"","format":"standard","meta":{"om_disable_all_campaigns":false,"_monsterinsights_skip_tracking":false,"_monsterinsights_sitenote_active":false,"_monsterinsights_sitenote_note":"","_monsterinsights_sitenote_category":0,"footnotes":""},"categories":[70,10,6,69,14,32,3,19],"tags":[100,71,48,54,75,4178,4180,129,107,4181,132,230,106,203,120,51,109,88,47,585,61,111,190],"class_list":["post-52769","post","type-post","status-publish","format-standard","has-post-thumbnail","hentry","category-destaques","category-fatima","category-heliopolis","category-noticias2","category-nova-soure","category-regiao","category-ribeira-do-pombal","category-saude","tag-adustina","tag-antas","tag-araci","tag-bahia","tag-cicero-dantas","tag-cipo-2","tag-crisopolis-2","tag-euclides-da-cunha","tag-fatima","tag-heliopolis-2","tag-itapicuru","tag-jeremoabo","tag-nova-soure","tag-novo-triunfo","tag-olindina","tag-paripiranga","tag-quijingue","tag-ribeira-do-amparo","tag-ribeira-do-pombal","tag-samu","tag-saude","tag-sitio-do-quinto","tag-tucano"],"aioseo_notices":[],"_links":{"self":[{"href":"https:\/\/www.portalalerta.com.br\/index.php\/wp-json\/wp\/v2\/posts\/52769","targetHints":{"allow":["GET"]}}],"collection":[{"href":"https:\/\/www.portalalerta.com.br\/index.php\/wp-json\/wp\/v2\/posts"}],"about":[{"href":"https:\/\/www.portalalerta.com.br\/index.php\/wp-json\/wp\/v2\/types\/post"}],"author":[{"embeddable":true,"href":"https:\/\/www.portalalerta.com.br\/index.php\/wp-json\/wp\/v2\/users\/2"}],"replies":[{"embeddable":true,"href":"https:\/\/www.portalalerta.com.br\/index.php\/wp-json\/wp\/v2\/comments?post=52769"}],"version-history":[{"count":1,"href":"https:\/\/www.portalalerta.com.br\/index.php\/wp-json\/wp\/v2\/posts\/52769\/revisions"}],"predecessor-version":[{"id":52770,"href":"https:\/\/www.portalalerta.com.br\/index.php\/wp-json\/wp\/v2\/posts\/52769\/revisions\/52770"}],"wp:featuredmedia":[{"embeddable":true,"href":"https:\/\/www.portalalerta.com.br\/index.php\/wp-json\/wp\/v2\/media\/34023"}],"wp:attachment":[{"href":"https:\/\/www.portalalerta.com.br\/index.php\/wp-json\/wp\/v2\/media?parent=52769"}],"wp:term":[{"taxonomy":"category","embeddable":true,"href":"https:\/\/www.portalalerta.com.br\/index.php\/wp-json\/wp\/v2\/categories?post=52769"},{"taxonomy":"post_tag","embeddable":true,"href":"https:\/\/www.portalalerta.com.br\/index.php\/wp-json\/wp\/v2\/tags?post=52769"}],"curies":[{"name":"wp","href":"https:\/\/api.w.org\/{rel}","templated":true}]}}