{"id":52774,"date":"2023-11-27T13:31:31","date_gmt":"2023-11-27T16:31:31","guid":{"rendered":"https:\/\/www.portalalerta.com.br\/?p=52774"},"modified":"2023-11-27T13:46:17","modified_gmt":"2023-11-27T16:46:17","slug":"jose-dirceu-faz-criticas-ao-governo-ao-pt-e-preve-tranco-da-direita","status":"publish","type":"post","link":"https:\/\/www.portalalerta.com.br\/index.php\/2023\/11\/27\/jose-dirceu-faz-criticas-ao-governo-ao-pt-e-preve-tranco-da-direita\/","title":{"rendered":"Jos\u00e9 Dirceu faz cr\u00edticas ao governo, ao PT e prev\u00ea \u201ctranco\u201d da direita"},"content":{"rendered":"\n<p>Dirceu fez cr\u00edticas \u00e0 suposta falta de debate na legenda e apontou problemas do governo Lula<\/p>\n\n\n\n<!--more-->\n\n\n\n<p>Homem-forte do come\u00e7o do primeiro mandato de&nbsp;Lula, o ex-ministro da Casa Civil e ex-presidente do&nbsp;PT&nbsp;Jos\u00e9 Dirceu&nbsp;est\u00e1 incomodado com a falta de mobiliza\u00e7\u00e3o e organiza\u00e7\u00e3o do partido.<\/p>\n\n\n\n<p>Em um encontro da corrente Avante PT,&nbsp;uma das alas minorit\u00e1rias e mais \u00e0 esquerda da legenda de Lula, em S\u00e3o Paulo, na noite desta sexta-feira (24\/11), Dirceu externou cr\u00edticas ao que tem visto como pontos fracos da sigla \u2014 e tamb\u00e9m do governo Lula (veja parte do discurso em v\u00eddeo abaixo).<\/p>\n\n\n\n<p><strong><em>\u201cHoje o PT \u00e9 o partido de maior apoio popular, de melhor imagem, mas o partido n\u00e3o \u00e9 nem 10% do que devia ser. N\u00f3s temos um problema s\u00e9rio, no PT e na esquerda\u201d,<\/em><\/strong> disse Dirceu. <strong><em>\u201cNosso governo tem problemas de governabilidade, organiza\u00e7\u00e3o, de avalia\u00e7\u00e3o de cada minist\u00e9rio\u201d<\/em><\/strong>, avaliou.<\/p>\n\n\n\n<iframe src=\"\/\/content.jwplatform.com\/players\/MKNtZboH-HdA8q6gX.html\" width=\"640\" height=\"360\" frameborder=\"0\" scrolling=\"auto\"><\/iframe>\n\n\n\n<p>O ex-ministro repreendeu a falta de mobiliza\u00e7\u00e3o do PT para bater mais firme na pol\u00edtica de juros do Banco Central e na defesa de pautas ambientais. Ainda criticou o adiamento da elei\u00e7\u00e3o ao comando nacional do PT de 2023 para 2025, classificou as tradicionais manifesta\u00e7\u00f5es de Primeiro de Maio como \u201cum fracasso\u201d e lembrou o bom desempenho da direita nas elei\u00e7\u00f5es dos conselhos tutelares.<\/p>\n\n\n\n<p><strong><em>\u201cN\u00e3o sei qual \u00e9 o problema. Tem medo da milit\u00e2ncia? Do debate? Da discuss\u00e3o? Da mobiliza\u00e7\u00e3o da milit\u00e2ncia?\u201d, perguntou. \u201cOnde se discute isso? Ou n\u00e3o \u00e9 para discutir e fazer de conta que est\u00e1 tudo bem? Ou n\u00e3o se pode discutir mais? \u00c0s vezes fico com a sensa\u00e7\u00e3o de que voc\u00ea come\u00e7a a discutir um pouco e fica inconveniente, indesej\u00e1vel\u201d<\/em><\/strong>, completou.<\/p>\n\n\n<div class=\"wp-block-image\">\n<figure class=\"alignleft size-full\"><img fetchpriority=\"high\" decoding=\"async\" width=\"400\" height=\"500\" src=\"https:\/\/www.portalalerta.com.br\/wp-content\/uploads\/2023\/11\/Real-Black-Friday-2023.jpg\" alt=\"\" class=\"wp-image-52514\" srcset=\"https:\/\/www.portalalerta.com.br\/wp-content\/uploads\/2023\/11\/Real-Black-Friday-2023.jpg 400w, https:\/\/www.portalalerta.com.br\/wp-content\/uploads\/2023\/11\/Real-Black-Friday-2023-192x240.jpg 192w\" sizes=\"(max-width: 400px) 100vw, 400px\" \/><\/figure><\/div>\n\n\n<p>Em sua avalia\u00e7\u00e3o, a desmobiliza\u00e7\u00e3o e a falta de debates, somadas ao ambiente em que Lula tem de se dobrar ao pragmatismo na rela\u00e7\u00e3o com o presidente da C\u00e2mara,&nbsp;Arthur Lira, do PP de Alagoas, abrem oportunidades para a direita.<\/p>\n\n\n\n<p><strong><em>\u201cEu sou da opini\u00e3o de que n\u00f3s precisamos nos debru\u00e7ar sobre o problema do partido. N\u00e3o vamos tapar o sol com a peneira. N\u00f3s n\u00e3o aguentamos o tranco da direita como n\u00f3s estamos. E a direita vai nos dar um tranco, n\u00f3s conhecemos ela. H\u00e1 esse ambiente agora, pol\u00edtico, negocia\u00e7\u00e3o com Arthur Lira, mas essa n\u00e3o \u00e9 a realidade. Se n\u00f3s formos derrotados em 2024, eles v\u00e3o tomar mais um naco do governo\u201d<\/em><\/strong>, declarou.<\/p>\n\n\n\n<p>Em seu discurso, de pouco mais de 15 minutos, o ex-ministro pregou que o PT adote uma perspectiva de m\u00e9dio prazo, de doze anos. Para os quatro anos do mandato de Lula, avaliou, \u00e9 dif\u00edcil que o presidente consiga mudar a correla\u00e7\u00e3o de for\u00e7as em Bras\u00edlia.<\/p>\n\n\n\n<p><strong><em>\u201cTemos que mudar a correla\u00e7\u00e3o de for\u00e7as e mudar nosso partido. A n\u00e3o ser que a gente queira governar\u2026 que est\u00e1 bom como estamos governando. Sabemos que n\u00e3o est\u00e1. Isso n\u00e3o quer dizer que nosso governo n\u00e3o produziu grandes avan\u00e7os e foi uma vit\u00f3ria extraordin\u00e1ria derrotar o bolsonarismo\u201d<\/em><\/strong>, disse, ressaltando: <strong><em>\u201cN\u00e3o estou pessimista, estou realista\u201d<\/em><\/strong>.<\/p>\n\n\n\n<p><em>Fonte: Metr\u00f3poles<\/em><\/p>\n","protected":false},"excerpt":{"rendered":"<p>Dirceu fez cr\u00edticas \u00e0 suposta falta de debate na legenda e apontou problemas do governo Lula<\/p>\n","protected":false},"author":2,"featured_media":52762,"comment_status":"open","ping_status":"open","sticky":false,"template":"","format":"standard","meta":{"om_disable_all_campaigns":false,"_monsterinsights_skip_tracking":false,"_monsterinsights_sitenote_active":false,"_monsterinsights_sitenote_note":"","_monsterinsights_sitenote_category":0,"footnotes":""},"categories":[34,70,69,21],"tags":[100,71,48,93,75,4178,4180,129,107,4181,132,230,1105,106,203,120,51,304,109,88,47,111,190],"class_list":["post-52774","post","type-post","status-publish","format-standard","has-post-thumbnail","hentry","category-brasil","category-destaques","category-noticias2","category-politica","tag-adustina","tag-antas","tag-araci","tag-brasil","tag-cicero-dantas","tag-cipo-2","tag-crisopolis-2","tag-euclides-da-cunha","tag-fatima","tag-heliopolis-2","tag-itapicuru","tag-jeremoabo","tag-jose-dirceu","tag-nova-soure","tag-novo-triunfo","tag-olindina","tag-paripiranga","tag-pt","tag-quijingue","tag-ribeira-do-amparo","tag-ribeira-do-pombal","tag-sitio-do-quinto","tag-tucano"],"aioseo_notices":[],"_links":{"self":[{"href":"https:\/\/www.portalalerta.com.br\/index.php\/wp-json\/wp\/v2\/posts\/52774","targetHints":{"allow":["GET"]}}],"collection":[{"href":"https:\/\/www.portalalerta.com.br\/index.php\/wp-json\/wp\/v2\/posts"}],"about":[{"href":"https:\/\/www.portalalerta.com.br\/index.php\/wp-json\/wp\/v2\/types\/post"}],"author":[{"embeddable":true,"href":"https:\/\/www.portalalerta.com.br\/index.php\/wp-json\/wp\/v2\/users\/2"}],"replies":[{"embeddable":true,"href":"https:\/\/www.portalalerta.com.br\/index.php\/wp-json\/wp\/v2\/comments?post=52774"}],"version-history":[{"count":2,"href":"https:\/\/www.portalalerta.com.br\/index.php\/wp-json\/wp\/v2\/posts\/52774\/revisions"}],"predecessor-version":[{"id":52782,"href":"https:\/\/www.portalalerta.com.br\/index.php\/wp-json\/wp\/v2\/posts\/52774\/revisions\/52782"}],"wp:featuredmedia":[{"embeddable":true,"href":"https:\/\/www.portalalerta.com.br\/index.php\/wp-json\/wp\/v2\/media\/52762"}],"wp:attachment":[{"href":"https:\/\/www.portalalerta.com.br\/index.php\/wp-json\/wp\/v2\/media?parent=52774"}],"wp:term":[{"taxonomy":"category","embeddable":true,"href":"https:\/\/www.portalalerta.com.br\/index.php\/wp-json\/wp\/v2\/categories?post=52774"},{"taxonomy":"post_tag","embeddable":true,"href":"https:\/\/www.portalalerta.com.br\/index.php\/wp-json\/wp\/v2\/tags?post=52774"}],"curies":[{"name":"wp","href":"https:\/\/api.w.org\/{rel}","templated":true}]}}