{"id":52987,"date":"2023-12-06T09:02:00","date_gmt":"2023-12-06T12:02:00","guid":{"rendered":"https:\/\/www.portalalerta.com.br\/?p=52987"},"modified":"2023-12-06T09:12:11","modified_gmt":"2023-12-06T12:12:11","slug":"nikolas-ferreira-e-condenado-por-transfobia-contra-deputada-duda-salabert","status":"publish","type":"post","link":"https:\/\/www.portalalerta.com.br\/index.php\/2023\/12\/06\/nikolas-ferreira-e-condenado-por-transfobia-contra-deputada-duda-salabert\/","title":{"rendered":"Nikolas Ferreira \u00e9 condenado por transfobia contra deputada Duda Salabert"},"content":{"rendered":"\n<p>Desembargadores determinaram multa de R$ 30 mil para o deputado<\/p>\n\n\n\n<!--more-->\n\n\n<div class=\"wp-block-image\">\n<figure class=\"alignleft size-full\"><img fetchpriority=\"high\" decoding=\"async\" width=\"400\" height=\"300\" src=\"https:\/\/www.portalalerta.com.br\/wp-content\/uploads\/2023\/01\/Auto-Escola-Sonho.jpg\" alt=\"\" class=\"wp-image-47083\" srcset=\"https:\/\/www.portalalerta.com.br\/wp-content\/uploads\/2023\/01\/Auto-Escola-Sonho.jpg 400w, https:\/\/www.portalalerta.com.br\/wp-content\/uploads\/2023\/01\/Auto-Escola-Sonho-320x240.jpg 320w\" sizes=\"(max-width: 400px) 100vw, 400px\" \/><\/figure><\/div>\n\n\n<p>Os desembargadores da 10\u00aa C\u00e2mara C\u00edvel do Tribunal de Justi\u00e7a de Minas Gerais confirmaram nesta ter\u00e7a-feira, 5, a condena\u00e7\u00e3o do deputado Nikolas Ferreira (PL-MG) por ofensas transf\u00f3bicas \u00e0 deputada Duda Salabert (PDT-MG). <strong><em>\u201cEu ainda irei cham\u00e1-la de \u2018ele\u2019. Ele \u00e9 homem. \u00c9 isso o que est\u00e1 na certid\u00e3o dele, independentemente do que ele acha que \u00e9\u201d,<\/em><\/strong> afirmou o parlamentar nas redes.<\/p>\n\n\n\n<p>O colegiado, no entanto, acolheu parcialmente pedido de Nikolas e reduziu o valor a ser pago por ofensa extrapatrimonial. Em primeiro grau, a indica\u00e7\u00e3o foi arbitrada em R$ 80 mil. Agora, os desembargadores determinaram que Nikolas pague R$ 30 mil.<\/p>\n\n\n\n<p>A avalia\u00e7\u00e3o dos desembargadores \u00e9 que a quantia inicialmente estabelecida era <strong><em>\u2018exorbitante\u2019<\/em><\/strong>. Segundo o relator, desembargador Fabiano Rubinger de Queiroz, os R$ 30 mil correspondem a uma quantia <strong><em>\u2018suficiente para mitigar os danos suportados\u2019<\/em><\/strong> por Duda.<\/p>\n\n\n\n<p>O ac\u00f3rd\u00e3o destaca que os direitos \u00e0 liberdade de express\u00e3o e de manifesta\u00e7\u00e3o do pensamento n\u00e3o s\u00e3o absolutos e ressalta que <strong><em>\u2018n\u00e3o pode se admitir que pensamentos manifestados de forma abusiva exponham indevidamente a intimidade ou acarretem danos \u00e0 honra e \u00e0 imagem das pessoas, ou que venham a ofender a dignidade de terceiros\u2019<\/em><\/strong>.<\/p>\n\n\n\n<p><strong><em>\u201cN\u00e3o se pode considerar que pensamentos de natureza ideol\u00f3gica, em disson\u00e2ncia aos entendimentos consolidados pela ci\u00eancia, sobreponham-se \u00e0 autodetermina\u00e7\u00e3o da autora em se identificar como pessoa transexual\u201d<\/em><\/strong>, anotou o relator.<\/p>\n\n\n\n<p>Segundo Queiroz, as manifesta\u00e7\u00f5es de Nikolas inclusive contrariam a din\u00e2mica do direito contempor\u00e2neo, vez que a Lei de Registros P\u00fablicos, especialmente quanto \u00e0s pessoas transexuais, prev\u00ea a possibilidade de ado\u00e7\u00e3o do nome social em documentos pessoais.<\/p>\n\n\n\n<p><em>Fonte: CNN<\/em><\/p>\n","protected":false},"excerpt":{"rendered":"<p>Desembargadores determinaram multa de R$ 30 mil para o deputado<\/p>\n","protected":false},"author":2,"featured_media":48335,"comment_status":"open","ping_status":"open","sticky":false,"template":"","format":"standard","meta":{"om_disable_all_campaigns":false,"_monsterinsights_skip_tracking":false,"_monsterinsights_sitenote_active":false,"_monsterinsights_sitenote_note":"","_monsterinsights_sitenote_category":0,"footnotes":""},"categories":[34,70,69,21],"tags":[100,71,48,93,75,4178,316,4180,129,107,4181,132,230,6023,106,203,120,51,109,88,47,111,6024,190],"class_list":["post-52987","post","type-post","status-publish","format-standard","has-post-thumbnail","hentry","category-brasil","category-destaques","category-noticias2","category-politica","tag-adustina","tag-antas","tag-araci","tag-brasil","tag-cicero-dantas","tag-cipo-2","tag-condenacao","tag-crisopolis-2","tag-euclides-da-cunha","tag-fatima","tag-heliopolis-2","tag-itapicuru","tag-jeremoabo","tag-nikolas-ferreira","tag-nova-soure","tag-novo-triunfo","tag-olindina","tag-paripiranga","tag-quijingue","tag-ribeira-do-amparo","tag-ribeira-do-pombal","tag-sitio-do-quinto","tag-transfobia","tag-tucano"],"aioseo_notices":[],"_links":{"self":[{"href":"https:\/\/www.portalalerta.com.br\/index.php\/wp-json\/wp\/v2\/posts\/52987","targetHints":{"allow":["GET"]}}],"collection":[{"href":"https:\/\/www.portalalerta.com.br\/index.php\/wp-json\/wp\/v2\/posts"}],"about":[{"href":"https:\/\/www.portalalerta.com.br\/index.php\/wp-json\/wp\/v2\/types\/post"}],"author":[{"embeddable":true,"href":"https:\/\/www.portalalerta.com.br\/index.php\/wp-json\/wp\/v2\/users\/2"}],"replies":[{"embeddable":true,"href":"https:\/\/www.portalalerta.com.br\/index.php\/wp-json\/wp\/v2\/comments?post=52987"}],"version-history":[{"count":1,"href":"https:\/\/www.portalalerta.com.br\/index.php\/wp-json\/wp\/v2\/posts\/52987\/revisions"}],"predecessor-version":[{"id":52988,"href":"https:\/\/www.portalalerta.com.br\/index.php\/wp-json\/wp\/v2\/posts\/52987\/revisions\/52988"}],"wp:featuredmedia":[{"embeddable":true,"href":"https:\/\/www.portalalerta.com.br\/index.php\/wp-json\/wp\/v2\/media\/48335"}],"wp:attachment":[{"href":"https:\/\/www.portalalerta.com.br\/index.php\/wp-json\/wp\/v2\/media?parent=52987"}],"wp:term":[{"taxonomy":"category","embeddable":true,"href":"https:\/\/www.portalalerta.com.br\/index.php\/wp-json\/wp\/v2\/categories?post=52987"},{"taxonomy":"post_tag","embeddable":true,"href":"https:\/\/www.portalalerta.com.br\/index.php\/wp-json\/wp\/v2\/tags?post=52987"}],"curies":[{"name":"wp","href":"https:\/\/api.w.org\/{rel}","templated":true}]}}