{"id":52989,"date":"2023-12-06T09:03:00","date_gmt":"2023-12-06T12:03:00","guid":{"rendered":"https:\/\/www.portalalerta.com.br\/?p=52989"},"modified":"2023-12-06T01:17:08","modified_gmt":"2023-12-06T04:17:08","slug":"prisao-de-passageiro-que-tinha-nova-soure-ba-como-destino-deu-origem-a-operacao-contra-o-maior-contrabandista-de-armas-da-america-do-sul","status":"publish","type":"post","link":"https:\/\/www.portalalerta.com.br\/index.php\/2023\/12\/06\/prisao-de-passageiro-que-tinha-nova-soure-ba-como-destino-deu-origem-a-operacao-contra-o-maior-contrabandista-de-armas-da-america-do-sul\/","title":{"rendered":"Pris\u00e3o de passageiro que tinha Nova Soure-BA como destino, deu origem \u00e0 opera\u00e7\u00e3o contra o maior contrabandista de armas da Am\u00e9rica do Sul"},"content":{"rendered":"\n<p><strong>Homem foi preso com dois fuzis e 23 pistolas, em novembro de 2020, em Vit\u00f3ria da Conquista. A partir da\u00ed, a PF identificou fabricante, importador e a log\u00edstica do tr\u00e1fico internacional de armas at\u00e9 chegar ao crime organizado brasileiro.<\/strong><\/p>\n\n\n\n<!--more-->\n\n\n\n<p>A\u00a0pris\u00e3o de um homem com dois fuzis e 23 pistolas, em novembro de 2020, dentro de um \u00f4nibus, na BR-116, em trecho de\u00a0Vit\u00f3ria da Conquista, no sudoeste da Bahia, originou a\u00a0opera\u00e7\u00e3o que a Pol\u00edcia Federal deflagrou nesta ter\u00e7a-feira (5)\u00a0contra um grupo suspeito de entregar 43 mil armas para os chefes das maiores fac\u00e7\u00f5es do pa\u00eds.<\/p>\n\n\n<div class=\"wp-block-image\">\n<figure class=\"aligncenter size-large\"><img fetchpriority=\"high\" decoding=\"async\" width=\"1024\" height=\"173\" src=\"https:\/\/www.portalalerta.com.br\/wp-content\/uploads\/2023\/11\/Real-Natal-2023-1024x173.jpg\" alt=\"\" class=\"wp-image-52881\" srcset=\"https:\/\/www.portalalerta.com.br\/wp-content\/uploads\/2023\/11\/Real-Natal-2023-1024x173.jpg 1024w, https:\/\/www.portalalerta.com.br\/wp-content\/uploads\/2023\/11\/Real-Natal-2023-720x122.jpg 720w, https:\/\/www.portalalerta.com.br\/wp-content\/uploads\/2023\/11\/Real-Natal-2023-768x130.jpg 768w, https:\/\/www.portalalerta.com.br\/wp-content\/uploads\/2023\/11\/Real-Natal-2023-1536x259.jpg 1536w, https:\/\/www.portalalerta.com.br\/wp-content\/uploads\/2023\/11\/Real-Natal-2023-2048x346.jpg 2048w\" sizes=\"(max-width: 1024px) 100vw, 1024px\" \/><\/figure><\/div>\n\n\n<p>O homem, que n\u00e3o teve a identidade revelada, tamb\u00e9m transportava carregadores na mala. Na \u00e9poca, a Pol\u00edcia Rodovi\u00e1ria Federal (PRF) informou que o \u00f4nibus tinha partido de\u00a0S\u00e3o Paulo\u00a0e tinha\u00a0Serrinha, cidade a cerca de 180 quil\u00f4metros de\u00a0Salvador, como destino final.<\/p>\n\n\n\n<p>O homem embarcou na cidade de Vit\u00f3ria da Conquista com destino a\u00a0Nova Soure, a cerca de 263 km da capital baiana. A PF chegou a dizer que o suspeito tinha sido preso com seis fuzis, mas depois corrigiu o dado e explicou que ele estava apenas com dois.<\/p>\n\n\n\n<p>As armas estavam com o n\u00famero de s\u00e9rie raspado, mas, por meio de per\u00edcia, a PF conseguiu obter as informa\u00e7\u00f5es e avan\u00e7ar na investiga\u00e7\u00e3o.<\/p>\n\n\n\n<p>A partir da\u00ed, a PF da Bahia fez todo caminho inverso, identificando fabricante, importador e a log\u00edstica do tr\u00e1fico internacional de armas at\u00e9 chegar ao crime organizado brasileiro.<\/p>\n\n\n\n<p>Ao longo de tr\u00eas anos de investiga\u00e7\u00f5es, a PF desvendou um poderoso esquema de tr\u00e1fico de armas que passava por uma empresa paraguaia chamada IAS.<\/p>\n\n\n\n<p>O dono da empresa,\u00a0o argentino Diego Hernan Dir\u00edsio, que mora no\u00a0Paraguai, comprava milhares de pistolas, fuzis, rifles, metralhadoras e muni\u00e7\u00f5es de v\u00e1rios fabricantes europeus (Cro\u00e1cia,\u00a0Turquia,\u00a0Rep\u00fablica Tcheca,\u00a0Eslov\u00eania).\u00a0Ele \u00e9 considerado o maior contrabandista de armas da Am\u00e9rica do Sul.<\/p>\n\n\n\n<p>Por meio de um esquema que envolvia doleiros e empresas de fachada no Paraguai e em\u00a0Miami,\u00a0Estados Unidos, a empresa IAS revendia os arsenais para as maiores fac\u00e7\u00f5es brasileiras, principalmente no\u00a0Rio de Janeiro\u00a0e S\u00e3o Paulo.<\/p>\n\n\n\n<p><strong>Grupo movimentou R$ 1,2 bilh\u00e3o<\/strong><\/p>\n\n\n\n<p>Segundo a Pol\u00edcia Federal, o grupo comandado por Diego Hernan Dir\u00edsio movimentou R$ 1,2 bilh\u00e3o ao fornecer pistolas, fuzis, rifles, metralhadoras e muni\u00e7\u00f5es de fabricantes de pa\u00edses como Cro\u00e1cia, Turquia, Rep\u00fablica Tcheca e Eslov\u00eania para o Primeiro Comando da Capital (PCC) e Comando Vermelho (CV).<\/p>\n\n\n\n<p>As investiga\u00e7\u00f5es indicam ainda que havia corrup\u00e7\u00e3o e tr\u00e1fico de influ\u00eancia na Direccion de Material Belico (DIMABEL), \u00f3rg\u00e3o paraguaio respons\u00e1vel por controlar, fiscalizar e liberar o uso de armas, facilitando o funcionamento do esquema.<\/p>\n\n\n\n<p>A opera\u00e7\u00e3o \u00e9 conduzida pela Pol\u00edcia Federal da Bahia. A Justi\u00e7a Federal expediu 25 mandados de pris\u00e3o preventiva, seis ordens pris\u00e3o tempor\u00e1ria e 53 mandados de busca e apreens\u00e3o em tr\u00eas pa\u00edses: Brasil, Paraguai e Estados Unidos.<\/p>\n\n\n\n<p>A Justi\u00e7a da Bahia, que conduz a opera\u00e7\u00e3o, determinou que os alvos de pris\u00e3o que estiverem no exterior sejam inclu\u00eddos na lista vermelha da Interpol e que, se forem presos, sejam extraditados para o Brasil.<\/p>\n\n\n\n<p><strong>At\u00e9 a \u00faltima atualiza\u00e7\u00e3o desta reportagem:<\/strong><\/p>\n\n\n\n<ul class=\"wp-block-list\">\n<li>5 envolvidos no crime foram presos no Brasil;<\/li>\n\n\n\n<li>11 no Paraguai.<\/li>\n<\/ul>\n\n\n\n<p><em>Fonte: G1<\/em><\/p>\n","protected":false},"excerpt":{"rendered":"<p>Homem foi preso com dois fuzis e 23 pistolas, em novembro de 2020, em Vit\u00f3ria da Conquista. A partir da\u00ed, a PF identificou fabricante, importador e a log\u00edstica do tr\u00e1fico internacional de armas at\u00e9 chegar ao crime organizado brasileiro.<\/p>\n","protected":false},"author":2,"featured_media":52990,"comment_status":"open","ping_status":"open","sticky":false,"template":"","format":"standard","meta":{"om_disable_all_campaigns":false,"_monsterinsights_skip_tracking":false,"_monsterinsights_sitenote_active":false,"_monsterinsights_sitenote_note":"","_monsterinsights_sitenote_category":0,"footnotes":""},"categories":[34,70,35,69,14,32,22],"tags":[100,71,48,93,75,4178,4180,129,107,4181,132,230,106,203,120,844,51,173,109,88,47,176,111,651,190,242],"class_list":["post-52989","post","type-post","status-publish","format-standard","has-post-thumbnail","hentry","category-brasil","category-destaques","category-mundo","category-noticias2","category-nova-soure","category-regiao","category-seguranca","tag-adustina","tag-antas","tag-araci","tag-brasil","tag-cicero-dantas","tag-cipo-2","tag-crisopolis-2","tag-euclides-da-cunha","tag-fatima","tag-heliopolis-2","tag-itapicuru","tag-jeremoabo","tag-nova-soure","tag-novo-triunfo","tag-olindina","tag-paraguai","tag-paripiranga","tag-policia-federal","tag-quijingue","tag-ribeira-do-amparo","tag-ribeira-do-pombal","tag-serrinha","tag-sitio-do-quinto","tag-trafico-de-armas","tag-tucano","tag-vitoria-da-conquista"],"aioseo_notices":[],"_links":{"self":[{"href":"https:\/\/www.portalalerta.com.br\/index.php\/wp-json\/wp\/v2\/posts\/52989","targetHints":{"allow":["GET"]}}],"collection":[{"href":"https:\/\/www.portalalerta.com.br\/index.php\/wp-json\/wp\/v2\/posts"}],"about":[{"href":"https:\/\/www.portalalerta.com.br\/index.php\/wp-json\/wp\/v2\/types\/post"}],"author":[{"embeddable":true,"href":"https:\/\/www.portalalerta.com.br\/index.php\/wp-json\/wp\/v2\/users\/2"}],"replies":[{"embeddable":true,"href":"https:\/\/www.portalalerta.com.br\/index.php\/wp-json\/wp\/v2\/comments?post=52989"}],"version-history":[{"count":2,"href":"https:\/\/www.portalalerta.com.br\/index.php\/wp-json\/wp\/v2\/posts\/52989\/revisions"}],"predecessor-version":[{"id":53009,"href":"https:\/\/www.portalalerta.com.br\/index.php\/wp-json\/wp\/v2\/posts\/52989\/revisions\/53009"}],"wp:featuredmedia":[{"embeddable":true,"href":"https:\/\/www.portalalerta.com.br\/index.php\/wp-json\/wp\/v2\/media\/52990"}],"wp:attachment":[{"href":"https:\/\/www.portalalerta.com.br\/index.php\/wp-json\/wp\/v2\/media?parent=52989"}],"wp:term":[{"taxonomy":"category","embeddable":true,"href":"https:\/\/www.portalalerta.com.br\/index.php\/wp-json\/wp\/v2\/categories?post=52989"},{"taxonomy":"post_tag","embeddable":true,"href":"https:\/\/www.portalalerta.com.br\/index.php\/wp-json\/wp\/v2\/tags?post=52989"}],"curies":[{"name":"wp","href":"https:\/\/api.w.org\/{rel}","templated":true}]}}