{"id":52994,"date":"2023-12-06T16:00:00","date_gmt":"2023-12-06T19:00:00","guid":{"rendered":"https:\/\/www.portalalerta.com.br\/?p=52994"},"modified":"2023-12-05T22:30:03","modified_gmt":"2023-12-06T01:30:03","slug":"euclides-da-cunha-ba-anuncia-processo-seletivo","status":"publish","type":"post","link":"https:\/\/www.portalalerta.com.br\/index.php\/2023\/12\/06\/euclides-da-cunha-ba-anuncia-processo-seletivo\/","title":{"rendered":"Euclides da Cunha-BA anuncia Processo Seletivo"},"content":{"rendered":"\n<p>A Prefeitura de Euclides da Cunha-BA tornou p\u00fablica a realiza\u00e7\u00e3o de um novo Processo Seletivo para provimento de vagas tempor\u00e1rias e cadastro reserva para diversas fun\u00e7\u00f5es do quadro de servidores.<\/p>\n\n\n\n<!--more-->\n\n\n\n<p>As 146 oportunidades s\u00e3o para candidatos do ensino m\u00e9dio e superior de ensino, e est\u00e3o distribu\u00eddas em: <strong>Professor da Educa\u00e7\u00e3o B\u00e1sica (30), Professor &#8211; Psicopedagogia (20), Professor &#8211; Neuropsicopedagogia (10), Professor &#8211; Especializa\u00e7\u00e3o AEE (1), Professor &#8211; Especializa\u00e7\u00e3o em Educa\u00e7\u00e3o Especial (1), Professor &#8211; Arte (1), Professor &#8211; Educa\u00e7\u00e3o F\u00edsica (1), Professor &#8211; L\u00edngua Inglesa (1), Professor &#8211; L\u00edngua Portuguesa (1), Professor &#8211; Geografia (1), Professor &#8211; Hist\u00f3ria (1), Professor &#8211; Ci\u00eancias (1), Professor &#8211; Matem\u00e1tica (1), Professor de Libras (2), Educador F\u00edsico (1), Tradutor\/Int\u00e9rprete de Libras (3), Professor Tradutor\/Int\u00e9rprete de Libras (3), Terapeuta Ocupacional (1), Professor de Braile (5), Coordenador Pedag\u00f3gico (5), Assistente Educacional (20), Assistente Educacional &#8211; Atividade Desportiva\/Recrea\u00e7\u00e3o (4), Assistente Educacional &#8211; Arte (4), Assistente Educacional &#8211; Capoeirista (4), Assistente Educacional &#8211; Recomposi\u00e7\u00e3o de Aprendizagem (4), Psic\u00f3logo (10), Assistente Social (10)<\/strong>.<\/p>\n\n\n\n<p>Aos profissionais admitidos, estes ir\u00e3o desempenhar fun\u00e7\u00f5es em carga hor\u00e1ria de 20, 30 e 40 horas semanais e contar\u00e3o com remunera\u00e7\u00e3o mensal no valor de R$ 1.420,00 a R$ 4.420,55.<\/p>\n\n\n<div class=\"wp-block-image\">\n<figure class=\"alignleft size-full is-resized\"><img fetchpriority=\"high\" decoding=\"async\" src=\"https:\/\/www.portalalerta.com.br\/wp-content\/uploads\/2021\/04\/ELAB.jpg\" alt=\"\" class=\"wp-image-34795\" width=\"441\" height=\"353\" srcset=\"https:\/\/www.portalalerta.com.br\/wp-content\/uploads\/2021\/04\/ELAB.jpg 1000w, https:\/\/www.portalalerta.com.br\/wp-content\/uploads\/2021\/04\/ELAB-300x240.jpg 300w, https:\/\/www.portalalerta.com.br\/wp-content\/uploads\/2021\/04\/ELAB-768x614.jpg 768w, https:\/\/www.portalalerta.com.br\/wp-content\/uploads\/2021\/04\/ELAB-183x146.jpg 183w, https:\/\/www.portalalerta.com.br\/wp-content\/uploads\/2021\/04\/ELAB-50x40.jpg 50w, https:\/\/www.portalalerta.com.br\/wp-content\/uploads\/2021\/04\/ELAB-94x75.jpg 94w\" sizes=\"(max-width: 441px) 100vw, 441px\" \/><\/figure><\/div>\n\n\n<p>Para participar, os interessados devem efetuar as inscri\u00e7\u00f5es no per\u00edodo das 00h do dia 2 de dezembro de 2023 \u00e0s 23h59 do dia 21 de dezembro de 2023, exclusivamente pelo site do Instituto Brasileiro Educar Conquista. Vale ressaltar que o valor da taxa de inscri\u00e7\u00e3o \u00e9 de R$ 70,00 a R$ 100,00.<\/p>\n\n\n\n<p>Como forma de classifica\u00e7\u00e3o, os candidatos ser\u00e3o avaliados mediante aplica\u00e7\u00e3o de prova objetiva na data prevista de 7 de janeiro de 2024.<\/p>\n\n\n\n<p><em>Fonte: Joison Costa<\/em><\/p>\n","protected":false},"excerpt":{"rendered":"<p>A Prefeitura de Euclides da Cunha-BA tornou p\u00fablica a realiza\u00e7\u00e3o de um novo Processo Seletivo para provimento de vagas tempor\u00e1rias e cadastro reserva para diversas fun\u00e7\u00f5es do quadro de servidores.<\/p>\n","protected":false},"author":2,"featured_media":3799,"comment_status":"open","ping_status":"open","sticky":false,"template":"","format":"standard","meta":{"om_disable_all_campaigns":false,"_monsterinsights_skip_tracking":false,"_monsterinsights_sitenote_active":false,"_monsterinsights_sitenote_note":"","_monsterinsights_sitenote_category":0,"footnotes":""},"categories":[70,20,17,69,32],"tags":[100,71,48,75,4178,4180,140,129,107,4181,132,230,106,203,120,51,511,109,88,47,111,190],"class_list":["post-52994","post","type-post","status-publish","format-standard","has-post-thumbnail","hentry","category-destaques","category-educacao","category-euclides-da-cunha","category-noticias2","category-regiao","tag-adustina","tag-antas","tag-araci","tag-cicero-dantas","tag-cipo-2","tag-crisopolis-2","tag-educacao","tag-euclides-da-cunha","tag-fatima","tag-heliopolis-2","tag-itapicuru","tag-jeremoabo","tag-nova-soure","tag-novo-triunfo","tag-olindina","tag-paripiranga","tag-processo-seletivo","tag-quijingue","tag-ribeira-do-amparo","tag-ribeira-do-pombal","tag-sitio-do-quinto","tag-tucano"],"aioseo_notices":[],"_links":{"self":[{"href":"https:\/\/www.portalalerta.com.br\/index.php\/wp-json\/wp\/v2\/posts\/52994","targetHints":{"allow":["GET"]}}],"collection":[{"href":"https:\/\/www.portalalerta.com.br\/index.php\/wp-json\/wp\/v2\/posts"}],"about":[{"href":"https:\/\/www.portalalerta.com.br\/index.php\/wp-json\/wp\/v2\/types\/post"}],"author":[{"embeddable":true,"href":"https:\/\/www.portalalerta.com.br\/index.php\/wp-json\/wp\/v2\/users\/2"}],"replies":[{"embeddable":true,"href":"https:\/\/www.portalalerta.com.br\/index.php\/wp-json\/wp\/v2\/comments?post=52994"}],"version-history":[{"count":1,"href":"https:\/\/www.portalalerta.com.br\/index.php\/wp-json\/wp\/v2\/posts\/52994\/revisions"}],"predecessor-version":[{"id":52995,"href":"https:\/\/www.portalalerta.com.br\/index.php\/wp-json\/wp\/v2\/posts\/52994\/revisions\/52995"}],"wp:featuredmedia":[{"embeddable":true,"href":"https:\/\/www.portalalerta.com.br\/index.php\/wp-json\/wp\/v2\/media\/3799"}],"wp:attachment":[{"href":"https:\/\/www.portalalerta.com.br\/index.php\/wp-json\/wp\/v2\/media?parent=52994"}],"wp:term":[{"taxonomy":"category","embeddable":true,"href":"https:\/\/www.portalalerta.com.br\/index.php\/wp-json\/wp\/v2\/categories?post=52994"},{"taxonomy":"post_tag","embeddable":true,"href":"https:\/\/www.portalalerta.com.br\/index.php\/wp-json\/wp\/v2\/tags?post=52994"}],"curies":[{"name":"wp","href":"https:\/\/api.w.org\/{rel}","templated":true}]}}