{"id":52996,"date":"2023-12-06T16:01:00","date_gmt":"2023-12-06T19:01:00","guid":{"rendered":"https:\/\/www.portalalerta.com.br\/?p=52996"},"modified":"2023-12-05T22:32:29","modified_gmt":"2023-12-06T01:32:29","slug":"stf-nega-vinculo-trabalhista-entre-motoristas-e-empresas-de-aplicativo","status":"publish","type":"post","link":"https:\/\/www.portalalerta.com.br\/index.php\/2023\/12\/06\/stf-nega-vinculo-trabalhista-entre-motoristas-e-empresas-de-aplicativo\/","title":{"rendered":"STF nega v\u00ednculo trabalhista entre motoristas e empresas de aplicativo"},"content":{"rendered":"\n<p><strong><em>Ministro relator diz que Constitui\u00e7\u00e3o admite outras formas de trabalho<\/em><\/strong><\/p>\n\n\n\n<p>A Primeira Turma do Supremo Tribunal Federal (STF) decidiu nesta ter\u00e7a-feira (5) que n\u00e3o h\u00e1 v\u00ednculo de emprego entre motoristas de aplicativo e as empresas que operam as plataformas. O entendimento vale para todas as plataformas.<\/p>\n\n\n\n<p>O colegiado julgou uma decis\u00e3o da Justi\u00e7a do Trabalho de Minas Gerais que reconheceu v\u00ednculo de emprego entre um motorista e a plataforma Cabify.<\/p>\n\n\n\n<p>Em seu voto, o relator do processo, ministro Alexandre de Moraes, afirmou que a Justi\u00e7a Trabalhista tem descumprido reiteradamente precedentes do plen\u00e1rio do Supremo sobre a inexist\u00eancia de rela\u00e7\u00e3o de emprego entre as empresas de aplicativos e os motoristas.<br><br>Para o ministro, a Constitui\u00e7\u00e3o admite outras rela\u00e7\u00f5es de trabalho. <strong><em>&#8220;Aquele que faz parte da Cabify, da Uber, do iFood, ele tem a liberdade de aceitar as corridas que quer. Ele tem a liberdade de fazer o seu hor\u00e1rio e tem a liberdade de ter outros v\u00ednculos&#8221;<\/em><\/strong>, justificou.<\/p>\n\n\n\n<p>O voto de Moraes foi seguido pelos ministros Cristiano Zanin, Luiz Fux e C\u00e1rmen Lucia.<\/p>\n\n\n\n<p>Apesar de n\u00e3o reconhecer o v\u00ednculo de emprego, C\u00e1rmen L\u00facia demonstrou preocupa\u00e7\u00e3o com o futuro dos trabalhadores e a falta de regulamenta\u00e7\u00e3o de direitos. <strong><em>&#8220;Nos preocupamos com esse modelo, o que n\u00e3o significa adotar o modelo da legisla\u00e7\u00e3o trabalhista como se fosse uma forma de resolver. N\u00e3o tenho d\u00favida de que, em 20 anos ou menos, teremos um grav\u00edssimo problema social e previdenci\u00e1rio. As pessoas que ficam nesse sistema de &#8216;uberiza\u00e7\u00e3o&#8217; n\u00e3o t\u00eam os direitos sociais garantidos na Constitui\u00e7\u00e3o por aus\u00eancia de serem suportados por uma legisla\u00e7\u00e3o&#8221;<\/em><\/strong>, afirmou.&nbsp;<\/p>\n\n\n\n<p>Durante o julgamento, o advogado M\u00e1rcio Eurico Vitral Amaro, representante da Cabify, alegou que o modelo de trabalho da empresa n\u00e3o pode ser considerado como rela\u00e7\u00e3o de emprego, nos moldes da&nbsp;Consolida\u00e7\u00e3o das Leis do Trabalho (CLT). Amaro ponderou que as mudan\u00e7as tecnol\u00f3gicas tamb\u00e9m refletiram no mercado de trabalho.<\/p>\n\n\n\n<p><strong><em>&#8220;Aqueles conceitos cl\u00e1ssicos da rela\u00e7\u00e3o de emprego n\u00e3o se aplicam a essas novas formas de trabalho humano. Essas formas n\u00e3o cabem nos limitad\u00edssimos marcos e limites da CLT&#8221;<\/em><\/strong>, afirmou.<\/p>\n\n\n\n<p><em>Fonte: Ag\u00eancia Brasil<\/em><\/p>\n","protected":false},"excerpt":{"rendered":"<p>Ministro relator diz que Constitui\u00e7\u00e3o admite outras formas de trabalho A Primeira Turma do Supremo Tribunal Federal (STF) decidiu nesta ter\u00e7a-feira (5) que n\u00e3o h\u00e1 v\u00ednculo de emprego entre motoristas de aplicativo e as empresas que operam as plataformas. O entendimento vale para todas as plataformas. O colegiado julgou uma decis\u00e3o da Justi\u00e7a do Trabalho &hellip;<\/p>\n","protected":false},"author":2,"featured_media":52993,"comment_status":"open","ping_status":"open","sticky":false,"template":"","format":"standard","meta":{"om_disable_all_campaigns":false,"_monsterinsights_skip_tracking":false,"_monsterinsights_sitenote_active":false,"_monsterinsights_sitenote_note":"","_monsterinsights_sitenote_category":0,"footnotes":""},"categories":[34,70,69],"tags":[100,71,48,93,75,4178,4180,129,107,4181,132,230,6466,106,203,120,51,109,88,47,111,216,190],"class_list":["post-52996","post","type-post","status-publish","format-standard","has-post-thumbnail","hentry","category-brasil","category-destaques","category-noticias2","tag-adustina","tag-antas","tag-araci","tag-brasil","tag-cicero-dantas","tag-cipo-2","tag-crisopolis-2","tag-euclides-da-cunha","tag-fatima","tag-heliopolis-2","tag-itapicuru","tag-jeremoabo","tag-motorista-por-aplicativo","tag-nova-soure","tag-novo-triunfo","tag-olindina","tag-paripiranga","tag-quijingue","tag-ribeira-do-amparo","tag-ribeira-do-pombal","tag-sitio-do-quinto","tag-stf","tag-tucano"],"aioseo_notices":[],"_links":{"self":[{"href":"https:\/\/www.portalalerta.com.br\/index.php\/wp-json\/wp\/v2\/posts\/52996","targetHints":{"allow":["GET"]}}],"collection":[{"href":"https:\/\/www.portalalerta.com.br\/index.php\/wp-json\/wp\/v2\/posts"}],"about":[{"href":"https:\/\/www.portalalerta.com.br\/index.php\/wp-json\/wp\/v2\/types\/post"}],"author":[{"embeddable":true,"href":"https:\/\/www.portalalerta.com.br\/index.php\/wp-json\/wp\/v2\/users\/2"}],"replies":[{"embeddable":true,"href":"https:\/\/www.portalalerta.com.br\/index.php\/wp-json\/wp\/v2\/comments?post=52996"}],"version-history":[{"count":1,"href":"https:\/\/www.portalalerta.com.br\/index.php\/wp-json\/wp\/v2\/posts\/52996\/revisions"}],"predecessor-version":[{"id":52997,"href":"https:\/\/www.portalalerta.com.br\/index.php\/wp-json\/wp\/v2\/posts\/52996\/revisions\/52997"}],"wp:featuredmedia":[{"embeddable":true,"href":"https:\/\/www.portalalerta.com.br\/index.php\/wp-json\/wp\/v2\/media\/52993"}],"wp:attachment":[{"href":"https:\/\/www.portalalerta.com.br\/index.php\/wp-json\/wp\/v2\/media?parent=52996"}],"wp:term":[{"taxonomy":"category","embeddable":true,"href":"https:\/\/www.portalalerta.com.br\/index.php\/wp-json\/wp\/v2\/categories?post=52996"},{"taxonomy":"post_tag","embeddable":true,"href":"https:\/\/www.portalalerta.com.br\/index.php\/wp-json\/wp\/v2\/tags?post=52996"}],"curies":[{"name":"wp","href":"https:\/\/api.w.org\/{rel}","templated":true}]}}