{"id":5349,"date":"2018-03-07T11:48:38","date_gmt":"2018-03-07T14:48:38","guid":{"rendered":"http:\/\/www.portalalerta.com.br\/?p=5349"},"modified":"2018-03-07T11:48:38","modified_gmt":"2018-03-07T14:48:38","slug":"autor-de-homicidio-em-araci-ba-e-preso-em-salvador-ba","status":"publish","type":"post","link":"https:\/\/www.portalalerta.com.br\/index.php\/2018\/03\/07\/autor-de-homicidio-em-araci-ba-e-preso-em-salvador-ba\/","title":{"rendered":"Autor de homic\u00eddio em Araci-BA \u00e9 preso em Salvador-BA"},"content":{"rendered":"<p style=\"text-align: justify;\">Com mandado de pris\u00e3o preventiva em aberto por homic\u00eddio, ocorrido na cidade de Araci, Jos\u00e9 Augusto dos Santos foi preso, na segunda-feira (5), no bairro de Val\u00e9ria, por policiais do Departamento de Homic\u00eddios e Prote\u00e7\u00e3o \u00e0 Pessoa (DHPP).<!--more--><img decoding=\"async\" class=\"size-full wp-image-2814 alignleft\" src=\"http:\/\/www.portalalerta.com.br\/wp-content\/uploads\/2017\/11\/banner9.png\" alt=\"\" width=\"270\" height=\"174\" srcset=\"https:\/\/www.portalalerta.com.br\/wp-content\/uploads\/2017\/11\/banner9.png 270w, https:\/\/www.portalalerta.com.br\/wp-content\/uploads\/2017\/11\/banner9-227x146.png 227w, https:\/\/www.portalalerta.com.br\/wp-content\/uploads\/2017\/11\/banner9-50x32.png 50w, https:\/\/www.portalalerta.com.br\/wp-content\/uploads\/2017\/11\/banner9-116x75.png 116w\" sizes=\"(max-width: 270px) 100vw, 270px\" \/><\/p>\n<p>Jos\u00e9 Augusto \u00e9 acusado de matar Gilmar Silva de Santana, no dia 24 de dezembro do ano passado. O homicida ser\u00e1 recambiado para Araci, na regi\u00e3o do Sisal, distante 35 quil\u00f4metros de Serrinha.<\/p>\n<p style=\"text-align: justify;\"><em>Fonte: Cleriston Silva<\/em><\/p>\n","protected":false},"excerpt":{"rendered":"<p>Com mandado de pris\u00e3o preventiva em aberto por homic\u00eddio, ocorrido na cidade de Araci, Jos\u00e9 Augusto dos Santos foi preso, na segunda-feira (5), no bairro de Val\u00e9ria, por policiais do Departamento de Homic\u00eddios e Prote\u00e7\u00e3o \u00e0 Pessoa (DHPP).<\/p>\n","protected":false},"author":2,"featured_media":4265,"comment_status":"closed","ping_status":"open","sticky":false,"template":"","format":"standard","meta":{"om_disable_all_campaigns":false,"_monsterinsights_skip_tracking":false,"_monsterinsights_sitenote_active":false,"_monsterinsights_sitenote_note":"","_monsterinsights_sitenote_category":0,"footnotes":""},"categories":[41,70,69,32,22],"tags":[48,54,723,206,77,330],"class_list":["post-5349","post","type-post","status-publish","format-standard","has-post-thumbnail","hentry","category-araci","category-destaques","category-noticias2","category-regiao","category-seguranca","tag-araci","tag-bahia","tag-dhpp","tag-homicidio","tag-preso","tag-salvador"],"aioseo_notices":[],"_links":{"self":[{"href":"https:\/\/www.portalalerta.com.br\/index.php\/wp-json\/wp\/v2\/posts\/5349","targetHints":{"allow":["GET"]}}],"collection":[{"href":"https:\/\/www.portalalerta.com.br\/index.php\/wp-json\/wp\/v2\/posts"}],"about":[{"href":"https:\/\/www.portalalerta.com.br\/index.php\/wp-json\/wp\/v2\/types\/post"}],"author":[{"embeddable":true,"href":"https:\/\/www.portalalerta.com.br\/index.php\/wp-json\/wp\/v2\/users\/2"}],"replies":[{"embeddable":true,"href":"https:\/\/www.portalalerta.com.br\/index.php\/wp-json\/wp\/v2\/comments?post=5349"}],"version-history":[{"count":0,"href":"https:\/\/www.portalalerta.com.br\/index.php\/wp-json\/wp\/v2\/posts\/5349\/revisions"}],"wp:featuredmedia":[{"embeddable":true,"href":"https:\/\/www.portalalerta.com.br\/index.php\/wp-json\/wp\/v2\/media\/4265"}],"wp:attachment":[{"href":"https:\/\/www.portalalerta.com.br\/index.php\/wp-json\/wp\/v2\/media?parent=5349"}],"wp:term":[{"taxonomy":"category","embeddable":true,"href":"https:\/\/www.portalalerta.com.br\/index.php\/wp-json\/wp\/v2\/categories?post=5349"},{"taxonomy":"post_tag","embeddable":true,"href":"https:\/\/www.portalalerta.com.br\/index.php\/wp-json\/wp\/v2\/tags?post=5349"}],"curies":[{"name":"wp","href":"https:\/\/api.w.org\/{rel}","templated":true}]}}