{"id":53922,"date":"2024-01-24T00:18:47","date_gmt":"2024-01-24T03:18:47","guid":{"rendered":"https:\/\/www.portalalerta.com.br\/?p=53922"},"modified":"2024-01-24T00:18:48","modified_gmt":"2024-01-24T03:18:48","slug":"bora-projeto-cultural-tucanense-ganha-premio-da-secultba","status":"publish","type":"post","link":"https:\/\/www.portalalerta.com.br\/index.php\/2024\/01\/24\/bora-projeto-cultural-tucanense-ganha-premio-da-secultba\/","title":{"rendered":"Bora?, projeto cultural tucanense, ganha pr\u00eamio da SecultBA"},"content":{"rendered":"\n<p>O projeto, que acabou de completar 10 anos, tamb\u00e9m j\u00e1 realizou diversas outras a\u00e7\u00f5es, como mostras p\u00fablicas, pesquisas acad\u00eamicas e mobiliza\u00e7\u00f5es por melhorias em termos de pol\u00edtica cultural.<\/p>\n\n\n\n<!--more-->\n\n\n\n<p>O projeto cultural \u201cBora?\u201d, iniciativa que desde 2013 documenta o patrim\u00f4nio hist\u00f3rico, cultural e natural do munic\u00edpio de Tucano-BA, foi premiado pela Secretaria de Cultura do Estado da Bahia (Secult) por sua Trajet\u00f3ria no Cinema e no Audiovisual, sele\u00e7\u00e3o promovida atrav\u00e9s da Lei Paulo Gustavo.<\/p>\n\n\n\n<p>Realizado por tr\u00eas filhos da terra, Ast\u00e9rio Moreira (advogado e escritor), Chris Arruda (designer e fot\u00f3grafa) e Marcelo Filho (roteirista e diretor), o \u201cBora?\u201d ficou conhecido na cidade e regi\u00e3o por uma s\u00e9rie de curtas document\u00e1rios que mostram as riquezas do munic\u00edpio com uma linguagem moderna e sens\u00edvel.<\/p>\n\n\n<div class=\"wp-block-image\">\n<figure class=\"aligncenter size-full\"><img fetchpriority=\"high\" decoding=\"async\" width=\"715\" height=\"477\" src=\"https:\/\/www.portalalerta.com.br\/wp-content\/uploads\/2024\/01\/Bora-2024.1.jpg\" alt=\"\" class=\"wp-image-53923\" srcset=\"https:\/\/www.portalalerta.com.br\/wp-content\/uploads\/2024\/01\/Bora-2024.1.jpg 715w, https:\/\/www.portalalerta.com.br\/wp-content\/uploads\/2024\/01\/Bora-2024.1-360x240.jpg 360w\" sizes=\"(max-width: 715px) 100vw, 715px\" \/><figcaption class=\"wp-element-caption\">Apresenta\u00e7\u00e3o teatral promovida por Bora?. Foto: Divulga\u00e7\u00e3o<\/figcaption><\/figure><\/div>\n\n\n<p>O projeto, que acabou de completar 10 anos, tamb\u00e9m j\u00e1 realizou diversas outras a\u00e7\u00f5es, como mostras p\u00fablicas, pesquisas acad\u00eamicas e mobiliza\u00e7\u00f5es por melhorias em termos de pol\u00edtica cultural. Segundo os idealizadores, novas a\u00e7\u00f5es est\u00e3o planejadas para este ano, ou seja, vem coisa boa por a\u00ed. \u201cUma nova etapa de produ\u00e7\u00f5es\u201d, afirmam.<\/p>\n\n\n\n<p>Toda a produ\u00e7\u00e3o dos primeiros anos do \u201cBora?\u201d pode ser acessada livremente atrav\u00e9s das p\u00e1ginas do projeto no Facebook (<a href=\"https:\/\/www.facebook.com\/projetobora\" target=\"_blank\" rel=\"noreferrer noopener\">www.facebook.com\/projetobora<\/a>) e no YouTube (<a href=\"https:\/\/www.youtube.com\/user\/boraprojeto\" target=\"_blank\" rel=\"noreferrer noopener\">www.youtube.com\/user\/boraprojeto<\/a>).<\/p>\n\n\n<div class=\"wp-block-image\">\n<figure class=\"aligncenter size-full\"><img decoding=\"async\" width=\"715\" height=\"402\" src=\"https:\/\/www.portalalerta.com.br\/wp-content\/uploads\/2024\/01\/Bora-2024.2.jpg\" alt=\"\" class=\"wp-image-53924\" srcset=\"https:\/\/www.portalalerta.com.br\/wp-content\/uploads\/2024\/01\/Bora-2024.2.jpg 715w, https:\/\/www.portalalerta.com.br\/wp-content\/uploads\/2024\/01\/Bora-2024.2-427x240.jpg 427w, https:\/\/www.portalalerta.com.br\/wp-content\/uploads\/2024\/01\/Bora-2024.2-390x220.jpg 390w\" sizes=\"(max-width: 715px) 100vw, 715px\" \/><figcaption class=\"wp-element-caption\">Curta document\u00e1rio produzido pelo projeto, dispon\u00edvel no canal do YouTube. Foto: Divulga\u00e7\u00e3o<\/figcaption><\/figure><\/div>\n\n\n<p><em>Fonte: Retratos e Fatos<\/em><\/p>\n","protected":false},"excerpt":{"rendered":"<p>O projeto, que acabou de completar 10 anos, tamb\u00e9m j\u00e1 realizou diversas outras a\u00e7\u00f5es, como mostras p\u00fablicas, pesquisas acad\u00eamicas e mobiliza\u00e7\u00f5es por melhorias em termos de pol\u00edtica cultural.<\/p>\n","protected":false},"author":2,"featured_media":53925,"comment_status":"open","ping_status":"open","sticky":false,"template":"","format":"standard","meta":{"om_disable_all_campaigns":false,"_monsterinsights_skip_tracking":false,"_monsterinsights_sitenote_active":false,"_monsterinsights_sitenote_note":"","_monsterinsights_sitenote_category":0,"footnotes":""},"categories":[33,70,69,32,12],"tags":[100,71,48,54,6659,75,4178,4180,129,107,4181,132,230,6096,106,203,120,51,1980,109,88,47,111,190],"class_list":["post-53922","post","type-post","status-publish","format-standard","has-post-thumbnail","hentry","category-bahia","category-destaques","category-noticias2","category-regiao","category-tucano","tag-adustina","tag-antas","tag-araci","tag-bahia","tag-bora","tag-cicero-dantas","tag-cipo-2","tag-crisopolis-2","tag-euclides-da-cunha","tag-fatima","tag-heliopolis-2","tag-itapicuru","tag-jeremoabo","tag-lei-paulo-gustavo","tag-nova-soure","tag-novo-triunfo","tag-olindina","tag-paripiranga","tag-premiacao","tag-quijingue","tag-ribeira-do-amparo","tag-ribeira-do-pombal","tag-sitio-do-quinto","tag-tucano"],"aioseo_notices":[],"_links":{"self":[{"href":"https:\/\/www.portalalerta.com.br\/index.php\/wp-json\/wp\/v2\/posts\/53922","targetHints":{"allow":["GET"]}}],"collection":[{"href":"https:\/\/www.portalalerta.com.br\/index.php\/wp-json\/wp\/v2\/posts"}],"about":[{"href":"https:\/\/www.portalalerta.com.br\/index.php\/wp-json\/wp\/v2\/types\/post"}],"author":[{"embeddable":true,"href":"https:\/\/www.portalalerta.com.br\/index.php\/wp-json\/wp\/v2\/users\/2"}],"replies":[{"embeddable":true,"href":"https:\/\/www.portalalerta.com.br\/index.php\/wp-json\/wp\/v2\/comments?post=53922"}],"version-history":[{"count":1,"href":"https:\/\/www.portalalerta.com.br\/index.php\/wp-json\/wp\/v2\/posts\/53922\/revisions"}],"predecessor-version":[{"id":53926,"href":"https:\/\/www.portalalerta.com.br\/index.php\/wp-json\/wp\/v2\/posts\/53922\/revisions\/53926"}],"wp:featuredmedia":[{"embeddable":true,"href":"https:\/\/www.portalalerta.com.br\/index.php\/wp-json\/wp\/v2\/media\/53925"}],"wp:attachment":[{"href":"https:\/\/www.portalalerta.com.br\/index.php\/wp-json\/wp\/v2\/media?parent=53922"}],"wp:term":[{"taxonomy":"category","embeddable":true,"href":"https:\/\/www.portalalerta.com.br\/index.php\/wp-json\/wp\/v2\/categories?post=53922"},{"taxonomy":"post_tag","embeddable":true,"href":"https:\/\/www.portalalerta.com.br\/index.php\/wp-json\/wp\/v2\/tags?post=53922"}],"curies":[{"name":"wp","href":"https:\/\/api.w.org\/{rel}","templated":true}]}}