{"id":53933,"date":"2024-01-24T00:48:22","date_gmt":"2024-01-24T03:48:22","guid":{"rendered":"https:\/\/www.portalalerta.com.br\/?p=53933"},"modified":"2024-01-24T00:48:23","modified_gmt":"2024-01-24T03:48:23","slug":"pf-nega-acordo-para-nova-delacao-no-caso-marielle","status":"publish","type":"post","link":"https:\/\/www.portalalerta.com.br\/index.php\/2024\/01\/24\/pf-nega-acordo-para-nova-delacao-no-caso-marielle\/","title":{"rendered":"PF nega acordo para nova dela\u00e7\u00e3o no caso Marielle"},"content":{"rendered":"\n<h3 class=\"wp-block-heading\"><em>Investiga\u00e7\u00f5es seguem em sigilo, sem data prevista para encerramento<\/em><\/h3>\n\n\n\n<!--more-->\n\n\n\n<p>A Pol\u00edcia Federal (PF) informou, em nota divulgada na noite desta ter\u00e7a-feira (23), que, at\u00e9 o momento, ocorreu apenas uma dela\u00e7\u00e3o premiada nas investiga\u00e7\u00f5es do caso envolvendo o assassinato da vereadora Marielle Franco e do motorista Anderson Gomes.<\/p>\n\n\n\n<p><strong><em>\u201cA Pol\u00edcia Federal informa que est\u00e1 conduzindo h\u00e1 cerca de onze meses as investiga\u00e7\u00f5es referentes aos homic\u00eddios da vereadora Marielle Franco e de Anderson Gomes. Ao longo desse per\u00edodo, a Pol\u00edcia Federal trabalhou em parceria com outros \u00f3rg\u00e3os, notadamente o Minist\u00e9rio P\u00fablico, com crit\u00e9rios t\u00e9cnicos e o necess\u00e1rio sigilo das dilig\u00eancias realizadas. At\u00e9 o momento, ocorreu uma \u00fanica dela\u00e7\u00e3o na apura\u00e7\u00e3o do caso, devidamente homologada pelo Poder Judici\u00e1rio\u201d<\/em><\/strong><\/p>\n\n\n<div class=\"wp-block-image\">\n<figure class=\"alignleft size-full\"><img fetchpriority=\"high\" decoding=\"async\" width=\"400\" height=\"300\" src=\"https:\/\/www.portalalerta.com.br\/wp-content\/uploads\/2023\/01\/Auto-Escola-Sonho.jpg\" alt=\"\" class=\"wp-image-47083\" srcset=\"https:\/\/www.portalalerta.com.br\/wp-content\/uploads\/2023\/01\/Auto-Escola-Sonho.jpg 400w, https:\/\/www.portalalerta.com.br\/wp-content\/uploads\/2023\/01\/Auto-Escola-Sonho-320x240.jpg 320w\" sizes=\"(max-width: 400px) 100vw, 400px\" \/><\/figure><\/div>\n\n\n<p>A dela\u00e7\u00e3o citada na nota \u00e9 a do ex-policial militar \u00c9lcio de Queiroz, que dirigia o carro usado no crime. Os&nbsp;detalhes dessa dela\u00e7\u00e3o&nbsp;foram a p\u00fablico em julho do ano passado e \u00e9 a \u00fanica confirmada pela PF at\u00e9 o momento.<\/p>\n\n\n\n<p>A manifesta\u00e7\u00e3o da PF ocorre ap\u00f3s publica\u00e7\u00f5es, por ve\u00edculos da imprensa, que afirmam que o ex-policial militar Ronnie Lessa teria aceito acordo de dela\u00e7\u00e3o premiada com a Pol\u00edcia Federal e fornecido informa\u00e7\u00f5es que apontam o mandante do crime.<\/p>\n\n\n\n<p>A suposta novidade no caso provocou&nbsp;manifesta\u00e7\u00f5es da irm\u00e3 de Marielle, a ministra da Igualdade Racial Anielle Franco. \u201cRecebi as \u00faltimas not\u00edcias relacionadas ao caso Marielle e Anderson e reafirmo o que dizemos desde que a tiraram de n\u00f3s: n\u00e3o descansaremos enquanto n\u00e3o houver justi\u00e7a\u201d.<\/p>\n\n\n\n<p>A PF, no entanto, n\u00e3o confirma as informa\u00e7\u00f5es envolvendo Lessa e acrescentou que elas podem comprometer as investiga\u00e7\u00f5es.<\/p>\n\n\n\n<p><strong><em>\u201cAs investiga\u00e7\u00f5es seguem em sigilo, sem data prevista para seu encerramento. A divulga\u00e7\u00e3o e repercuss\u00e3o de informa\u00e7\u00f5es que n\u00e3o condizem com a realidade comprometem o trabalho investigativo e exp\u00f5em cidad\u00e3os\u201d<\/em><\/strong>.<\/p>\n\n\n\n<h2 class=\"wp-block-heading\">Papel da imprensa<\/h2>\n\n\n\n<p>A vi\u00fava de Marielle, a vereadora M\u00f4nica Ben\u00edcio, tamb\u00e9m se manifestou sobre os recentes cap\u00edtulos envolvendo o crime. Ela criticou a atua\u00e7\u00e3o de alguns ve\u00edculos de imprensa e jornalistas, que disse estarem mais preocupados com&nbsp;<em>likes<\/em>&nbsp;[curtidas]. <strong><em>\u201cMat\u00e9rias&nbsp;<\/em><em>clickbait<\/em><em>&nbsp;[ca\u00e7a-cliques] come\u00e7am a surgir de forma irrespons\u00e1vel, com os familiares, com as investiga\u00e7\u00f5es e a elucida\u00e7\u00e3o do caso e com o papel democr\u00e1tico que a imprensa deve ter\u201d<\/em><\/strong>.<\/p>\n\n\n\n<p>Mesmo assim, ela exalta que a <strong><em>\u201cimprensa teve e ter\u00e1 um papel de suma import\u00e2ncia no andamento das investiga\u00e7\u00f5es, na elucida\u00e7\u00e3o e na penaliza\u00e7\u00e3o dos envolvidos, executores e mandantes.\u201d<\/em><\/strong><\/p>\n\n\n\n<p><em>Fonte: Ag\u00eancia Brasil<\/em><\/p>\n","protected":false},"excerpt":{"rendered":"<p>Investiga\u00e7\u00f5es seguem em sigilo, sem data prevista para encerramento<\/p>\n","protected":false},"author":2,"featured_media":5573,"comment_status":"open","ping_status":"open","sticky":false,"template":"","format":"standard","meta":{"om_disable_all_campaigns":false,"_monsterinsights_skip_tracking":false,"_monsterinsights_sitenote_active":false,"_monsterinsights_sitenote_note":"","_monsterinsights_sitenote_category":0,"footnotes":""},"categories":[34,70,69,22],"tags":[100,71,48,93,75,4178,4180,217,129,107,4181,132,230,822,106,203,120,51,173,109,88,47,111,190],"class_list":["post-53933","post","type-post","status-publish","format-standard","has-post-thumbnail","hentry","category-brasil","category-destaques","category-noticias2","category-seguranca","tag-adustina","tag-antas","tag-araci","tag-brasil","tag-cicero-dantas","tag-cipo-2","tag-crisopolis-2","tag-delacao-premiada","tag-euclides-da-cunha","tag-fatima","tag-heliopolis-2","tag-itapicuru","tag-jeremoabo","tag-marielle-franco","tag-nova-soure","tag-novo-triunfo","tag-olindina","tag-paripiranga","tag-policia-federal","tag-quijingue","tag-ribeira-do-amparo","tag-ribeira-do-pombal","tag-sitio-do-quinto","tag-tucano"],"aioseo_notices":[],"_links":{"self":[{"href":"https:\/\/www.portalalerta.com.br\/index.php\/wp-json\/wp\/v2\/posts\/53933","targetHints":{"allow":["GET"]}}],"collection":[{"href":"https:\/\/www.portalalerta.com.br\/index.php\/wp-json\/wp\/v2\/posts"}],"about":[{"href":"https:\/\/www.portalalerta.com.br\/index.php\/wp-json\/wp\/v2\/types\/post"}],"author":[{"embeddable":true,"href":"https:\/\/www.portalalerta.com.br\/index.php\/wp-json\/wp\/v2\/users\/2"}],"replies":[{"embeddable":true,"href":"https:\/\/www.portalalerta.com.br\/index.php\/wp-json\/wp\/v2\/comments?post=53933"}],"version-history":[{"count":1,"href":"https:\/\/www.portalalerta.com.br\/index.php\/wp-json\/wp\/v2\/posts\/53933\/revisions"}],"predecessor-version":[{"id":53934,"href":"https:\/\/www.portalalerta.com.br\/index.php\/wp-json\/wp\/v2\/posts\/53933\/revisions\/53934"}],"wp:featuredmedia":[{"embeddable":true,"href":"https:\/\/www.portalalerta.com.br\/index.php\/wp-json\/wp\/v2\/media\/5573"}],"wp:attachment":[{"href":"https:\/\/www.portalalerta.com.br\/index.php\/wp-json\/wp\/v2\/media?parent=53933"}],"wp:term":[{"taxonomy":"category","embeddable":true,"href":"https:\/\/www.portalalerta.com.br\/index.php\/wp-json\/wp\/v2\/categories?post=53933"},{"taxonomy":"post_tag","embeddable":true,"href":"https:\/\/www.portalalerta.com.br\/index.php\/wp-json\/wp\/v2\/tags?post=53933"}],"curies":[{"name":"wp","href":"https:\/\/api.w.org\/{rel}","templated":true}]}}