{"id":53935,"date":"2024-01-25T00:09:59","date_gmt":"2024-01-25T03:09:59","guid":{"rendered":"https:\/\/www.portalalerta.com.br\/?p=53935"},"modified":"2024-01-25T00:10:00","modified_gmt":"2024-01-25T03:10:00","slug":"esta-destruindo-a-classe-media-greve-geral-na-argentina-protesta-contra-reformas-de-milei","status":"publish","type":"post","link":"https:\/\/www.portalalerta.com.br\/index.php\/2024\/01\/25\/esta-destruindo-a-classe-media-greve-geral-na-argentina-protesta-contra-reformas-de-milei\/","title":{"rendered":"\u2018Est\u00e1 destruindo a classe m\u00e9dia\u2019: greve geral na Argentina protesta contra reformas de Milei"},"content":{"rendered":"\n<p>Contra o Decreto Nacional de Urg\u00eancia, composto por 366 artigos que rapidamente promoveram grandes mudan\u00e7as na legisla\u00e7\u00e3o trabalhista, milhares tomaram as ruas em greve geral na Argentina<\/p>\n\n\n\n<!--more-->\n\n\n\n<p>Milhares de pessoas sa\u00edram \u00e0s ruas na Argentina nesta quarta-feira (24) para fazer a primeira&nbsp;greve geral&nbsp;contra o governo do presidente Javier Milei, apenas 45 dias ap\u00f3s sua posse.<\/p>\n\n\n\n<p>O pa\u00eds, que j\u00e1 estava abalado por uma infla\u00e7\u00e3o anual recorde de 211%, viu as dr\u00e1sticas medidas do novo presidente, l\u00edder do partido&nbsp;<em>La Libertad Avanza,<\/em>&nbsp;piorarem ainda mais o poder de compra da popula\u00e7\u00e3o.<\/p>\n\n\n\n<p>O argentino Cesar Simon Cortez, t\u00e9cnico de audiovisual, falou diretamente da capital Buenos Aires sobre a manifesta\u00e7\u00e3o. Ele disse que a greve reuniu tantas pessoas porque h\u00e1 muitos eleitores arrependidos, que se sentem enganados por uma <strong><em>\u201cgrande mentira eleitoral\u201d<\/em><\/strong>.<\/p>\n\n\n<div class=\"wp-block-image\">\n<figure class=\"alignleft size-large is-resized\"><img fetchpriority=\"high\" decoding=\"async\" src=\"https:\/\/www.portalalerta.com.br\/wp-content\/uploads\/2024\/01\/Volta-as-aulas-Real-Calcados-2023-819x1024.jpg\" alt=\"\" class=\"wp-image-53504\" width=\"387\" height=\"484\" srcset=\"https:\/\/www.portalalerta.com.br\/wp-content\/uploads\/2024\/01\/Volta-as-aulas-Real-Calcados-2023-819x1024.jpg 819w, https:\/\/www.portalalerta.com.br\/wp-content\/uploads\/2024\/01\/Volta-as-aulas-Real-Calcados-2023-192x240.jpg 192w, https:\/\/www.portalalerta.com.br\/wp-content\/uploads\/2024\/01\/Volta-as-aulas-Real-Calcados-2023-768x960.jpg 768w, https:\/\/www.portalalerta.com.br\/wp-content\/uploads\/2024\/01\/Volta-as-aulas-Real-Calcados-2023.jpg 1080w\" sizes=\"(max-width: 387px) 100vw, 387px\" \/><\/figure><\/div>\n\n\n<p><strong><em>\u201cMilei disse uma coisa e fez outra. Ele prometeu combater a infla\u00e7\u00e3o e a evas\u00e3o fiscal das grandes corpora\u00e7\u00f5es, mas agora sobrecarrega as classes mais baixas com impostos e reten\u00e7\u00f5es salariais. Ele est\u00e1 destruindo a classe m\u00e9dia\u201d<\/em><\/strong>, afirmou C\u00e9sar.<\/p>\n\n\n\n<p>A greve geral foi oficialmente convocada pela maior central sindical da&nbsp;Argentina, a Confedera\u00e7\u00e3o Geral do Trabalho (CGT), de orienta\u00e7\u00e3o peronista, com o apoio da Confedera\u00e7\u00e3o dos Trabalhadores Argentinos (CTA), a segunda maior do pa\u00eds.<\/p>\n\n\n\n<p>Al\u00e9m das organiza\u00e7\u00f5es sindicais, a greve tamb\u00e9m \u00e9 apoiada pelas M\u00e3es e Av\u00f3s da Pra\u00e7a de Maio \u2014 grupo formado por mulheres que tiveram seus filhos assassinados ou desaparecidos durante a ditadura militar do pa\u00eds, entre 1976 e 1983.<\/p>\n\n\n\n<p><strong><em>\u201cEssa manifesta\u00e7\u00e3o \u00e9 t\u00e3o grande que reuniu muitas for\u00e7as distintas da sociedade, que foram afetadas pelo DNU [Decreto Nacional de Urg\u00eancia] de Milei. H\u00e1 muita insatisfa\u00e7\u00e3o porque o governo quer tirar o financiamento de v\u00e1rios setores e privatizar tudo\u201d,<\/em><\/strong> afirmou C\u00e9sar.<\/p>\n\n\n\n<p><strong>Decreto Nacional de Urg\u00eancia na Argentina<\/strong><\/p>\n\n\n\n<p>O DNU afetou profundamente diversos setores da sociedade. Composto por 366 artigos, o decreto introduziu rapidamente grandes mudan\u00e7as na legisla\u00e7\u00e3o trabalhista.<\/p>\n\n\n\n<p>Entre elas, a exig\u00eancia de uma cobertura m\u00ednima de 75% em servi\u00e7os essenciais, a possibilidade de demiss\u00f5es por justa causa durante greves que, junto com a dolariza\u00e7\u00e3o da economia, reduziu drasticamente o poder de compra dos trabalhadores.<\/p>\n\n\n\n<p>Devido a esta queda dr\u00e1stica no poder de compra, o argentino viu em dezembro o consumo cair 13,7%, e a produ\u00e7\u00e3o nas pequenas ind\u00fastrias, 26,9%, segundo dados da C\u00e2mara Empresarial CAME.<\/p>\n\n\n\n<p>Todo esse contexto gerou uma situa\u00e7\u00e3o desconfort\u00e1vel para a classe m\u00e9dia e baixa. Cesar destacou a import\u00e2ncia da mobiliza\u00e7\u00e3o para demonstrar a grande insatisfa\u00e7\u00e3o da popula\u00e7\u00e3o com as pol\u00edticas do governo.<\/p>\n\n\n\n<p><strong><em>\u201cQueremos mostrar que mais da metade da popula\u00e7\u00e3o n\u00e3o est\u00e1 de acordo com suas medidas. Al\u00e9m de parar um dia o pa\u00eds, e fazer as corpora\u00e7\u00f5es sentirem no bolso. Queremos mostrar que a rua \u00e9 da gente e que as pol\u00edticas n\u00e3o est\u00e3o sendo ben\u00e9ficas para o pa\u00eds\u201d<\/em><\/strong>.<\/p>\n\n\n\n<p><em>Fonte: R7<\/em><\/p>\n","protected":false},"excerpt":{"rendered":"<p>Contra o Decreto Nacional de Urg\u00eancia, composto por 366 artigos que rapidamente promoveram grandes mudan\u00e7as na legisla\u00e7\u00e3o trabalhista, milhares tomaram as ruas em greve geral na Argentina<\/p>\n","protected":false},"author":2,"featured_media":53936,"comment_status":"open","ping_status":"open","sticky":false,"template":"","format":"standard","meta":{"om_disable_all_campaigns":false,"_monsterinsights_skip_tracking":false,"_monsterinsights_sitenote_active":false,"_monsterinsights_sitenote_note":"","_monsterinsights_sitenote_category":0,"footnotes":""},"categories":[70,35,69,21],"tags":[100,71,48,297,75,4178,4180,129,107,1286,4181,132,230,106,203,120,51,109,88,47,111,190],"class_list":["post-53935","post","type-post","status-publish","format-standard","has-post-thumbnail","hentry","category-destaques","category-mundo","category-noticias2","category-politica","tag-adustina","tag-antas","tag-araci","tag-argentina","tag-cicero-dantas","tag-cipo-2","tag-crisopolis-2","tag-euclides-da-cunha","tag-fatima","tag-greve-geral","tag-heliopolis-2","tag-itapicuru","tag-jeremoabo","tag-nova-soure","tag-novo-triunfo","tag-olindina","tag-paripiranga","tag-quijingue","tag-ribeira-do-amparo","tag-ribeira-do-pombal","tag-sitio-do-quinto","tag-tucano"],"aioseo_notices":[],"_links":{"self":[{"href":"https:\/\/www.portalalerta.com.br\/index.php\/wp-json\/wp\/v2\/posts\/53935","targetHints":{"allow":["GET"]}}],"collection":[{"href":"https:\/\/www.portalalerta.com.br\/index.php\/wp-json\/wp\/v2\/posts"}],"about":[{"href":"https:\/\/www.portalalerta.com.br\/index.php\/wp-json\/wp\/v2\/types\/post"}],"author":[{"embeddable":true,"href":"https:\/\/www.portalalerta.com.br\/index.php\/wp-json\/wp\/v2\/users\/2"}],"replies":[{"embeddable":true,"href":"https:\/\/www.portalalerta.com.br\/index.php\/wp-json\/wp\/v2\/comments?post=53935"}],"version-history":[{"count":1,"href":"https:\/\/www.portalalerta.com.br\/index.php\/wp-json\/wp\/v2\/posts\/53935\/revisions"}],"predecessor-version":[{"id":53937,"href":"https:\/\/www.portalalerta.com.br\/index.php\/wp-json\/wp\/v2\/posts\/53935\/revisions\/53937"}],"wp:featuredmedia":[{"embeddable":true,"href":"https:\/\/www.portalalerta.com.br\/index.php\/wp-json\/wp\/v2\/media\/53936"}],"wp:attachment":[{"href":"https:\/\/www.portalalerta.com.br\/index.php\/wp-json\/wp\/v2\/media?parent=53935"}],"wp:term":[{"taxonomy":"category","embeddable":true,"href":"https:\/\/www.portalalerta.com.br\/index.php\/wp-json\/wp\/v2\/categories?post=53935"},{"taxonomy":"post_tag","embeddable":true,"href":"https:\/\/www.portalalerta.com.br\/index.php\/wp-json\/wp\/v2\/tags?post=53935"}],"curies":[{"name":"wp","href":"https:\/\/api.w.org\/{rel}","templated":true}]}}