{"id":53938,"date":"2024-01-25T00:16:45","date_gmt":"2024-01-25T03:16:45","guid":{"rendered":"https:\/\/www.portalalerta.com.br\/?p=53938"},"modified":"2024-01-25T00:16:46","modified_gmt":"2024-01-25T03:16:46","slug":"ribeira-do-pombal-ba-centro-multidisciplinar-de-apoio-pedagogico-e-psicossocial-cemapp-retorna-seus-atendimentos","status":"publish","type":"post","link":"https:\/\/www.portalalerta.com.br\/index.php\/2024\/01\/25\/ribeira-do-pombal-ba-centro-multidisciplinar-de-apoio-pedagogico-e-psicossocial-cemapp-retorna-seus-atendimentos\/","title":{"rendered":"Ribeira do Pombal-BA: Centro Multidisciplinar de Apoio Pedag\u00f3gico e Psicossocial- CEMAPP retorna seus atendimentos"},"content":{"rendered":"\n<p>O Centro Multidisciplinar de Apoio Pedag\u00f3gico e Psicossocial- CEMAPP atende crian\u00e7as e adolescentes que est\u00e3o matriculados na rede municipal de ensino funciona das 8:20 \u00e0s 12h da e das 14:00 \u00e0s 17:20, e retornou seus atendimentos na \u00faltima ter\u00e7a-feira (23).<\/p>\n\n\n\n<!--more-->\n\n\n<div class=\"wp-block-image\">\n<figure class=\"alignleft size-full\"><img fetchpriority=\"high\" decoding=\"async\" width=\"400\" height=\"300\" src=\"https:\/\/www.portalalerta.com.br\/wp-content\/uploads\/2023\/01\/Auto-Escola-Sonho.jpg\" alt=\"\" class=\"wp-image-47083\" srcset=\"https:\/\/www.portalalerta.com.br\/wp-content\/uploads\/2023\/01\/Auto-Escola-Sonho.jpg 400w, https:\/\/www.portalalerta.com.br\/wp-content\/uploads\/2023\/01\/Auto-Escola-Sonho-320x240.jpg 320w\" sizes=\"(max-width: 400px) 100vw, 400px\" \/><\/figure><\/div>\n\n\n<p>Essa iniciativa vem fazendo a diferen\u00e7a, sobretudo na vida de professores e alunos da rede municipal de ensino. Com o trabalho de uma equipe multidisciplinar que conta com os servi\u00e7os de psicologia, psicopedagogia, assist\u00eancia social, musicoterapia, arteterapia, terapia ocupacional e psicomotricidade, realizados por profissionais especializados que trabalham em conjunto com o intuito de promover bem-estar emocional e psicol\u00f3gico aos estudantes da rede municipal de ensino.<\/p>\n\n\n\n<p>A Prefeitura de Ribeira do Pombal refor\u00e7a a import\u00e2ncia desse apoio \u00e0 comunidade escolar, que promove a inclus\u00e3o dos alunos e fornece suporte pedag\u00f3gico, fortalecendo assim os la\u00e7os entre fam\u00edlia e escola, al\u00e9m de desempenhar um papel crucial no suporte integral aos alunos e na cria\u00e7\u00e3o de um ambiente escolar saud\u00e1vel e acolhedor.<\/p>\n\n\n\n<p><em>Fonte: SECOM\/ Ribeira do Pombal<\/em><\/p>\n","protected":false},"excerpt":{"rendered":"<p>O Centro Multidisciplinar de Apoio Pedag\u00f3gico e Psicossocial- CEMAPP atende crian\u00e7as e adolescentes que est\u00e3o matriculados na rede municipal de ensino funciona das 8:20 \u00e0s 12h da e das 14:00 \u00e0s 17:20, e retornou seus atendimentos na \u00faltima ter\u00e7a-feira (23).<\/p>\n","protected":false},"author":2,"featured_media":53939,"comment_status":"open","ping_status":"open","sticky":false,"template":"","format":"standard","meta":{"om_disable_all_campaigns":false,"_monsterinsights_skip_tracking":false,"_monsterinsights_sitenote_active":false,"_monsterinsights_sitenote_note":"","_monsterinsights_sitenote_category":0,"footnotes":""},"categories":[70,20,69,3],"tags":[100,71,48,4474,75,4178,4180,140,129,107,4181,132,230,106,203,120,51,109,88,47,111,190],"class_list":["post-53938","post","type-post","status-publish","format-standard","has-post-thumbnail","hentry","category-destaques","category-educacao","category-noticias2","category-ribeira-do-pombal","tag-adustina","tag-antas","tag-araci","tag-cemapp","tag-cicero-dantas","tag-cipo-2","tag-crisopolis-2","tag-educacao","tag-euclides-da-cunha","tag-fatima","tag-heliopolis-2","tag-itapicuru","tag-jeremoabo","tag-nova-soure","tag-novo-triunfo","tag-olindina","tag-paripiranga","tag-quijingue","tag-ribeira-do-amparo","tag-ribeira-do-pombal","tag-sitio-do-quinto","tag-tucano"],"aioseo_notices":[],"_links":{"self":[{"href":"https:\/\/www.portalalerta.com.br\/index.php\/wp-json\/wp\/v2\/posts\/53938","targetHints":{"allow":["GET"]}}],"collection":[{"href":"https:\/\/www.portalalerta.com.br\/index.php\/wp-json\/wp\/v2\/posts"}],"about":[{"href":"https:\/\/www.portalalerta.com.br\/index.php\/wp-json\/wp\/v2\/types\/post"}],"author":[{"embeddable":true,"href":"https:\/\/www.portalalerta.com.br\/index.php\/wp-json\/wp\/v2\/users\/2"}],"replies":[{"embeddable":true,"href":"https:\/\/www.portalalerta.com.br\/index.php\/wp-json\/wp\/v2\/comments?post=53938"}],"version-history":[{"count":1,"href":"https:\/\/www.portalalerta.com.br\/index.php\/wp-json\/wp\/v2\/posts\/53938\/revisions"}],"predecessor-version":[{"id":53940,"href":"https:\/\/www.portalalerta.com.br\/index.php\/wp-json\/wp\/v2\/posts\/53938\/revisions\/53940"}],"wp:featuredmedia":[{"embeddable":true,"href":"https:\/\/www.portalalerta.com.br\/index.php\/wp-json\/wp\/v2\/media\/53939"}],"wp:attachment":[{"href":"https:\/\/www.portalalerta.com.br\/index.php\/wp-json\/wp\/v2\/media?parent=53938"}],"wp:term":[{"taxonomy":"category","embeddable":true,"href":"https:\/\/www.portalalerta.com.br\/index.php\/wp-json\/wp\/v2\/categories?post=53938"},{"taxonomy":"post_tag","embeddable":true,"href":"https:\/\/www.portalalerta.com.br\/index.php\/wp-json\/wp\/v2\/tags?post=53938"}],"curies":[{"name":"wp","href":"https:\/\/api.w.org\/{rel}","templated":true}]}}