{"id":53941,"date":"2024-01-25T00:21:41","date_gmt":"2024-01-25T03:21:41","guid":{"rendered":"https:\/\/www.portalalerta.com.br\/?p=53941"},"modified":"2024-01-25T00:21:42","modified_gmt":"2024-01-25T03:21:42","slug":"plantacao-com-mais-de-35-mil-pes-de-maconha-e-erradicada-em-curaca-ba","status":"publish","type":"post","link":"https:\/\/www.portalalerta.com.br\/index.php\/2024\/01\/25\/plantacao-com-mais-de-35-mil-pes-de-maconha-e-erradicada-em-curaca-ba\/","title":{"rendered":"Planta\u00e7\u00e3o com mais de 35 mil p\u00e9s de maconha \u00e9 erradicada em Cura\u00e7\u00e1-BA"},"content":{"rendered":"\n<p>A\u00e7\u00e3o policial em Cura\u00e7\u00e1, Bahia, elimina planta\u00e7\u00e3o com mais de 35 mil p\u00e9s de maconha, ap\u00f3s detec\u00e7\u00e3o via sat\u00e9lite.<\/p>\n\n\n\n<!--more-->\n\n\n\n<p>Em uma a\u00e7\u00e3o conjunta realizada no in\u00edcio da manh\u00e3 desta quarta-feira, 24, a pol\u00edcia erradicou uma planta\u00e7\u00e3o com mais de 35 mil p\u00e9s de\u00a0maconha\u00a0na cidade de Cura\u00e7\u00e1, situada na regi\u00e3o norte da Bahia. A opera\u00e7\u00e3o contou com a participa\u00e7\u00e3o de equipes da Companhia Independente de Policiamento Especializado (Cipe) Caatinga, da 45\u00aa Companhia Independente da Pol\u00edcia Militar (CIPM) de Cura\u00e7\u00e1 e da Delegacia de Pol\u00edcia Federal de Juazeiro.<\/p>\n\n\n<div class=\"wp-block-image\">\n<figure class=\"alignleft size-large is-resized\"><img fetchpriority=\"high\" decoding=\"async\" src=\"https:\/\/www.portalalerta.com.br\/wp-content\/uploads\/2024\/01\/Volta-as-aulas-Real-Calcados-2023-819x1024.jpg\" alt=\"\" class=\"wp-image-53504\" width=\"440\" height=\"550\" srcset=\"https:\/\/www.portalalerta.com.br\/wp-content\/uploads\/2024\/01\/Volta-as-aulas-Real-Calcados-2023-819x1024.jpg 819w, https:\/\/www.portalalerta.com.br\/wp-content\/uploads\/2024\/01\/Volta-as-aulas-Real-Calcados-2023-192x240.jpg 192w, https:\/\/www.portalalerta.com.br\/wp-content\/uploads\/2024\/01\/Volta-as-aulas-Real-Calcados-2023-768x960.jpg 768w, https:\/\/www.portalalerta.com.br\/wp-content\/uploads\/2024\/01\/Volta-as-aulas-Real-Calcados-2023.jpg 1080w\" sizes=\"(max-width: 440px) 100vw, 440px\" \/><\/figure><\/div>\n\n\n<p>Conforme relatado pela\u00a0Pol\u00edcia Militar, a localiza\u00e7\u00e3o do plantio foi poss\u00edvel gra\u00e7as \u00e0 an\u00e1lise de imagens obtidas via sat\u00e9lite. A planta\u00e7\u00e3o foi encontrada em uma ro\u00e7a na \u00e1rea rural do munic\u00edpio. Durante a opera\u00e7\u00e3o, os p\u00e9s da erva foram arrancados e posteriormente incinerados no local. At\u00e9 o momento, n\u00e3o foram divulgadas informa\u00e7\u00f5es sobre a propriedade do terreno onde a maconha foi cultivada.<\/p>\n\n\n\n<p>Al\u00e9m da erradica\u00e7\u00e3o da planta\u00e7\u00e3o, mudas do material foram coletadas e encaminhadas para apresenta\u00e7\u00e3o na Delegacia da\u00a0Pol\u00edcia Federal. Este procedimento faz parte do protocolo de investiga\u00e7\u00e3o para identificar poss\u00edveis envolvidos no cultivo ilegal.<\/p>\n\n\n\n<p>A a\u00e7\u00e3o desta quarta-feira destaca o cont\u00ednuo esfor\u00e7o das for\u00e7as de seguran\u00e7a na regi\u00e3o no combate ao cultivo e\u00a0tr\u00e1fico de drogas. A opera\u00e7\u00e3o integrada entre as diferentes unidades policiais refor\u00e7a a colabora\u00e7\u00e3o entre as for\u00e7as estaduais e federais no enfrentamento a atividades criminosas. A investiga\u00e7\u00e3o segue em andamento para identificar os respons\u00e1veis pela planta\u00e7\u00e3o e entender a dimens\u00e3o da rede envolvida neste caso.<\/p>\n\n\n\n<p><em>Fonte: Chico Sabe Tudo<\/em><\/p>\n","protected":false},"excerpt":{"rendered":"<p>A\u00e7\u00e3o policial em Cura\u00e7\u00e1, Bahia, elimina planta\u00e7\u00e3o com mais de 35 mil p\u00e9s de maconha, ap\u00f3s detec\u00e7\u00e3o via sat\u00e9lite.<\/p>\n","protected":false},"author":2,"featured_media":53942,"comment_status":"open","ping_status":"open","sticky":false,"template":"","format":"standard","meta":{"om_disable_all_campaigns":false,"_monsterinsights_skip_tracking":false,"_monsterinsights_sitenote_active":false,"_monsterinsights_sitenote_note":"","_monsterinsights_sitenote_category":0,"footnotes":""},"categories":[33,70,69,22],"tags":[100,71,48,54,75,4178,4180,2638,129,107,4181,132,230,106,203,120,51,788,109,88,47,111,190],"class_list":["post-53941","post","type-post","status-publish","format-standard","has-post-thumbnail","hentry","category-bahia","category-destaques","category-noticias2","category-seguranca","tag-adustina","tag-antas","tag-araci","tag-bahia","tag-cicero-dantas","tag-cipo-2","tag-crisopolis-2","tag-curaca","tag-euclides-da-cunha","tag-fatima","tag-heliopolis-2","tag-itapicuru","tag-jeremoabo","tag-nova-soure","tag-novo-triunfo","tag-olindina","tag-paripiranga","tag-plantacao-de-maconha","tag-quijingue","tag-ribeira-do-amparo","tag-ribeira-do-pombal","tag-sitio-do-quinto","tag-tucano"],"aioseo_notices":[],"_links":{"self":[{"href":"https:\/\/www.portalalerta.com.br\/index.php\/wp-json\/wp\/v2\/posts\/53941","targetHints":{"allow":["GET"]}}],"collection":[{"href":"https:\/\/www.portalalerta.com.br\/index.php\/wp-json\/wp\/v2\/posts"}],"about":[{"href":"https:\/\/www.portalalerta.com.br\/index.php\/wp-json\/wp\/v2\/types\/post"}],"author":[{"embeddable":true,"href":"https:\/\/www.portalalerta.com.br\/index.php\/wp-json\/wp\/v2\/users\/2"}],"replies":[{"embeddable":true,"href":"https:\/\/www.portalalerta.com.br\/index.php\/wp-json\/wp\/v2\/comments?post=53941"}],"version-history":[{"count":1,"href":"https:\/\/www.portalalerta.com.br\/index.php\/wp-json\/wp\/v2\/posts\/53941\/revisions"}],"predecessor-version":[{"id":53943,"href":"https:\/\/www.portalalerta.com.br\/index.php\/wp-json\/wp\/v2\/posts\/53941\/revisions\/53943"}],"wp:featuredmedia":[{"embeddable":true,"href":"https:\/\/www.portalalerta.com.br\/index.php\/wp-json\/wp\/v2\/media\/53942"}],"wp:attachment":[{"href":"https:\/\/www.portalalerta.com.br\/index.php\/wp-json\/wp\/v2\/media?parent=53941"}],"wp:term":[{"taxonomy":"category","embeddable":true,"href":"https:\/\/www.portalalerta.com.br\/index.php\/wp-json\/wp\/v2\/categories?post=53941"},{"taxonomy":"post_tag","embeddable":true,"href":"https:\/\/www.portalalerta.com.br\/index.php\/wp-json\/wp\/v2\/tags?post=53941"}],"curies":[{"name":"wp","href":"https:\/\/api.w.org\/{rel}","templated":true}]}}