{"id":53944,"date":"2024-01-25T00:31:43","date_gmt":"2024-01-25T03:31:43","guid":{"rendered":"https:\/\/www.portalalerta.com.br\/?p=53944"},"modified":"2024-01-25T00:31:44","modified_gmt":"2024-01-25T03:31:44","slug":"acidente-na-br-110-carreta-carregada-de-milho-tomba-interrompe-trafego-mas-sem-vitimas","status":"publish","type":"post","link":"https:\/\/www.portalalerta.com.br\/index.php\/2024\/01\/25\/acidente-na-br-110-carreta-carregada-de-milho-tomba-interrompe-trafego-mas-sem-vitimas\/","title":{"rendered":"Acidente na BR-110: Carreta carregada de milho tomba, interrompe tr\u00e1fego, mas sem v\u00edtimas"},"content":{"rendered":"\n<p>Na tarde desta quarta-feira (24), uma carreta carregada de milho tombou na BR-110, pr\u00f3ximo \u00e0 entrada do povoado Tapera, em Ribeira do Pombal-BA. Felizmente, n\u00e3o houve v\u00edtimas no acidente. O ve\u00edculo ficou atravessado na pista, interrompendo o fluxo de tr\u00e1fego, enquanto a carga de milho se espalhou pela via.<\/p>\n\n\n\n<!--more-->\n\n\n\n<p>De acordo com informa\u00e7\u00f5es preliminares um dos reboques se soltou do ve\u00edculo, e sem controle virou na rodovia, sem atingir nenhum ve\u00edculo. O cavalinho n\u00e3o sofreu acidente. Autoridades competentes est\u00e3o no local para realizar a remo\u00e7\u00e3o da carreta e restabelecer a normalidade no tr\u00e2nsito.<\/p>\n\n\n\n<p><em>Fonte: Dia a Dia Nordeste<\/em><\/p>\n\n\n\n<p><em>Edi\u00e7\u00e3o: Portal Alerta<\/em><\/p>\n","protected":false},"excerpt":{"rendered":"<p>Na tarde desta quarta-feira (24), uma carreta carregada de milho tombou na BR-110, pr\u00f3ximo \u00e0 entrada do povoado Tapera, em Ribeira do Pombal-BA. Felizmente, n\u00e3o houve v\u00edtimas no acidente. O ve\u00edculo ficou atravessado na pista, interrompendo o fluxo de tr\u00e1fego, enquanto a carga de milho se espalhou pela via.<\/p>\n","protected":false},"author":2,"featured_media":53945,"comment_status":"open","ping_status":"open","sticky":false,"template":"","format":"standard","meta":{"om_disable_all_campaigns":false,"_monsterinsights_skip_tracking":false,"_monsterinsights_sitenote_active":false,"_monsterinsights_sitenote_note":"","_monsterinsights_sitenote_category":0,"footnotes":""},"categories":[70,69,32,3],"tags":[166,100,71,48,126,75,4178,4180,129,107,4181,132,230,106,203,120,51,109,88,47,111,190],"class_list":["post-53944","post","type-post","status-publish","format-standard","has-post-thumbnail","hentry","category-destaques","category-noticias2","category-regiao","category-ribeira-do-pombal","tag-acidente","tag-adustina","tag-antas","tag-araci","tag-br-110","tag-cicero-dantas","tag-cipo-2","tag-crisopolis-2","tag-euclides-da-cunha","tag-fatima","tag-heliopolis-2","tag-itapicuru","tag-jeremoabo","tag-nova-soure","tag-novo-triunfo","tag-olindina","tag-paripiranga","tag-quijingue","tag-ribeira-do-amparo","tag-ribeira-do-pombal","tag-sitio-do-quinto","tag-tucano"],"aioseo_notices":[],"_links":{"self":[{"href":"https:\/\/www.portalalerta.com.br\/index.php\/wp-json\/wp\/v2\/posts\/53944","targetHints":{"allow":["GET"]}}],"collection":[{"href":"https:\/\/www.portalalerta.com.br\/index.php\/wp-json\/wp\/v2\/posts"}],"about":[{"href":"https:\/\/www.portalalerta.com.br\/index.php\/wp-json\/wp\/v2\/types\/post"}],"author":[{"embeddable":true,"href":"https:\/\/www.portalalerta.com.br\/index.php\/wp-json\/wp\/v2\/users\/2"}],"replies":[{"embeddable":true,"href":"https:\/\/www.portalalerta.com.br\/index.php\/wp-json\/wp\/v2\/comments?post=53944"}],"version-history":[{"count":1,"href":"https:\/\/www.portalalerta.com.br\/index.php\/wp-json\/wp\/v2\/posts\/53944\/revisions"}],"predecessor-version":[{"id":53946,"href":"https:\/\/www.portalalerta.com.br\/index.php\/wp-json\/wp\/v2\/posts\/53944\/revisions\/53946"}],"wp:featuredmedia":[{"embeddable":true,"href":"https:\/\/www.portalalerta.com.br\/index.php\/wp-json\/wp\/v2\/media\/53945"}],"wp:attachment":[{"href":"https:\/\/www.portalalerta.com.br\/index.php\/wp-json\/wp\/v2\/media?parent=53944"}],"wp:term":[{"taxonomy":"category","embeddable":true,"href":"https:\/\/www.portalalerta.com.br\/index.php\/wp-json\/wp\/v2\/categories?post=53944"},{"taxonomy":"post_tag","embeddable":true,"href":"https:\/\/www.portalalerta.com.br\/index.php\/wp-json\/wp\/v2\/tags?post=53944"}],"curies":[{"name":"wp","href":"https:\/\/api.w.org\/{rel}","templated":true}]}}