{"id":53950,"date":"2024-01-25T09:01:00","date_gmt":"2024-01-25T12:01:00","guid":{"rendered":"https:\/\/www.portalalerta.com.br\/?p=53950"},"modified":"2024-01-25T00:40:56","modified_gmt":"2024-01-25T03:40:56","slug":"lideres-da-oposicao-e-presidente-do-stf-debatem-imparcialidade-do-ministro-morais-nos-inqueritos-dos-atos-de-8-de-janeiro","status":"publish","type":"post","link":"https:\/\/www.portalalerta.com.br\/index.php\/2024\/01\/25\/lideres-da-oposicao-e-presidente-do-stf-debatem-imparcialidade-do-ministro-morais-nos-inqueritos-dos-atos-de-8-de-janeiro\/","title":{"rendered":"L\u00edderes da oposi\u00e7\u00e3o e presidente do STF debatem imparcialidade do ministro Morais nos inqu\u00e9ritos dos atos de 8 de janeiro"},"content":{"rendered":"\n<p>Debate no STF destaca preocupa\u00e7\u00f5es sobre a condu\u00e7\u00e3o das investiga\u00e7\u00f5es dos eventos de 8 de janeiro.<\/p>\n\n\n\n<!--more-->\n\n\n\n<p>Na \u00faltima quarta-feira (24\/1), uma reuni\u00e3o de destaque ocorreu no\u00a0Supremo Tribunal Federal\u00a0(STF), onde l\u00edderes da oposi\u00e7\u00e3o, incluindo Rog\u00e9rio Marinho (PL-RN) e outros parlamentares, discutiram com o presidente do STF, Lu\u00eds Roberto Barroso, sobre os inqu\u00e9ritos relacionados aos atos de\u00a08 de janeiro.<\/p>\n\n\n<div class=\"wp-block-image\">\n<figure class=\"alignleft size-full\"><img fetchpriority=\"high\" decoding=\"async\" width=\"400\" height=\"300\" src=\"https:\/\/www.portalalerta.com.br\/wp-content\/uploads\/2023\/01\/Auto-Escola-Sonho.jpg\" alt=\"\" class=\"wp-image-47083\" srcset=\"https:\/\/www.portalalerta.com.br\/wp-content\/uploads\/2023\/01\/Auto-Escola-Sonho.jpg 400w, https:\/\/www.portalalerta.com.br\/wp-content\/uploads\/2023\/01\/Auto-Escola-Sonho-320x240.jpg 320w\" sizes=\"(max-width: 400px) 100vw, 400px\" \/><\/figure><\/div>\n\n\n<p>Durante o encontro, que durou aproximadamente uma hora, os senadores apresentaram suas apreens\u00f5es acerca da gest\u00e3o das investiga\u00e7\u00f5es dos eventos antidemocr\u00e1ticos de 8 de janeiro. Um ponto central da discuss\u00e3o foi a participa\u00e7\u00e3o do ministro\u00a0Alexandre de Moraes\u00a0na condu\u00e7\u00e3o dos inqu\u00e9ritos. Rog\u00e9rio Marinho, ao representar a voz da oposi\u00e7\u00e3o, defendeu a necessidade de Moraes se afastar da relatoria, citando uma entrevista onde Moraes se referiu a si mesmo e a sua fam\u00edlia como potenciais alvos das manifesta\u00e7\u00f5es.<\/p>\n\n\n\n<p>A conversa tamb\u00e9m abordou a opera\u00e7\u00e3o recente contra o deputado Carlos Jordy (PL-RJ), liderada pelo STF e executada pela\u00a0Pol\u00edcia Federal. Esta opera\u00e7\u00e3o, denominada Lesa P\u00e1tria, tinha como foco identificar indiv\u00edduos envolvidos no planejamento, financiamento e incita\u00e7\u00e3o de atos antidemocr\u00e1ticos. Apesar de n\u00e3o contestar a autoriza\u00e7\u00e3o dos mandados de busca e apreens\u00e3o, Marinho expressou inquieta\u00e7\u00e3o quanto ao m\u00e9todo adotado pelo STF em abrir inqu\u00e9ritos de of\u00edcio, uma pr\u00e1tica que tem se tornado comum desde 2019.<\/p>\n\n\n\n<p>Os senadores n\u00e3o est\u00e3o em posi\u00e7\u00e3o de fazer um pedido formal para que Moraes deixe a relatoria dos inqu\u00e9ritos, j\u00e1 que n\u00e3o s\u00e3o parte das investiga\u00e7\u00f5es. Contudo, em nota divulgada anteriormente, a oposi\u00e7\u00e3o j\u00e1 havia solicitado que Moraes se declarasse suspeito para julgar os atos de 8 de janeiro, alegando falta de imparcialidade devido a declara\u00e7\u00f5es p\u00fablicas onde ele se coloca como v\u00edtima das amea\u00e7as. Eles argumentam que a situa\u00e7\u00e3o atual coloca Moraes na posi\u00e7\u00e3o de v\u00edtima, investigador e julgador, o que compromete a imparcialidade esperada em tais casos.<\/p>\n\n\n\n<p>A nota \u00e9 assinada por membros da oposi\u00e7\u00e3o, incluindo Rog\u00e9rio Marinho (PL-RN), Ciro Nogueira (PP-PI), Fl\u00e1vio Bolsonaro (PL-RJ), Carlos Portinho (PL-RJ), Tereza Cristina (PP-MS), Mecias de Jesus (Republicanos-RR), Izalci Lucas (PSDB-DF) e Eduardo Gir\u00e3o (Novo-CE). Estes parlamentares refor\u00e7am a necessidade de uma postura republicana e a busca pela pacifica\u00e7\u00e3o do pa\u00eds, respeitando a lei e a defesa da Constitui\u00e7\u00e3o.<\/p>\n\n\n\n<p><em>Fonte: Chico Sabe Tudo<\/em><\/p>\n","protected":false},"excerpt":{"rendered":"<p>Debate no STF destaca preocupa\u00e7\u00f5es sobre a condu\u00e7\u00e3o das investiga\u00e7\u00f5es dos eventos de 8 de janeiro.<\/p>\n","protected":false},"author":2,"featured_media":16331,"comment_status":"open","ping_status":"open","sticky":false,"template":"","format":"standard","meta":{"om_disable_all_campaigns":false,"_monsterinsights_skip_tracking":false,"_monsterinsights_sitenote_active":false,"_monsterinsights_sitenote_note":"","_monsterinsights_sitenote_category":0,"footnotes":""},"categories":[34,70,69,21],"tags":[100,1173,71,48,93,75,4178,4180,129,107,4181,132,230,106,203,120,646,51,109,88,47,111,216,190],"class_list":["post-53950","post","type-post","status-publish","format-standard","has-post-thumbnail","hentry","category-brasil","category-destaques","category-noticias2","category-politica","tag-adustina","tag-alexandre-de-moraes","tag-antas","tag-araci","tag-brasil","tag-cicero-dantas","tag-cipo-2","tag-crisopolis-2","tag-euclides-da-cunha","tag-fatima","tag-heliopolis-2","tag-itapicuru","tag-jeremoabo","tag-nova-soure","tag-novo-triunfo","tag-olindina","tag-oposicao","tag-paripiranga","tag-quijingue","tag-ribeira-do-amparo","tag-ribeira-do-pombal","tag-sitio-do-quinto","tag-stf","tag-tucano"],"aioseo_notices":[],"_links":{"self":[{"href":"https:\/\/www.portalalerta.com.br\/index.php\/wp-json\/wp\/v2\/posts\/53950","targetHints":{"allow":["GET"]}}],"collection":[{"href":"https:\/\/www.portalalerta.com.br\/index.php\/wp-json\/wp\/v2\/posts"}],"about":[{"href":"https:\/\/www.portalalerta.com.br\/index.php\/wp-json\/wp\/v2\/types\/post"}],"author":[{"embeddable":true,"href":"https:\/\/www.portalalerta.com.br\/index.php\/wp-json\/wp\/v2\/users\/2"}],"replies":[{"embeddable":true,"href":"https:\/\/www.portalalerta.com.br\/index.php\/wp-json\/wp\/v2\/comments?post=53950"}],"version-history":[{"count":1,"href":"https:\/\/www.portalalerta.com.br\/index.php\/wp-json\/wp\/v2\/posts\/53950\/revisions"}],"predecessor-version":[{"id":53951,"href":"https:\/\/www.portalalerta.com.br\/index.php\/wp-json\/wp\/v2\/posts\/53950\/revisions\/53951"}],"wp:featuredmedia":[{"embeddable":true,"href":"https:\/\/www.portalalerta.com.br\/index.php\/wp-json\/wp\/v2\/media\/16331"}],"wp:attachment":[{"href":"https:\/\/www.portalalerta.com.br\/index.php\/wp-json\/wp\/v2\/media?parent=53950"}],"wp:term":[{"taxonomy":"category","embeddable":true,"href":"https:\/\/www.portalalerta.com.br\/index.php\/wp-json\/wp\/v2\/categories?post=53950"},{"taxonomy":"post_tag","embeddable":true,"href":"https:\/\/www.portalalerta.com.br\/index.php\/wp-json\/wp\/v2\/tags?post=53950"}],"curies":[{"name":"wp","href":"https:\/\/api.w.org\/{rel}","templated":true}]}}