{"id":54154,"date":"2024-02-03T16:57:44","date_gmt":"2024-02-03T19:57:44","guid":{"rendered":"https:\/\/www.portalalerta.com.br\/?p=54154"},"modified":"2024-02-03T16:57:45","modified_gmt":"2024-02-03T19:57:45","slug":"vai-comecar-a-copa-rural-2024-em-ribeira-do-pombal-ba","status":"publish","type":"post","link":"https:\/\/www.portalalerta.com.br\/index.php\/2024\/02\/03\/vai-comecar-a-copa-rural-2024-em-ribeira-do-pombal-ba\/","title":{"rendered":"Vai come\u00e7ar a Copa Rural 2024, em Ribeira do Pombal-BA"},"content":{"rendered":"\n<p>A Prefeitura de Ribeira do Pombal-BA, atrav\u00e9s da Secretaria Municipal de Esportes, tem a satisfa\u00e7\u00e3o de anunciar o in\u00edcio da aguardada Copa Rural, que ter\u00e1 in\u00edcio 17 de fevereiro, \u00e0s 15h.<\/p>\n\n\n\n<!--more-->\n\n\n\n<p>A Copa Rural de futebol, realizado nas comunidades rurais da cidade, visa n\u00e3o s\u00f3 incentivar a pr\u00e1tica desportiva, mas tamb\u00e9m estreitar os la\u00e7os entre as comunidades e promover a integra\u00e7\u00e3o atrav\u00e9s do esporte.<\/p>\n\n\n<div class=\"wp-block-image\">\n<figure class=\"alignleft size-full\"><img fetchpriority=\"high\" decoding=\"async\" width=\"400\" height=\"300\" src=\"https:\/\/www.portalalerta.com.br\/wp-content\/uploads\/2023\/01\/Auto-Escola-Sonho.jpg\" alt=\"\" class=\"wp-image-47083\" srcset=\"https:\/\/www.portalalerta.com.br\/wp-content\/uploads\/2023\/01\/Auto-Escola-Sonho.jpg 400w, https:\/\/www.portalalerta.com.br\/wp-content\/uploads\/2023\/01\/Auto-Escola-Sonho-320x240.jpg 320w\" sizes=\"(max-width: 400px) 100vw, 400px\" \/><\/figure><\/div>\n\n\n<p>V\u00e1rias equipes de comunidades rurais participar\u00e3o da competi\u00e7\u00e3o, proporcionando finais de semana emocionantes para toda popula\u00e7\u00e3o pombalense. Mais do que entretenimento, a competi\u00e7\u00e3o tem como objetivo mostrar talentos locais, dar visibilidade aos atletas e abrir portas para futuras oportunidades no esporte.<\/p>\n\n\n\n<p>A premia\u00e7\u00e3o total de R$ 25 mil, distribu\u00edda entre os vencedores e destaques individuais, \u00e9 uma prova do compromisso da Prefeitura com o desenvolvimento esportivo. O prefeito Erickson Silva enfatizou a import\u00e2ncia do esporte como ferramenta para promover a inclus\u00e3o e a valoriza\u00e7\u00e3o da comunidade.<\/p>\n\n\n\n<p><em>Fonte: SECOM\/ Ribeira do Pombal<\/em><\/p>\n","protected":false},"excerpt":{"rendered":"<p>A Prefeitura de Ribeira do Pombal-BA, atrav\u00e9s da Secretaria Municipal de Esportes, tem a satisfa\u00e7\u00e3o de anunciar o in\u00edcio da aguardada Copa Rural, que ter\u00e1 in\u00edcio 17 de fevereiro, \u00e0s 15h.<\/p>\n","protected":false},"author":2,"featured_media":54149,"comment_status":"open","ping_status":"open","sticky":false,"template":"","format":"standard","meta":{"om_disable_all_campaigns":false,"_monsterinsights_skip_tracking":false,"_monsterinsights_sitenote_active":false,"_monsterinsights_sitenote_note":"","_monsterinsights_sitenote_category":0,"footnotes":""},"categories":[70,2,69,32,3],"tags":[6538,100,71,48,75,4178,98,4180,96,129,107,97,4181,132,230,106,203,120,51,109,88,47,111,190],"class_list":["post-54154","post","type-post","status-publish","format-standard","has-post-thumbnail","hentry","category-destaques","category-esportes","category-noticias2","category-regiao","category-ribeira-do-pombal","tag-6538","tag-adustina","tag-antas","tag-araci","tag-cicero-dantas","tag-cipo-2","tag-copa-rural","tag-crisopolis-2","tag-esporte","tag-euclides-da-cunha","tag-fatima","tag-futebol","tag-heliopolis-2","tag-itapicuru","tag-jeremoabo","tag-nova-soure","tag-novo-triunfo","tag-olindina","tag-paripiranga","tag-quijingue","tag-ribeira-do-amparo","tag-ribeira-do-pombal","tag-sitio-do-quinto","tag-tucano"],"aioseo_notices":[],"_links":{"self":[{"href":"https:\/\/www.portalalerta.com.br\/index.php\/wp-json\/wp\/v2\/posts\/54154","targetHints":{"allow":["GET"]}}],"collection":[{"href":"https:\/\/www.portalalerta.com.br\/index.php\/wp-json\/wp\/v2\/posts"}],"about":[{"href":"https:\/\/www.portalalerta.com.br\/index.php\/wp-json\/wp\/v2\/types\/post"}],"author":[{"embeddable":true,"href":"https:\/\/www.portalalerta.com.br\/index.php\/wp-json\/wp\/v2\/users\/2"}],"replies":[{"embeddable":true,"href":"https:\/\/www.portalalerta.com.br\/index.php\/wp-json\/wp\/v2\/comments?post=54154"}],"version-history":[{"count":1,"href":"https:\/\/www.portalalerta.com.br\/index.php\/wp-json\/wp\/v2\/posts\/54154\/revisions"}],"predecessor-version":[{"id":54155,"href":"https:\/\/www.portalalerta.com.br\/index.php\/wp-json\/wp\/v2\/posts\/54154\/revisions\/54155"}],"wp:featuredmedia":[{"embeddable":true,"href":"https:\/\/www.portalalerta.com.br\/index.php\/wp-json\/wp\/v2\/media\/54149"}],"wp:attachment":[{"href":"https:\/\/www.portalalerta.com.br\/index.php\/wp-json\/wp\/v2\/media?parent=54154"}],"wp:term":[{"taxonomy":"category","embeddable":true,"href":"https:\/\/www.portalalerta.com.br\/index.php\/wp-json\/wp\/v2\/categories?post=54154"},{"taxonomy":"post_tag","embeddable":true,"href":"https:\/\/www.portalalerta.com.br\/index.php\/wp-json\/wp\/v2\/tags?post=54154"}],"curies":[{"name":"wp","href":"https:\/\/api.w.org\/{rel}","templated":true}]}}