{"id":54321,"date":"2024-02-09T22:55:33","date_gmt":"2024-02-10T01:55:33","guid":{"rendered":"https:\/\/www.portalalerta.com.br\/?p=54321"},"modified":"2024-02-09T23:11:14","modified_gmt":"2024-02-10T02:11:14","slug":"decisao-de-moraes-troca-tres-vezes-a-palavra-como-por-corno","status":"publish","type":"post","link":"https:\/\/www.portalalerta.com.br\/index.php\/2024\/02\/09\/decisao-de-moraes-troca-tres-vezes-a-palavra-como-por-corno\/","title":{"rendered":"Decis\u00e3o de Moraes troca tr\u00eas vezes a palavra \u201ccomo\u201d por \u201ccorno"},"content":{"rendered":"\n<p>A decis\u00e3o do ministro do Supremo Tribunal Federal (STF) que autorizou a&nbsp;opera\u00e7\u00e3o da Pol\u00edcia Federal (PF) contra o ex-presidente Jair Bolsonaro (PL) e seus aliados, nesta quinta-feira (8\/2) traz uma confus\u00e3o curiosa em alguns trechos do documento. O texto troca, em tr\u00eas momentos, a palavra <strong>\u201ccomo\u201d<\/strong> por <strong>\u201ccorno\u201d<\/strong>.<\/p>\n\n\n\n<!--more-->\n\n\n\n<p>A confus\u00e3o \u00e9 feita durante a reprodu\u00e7\u00e3o de trechos do parecer da&nbsp;Procuradoria-Geral da Rep\u00fablica (PGR). Na pe\u00e7a original, no entanto, a grafia est\u00e1 correta.<\/p>\n\n\n<div class=\"wp-block-image\">\n<figure class=\"alignleft size-full\"><img fetchpriority=\"high\" decoding=\"async\" width=\"400\" height=\"300\" src=\"https:\/\/www.portalalerta.com.br\/wp-content\/uploads\/2023\/01\/Auto-Escola-Sonho.jpg\" alt=\"\" class=\"wp-image-47083\" srcset=\"https:\/\/www.portalalerta.com.br\/wp-content\/uploads\/2023\/01\/Auto-Escola-Sonho.jpg 400w, https:\/\/www.portalalerta.com.br\/wp-content\/uploads\/2023\/01\/Auto-Escola-Sonho-320x240.jpg 320w\" sizes=\"(max-width: 400px) 100vw, 400px\" \/><\/figure><\/div>\n\n\n<p><strong><em>\u201cUm grupo de pessoas \u00e9 apontado&nbsp;corno&nbsp;respons\u00e1vel pelo constante assessoramento jur\u00eddico e pela elabora\u00e7\u00e3o de minutas de decretos, com os fins de consumar um golpe de Estado\u201d<\/em><\/strong>, diz a primeira passagem.<\/p>\n\n\n\n<p>O erro tamb\u00e9m aparece na reprodu\u00e7\u00e3o da justificativa da PGR para a decreta\u00e7\u00e3o da pris\u00e3o preventiva do major Rafael Martins de Oliveira.<\/p>\n\n\n\n<p><strong><em>\u201cO Major Rafael Martins de Oliveira, conhecido&nbsp;corno&nbsp;\u2018JOE\u2019, com forma\u00e7\u00e3o em For\u00e7as Especiais, foi identificado como interlocutor de Mauro Cid na coordena\u00e7\u00e3o de estrat\u00e9gias adotadas pelos investigados para a execu\u00e7\u00e3o do golpe de Estado e para a obten\u00e7\u00e3o de formas de financiar as opera\u00e7\u00f5es do grupo criminoso\u201d<\/em><\/strong>, transcreve a decis\u00e3o.<\/p>\n\n\n\n<p>A outra troca foi feita no trecho em que a&nbsp;PGR&nbsp;descreve a atua\u00e7\u00e3o de Marcelo C\u00e2mara, preso durante a opera\u00e7\u00e3o da PF desta quinta-feira (8\/2).<\/p>\n\n\n\n<p><strong><em>\u201cEra considerado um dos assessores mais pr\u00f3ximos do ex-Presidente da Rep\u00fablica, tendo sido, ap\u00f3s o t\u00e9rmino do mandato, nomeado&nbsp;corno&nbsp;um de seus auxiliares residuais, viajando aos EUA para acompanh\u00e1-lo\u201d<\/em><\/strong>, diz.<\/p>\n\n\n\n<p>Veja os trechos:<\/p>\n\n\n<div class=\"wp-block-image\">\n<figure class=\"aligncenter size-full\"><img decoding=\"async\" width=\"696\" height=\"281\" src=\"https:\/\/www.portalalerta.com.br\/wp-content\/uploads\/2024\/02\/como-por-corno-2024.jpg\" alt=\"\" class=\"wp-image-54327\" srcset=\"https:\/\/www.portalalerta.com.br\/wp-content\/uploads\/2024\/02\/como-por-corno-2024.jpg 696w, https:\/\/www.portalalerta.com.br\/wp-content\/uploads\/2024\/02\/como-por-corno-2024-594x240.jpg 594w\" sizes=\"(max-width: 696px) 100vw, 696px\" \/><\/figure><\/div>\n\n<div class=\"wp-block-image\">\n<figure class=\"aligncenter size-full\"><img decoding=\"async\" width=\"696\" height=\"271\" src=\"https:\/\/www.portalalerta.com.br\/wp-content\/uploads\/2024\/02\/como-por-corno-2024.1.jpg\" alt=\"\" class=\"wp-image-54325\" srcset=\"https:\/\/www.portalalerta.com.br\/wp-content\/uploads\/2024\/02\/como-por-corno-2024.1.jpg 696w, https:\/\/www.portalalerta.com.br\/wp-content\/uploads\/2024\/02\/como-por-corno-2024.1-616x240.jpg 616w\" sizes=\"(max-width: 696px) 100vw, 696px\" \/><\/figure><\/div>\n\n<div class=\"wp-block-image\">\n<figure class=\"aligncenter size-full\"><img loading=\"lazy\" decoding=\"async\" width=\"696\" height=\"302\" src=\"https:\/\/www.portalalerta.com.br\/wp-content\/uploads\/2024\/02\/como-por-corno-2024.2.jpg\" alt=\"\" class=\"wp-image-54326\" srcset=\"https:\/\/www.portalalerta.com.br\/wp-content\/uploads\/2024\/02\/como-por-corno-2024.2.jpg 696w, https:\/\/www.portalalerta.com.br\/wp-content\/uploads\/2024\/02\/como-por-corno-2024.2-553x240.jpg 553w\" sizes=\"(max-width: 696px) 100vw, 696px\" \/><\/figure><\/div>\n\n\n<p><strong>Tempus Veritatis<\/strong><\/p>\n\n\n\n<p>A PF cumpriu v\u00e1rios mandados de pris\u00e3o e busca no contexto de investiga\u00e7\u00e3o sobre suposta organiza\u00e7\u00e3o criminosa que trabalhou para uma tentativa de golpe de Estado. Um dos alvos \u00e9 o ex-presidente Bolsonaro.<\/p>\n\n\n\n<p>Tamb\u00e9m foram alvo de busca e apreens\u00e3o pessoas pr\u00f3ximas de Bolsonaro e que fizeram parte de seu governo, como o general Augusto Heleno, ex-chefe do Gabinete de Seguran\u00e7a Institucional (GSI); Valdemar Costa Neto, presidente do Partido Liberal (PL); e Braga Netto e Anderson Torres, ex-ministros que chefiaram as pastas da Defesa e Justi\u00e7a respectivamente.<\/p>\n\n\n\n<p><em>Fonte: Sert\u00e3o a Fora<\/em><\/p>\n\n\n\n<p><em>Com informa\u00e7\u00f5es: Metr\u00f3poles<\/em><\/p>\n","protected":false},"excerpt":{"rendered":"<p>A decis\u00e3o do ministro do Supremo Tribunal Federal (STF) que autorizou a&nbsp;opera\u00e7\u00e3o da Pol\u00edcia Federal (PF) contra o ex-presidente Jair Bolsonaro (PL) e seus aliados, nesta quinta-feira (8\/2) traz uma confus\u00e3o curiosa em alguns trechos do documento. O texto troca, em tr\u00eas momentos, a palavra \u201ccomo\u201d por \u201ccorno\u201d.<\/p>\n","protected":false},"author":2,"featured_media":45612,"comment_status":"open","ping_status":"open","sticky":false,"template":"","format":"standard","meta":{"om_disable_all_campaigns":false,"_monsterinsights_skip_tracking":false,"_monsterinsights_sitenote_active":false,"_monsterinsights_sitenote_note":"","_monsterinsights_sitenote_category":0,"footnotes":""},"categories":[34,70,69,21],"tags":[100,1173,71,48,93,75,4178,4180,129,107,4181,132,1395,230,106,203,120,51,109,88,47,111,216,190],"class_list":["post-54321","post","type-post","status-publish","format-standard","has-post-thumbnail","hentry","category-brasil","category-destaques","category-noticias2","category-politica","tag-adustina","tag-alexandre-de-moraes","tag-antas","tag-araci","tag-brasil","tag-cicero-dantas","tag-cipo-2","tag-crisopolis-2","tag-euclides-da-cunha","tag-fatima","tag-heliopolis-2","tag-itapicuru","tag-jair-bolsonaro","tag-jeremoabo","tag-nova-soure","tag-novo-triunfo","tag-olindina","tag-paripiranga","tag-quijingue","tag-ribeira-do-amparo","tag-ribeira-do-pombal","tag-sitio-do-quinto","tag-stf","tag-tucano"],"aioseo_notices":[],"_links":{"self":[{"href":"https:\/\/www.portalalerta.com.br\/index.php\/wp-json\/wp\/v2\/posts\/54321","targetHints":{"allow":["GET"]}}],"collection":[{"href":"https:\/\/www.portalalerta.com.br\/index.php\/wp-json\/wp\/v2\/posts"}],"about":[{"href":"https:\/\/www.portalalerta.com.br\/index.php\/wp-json\/wp\/v2\/types\/post"}],"author":[{"embeddable":true,"href":"https:\/\/www.portalalerta.com.br\/index.php\/wp-json\/wp\/v2\/users\/2"}],"replies":[{"embeddable":true,"href":"https:\/\/www.portalalerta.com.br\/index.php\/wp-json\/wp\/v2\/comments?post=54321"}],"version-history":[{"count":2,"href":"https:\/\/www.portalalerta.com.br\/index.php\/wp-json\/wp\/v2\/posts\/54321\/revisions"}],"predecessor-version":[{"id":54332,"href":"https:\/\/www.portalalerta.com.br\/index.php\/wp-json\/wp\/v2\/posts\/54321\/revisions\/54332"}],"wp:featuredmedia":[{"embeddable":true,"href":"https:\/\/www.portalalerta.com.br\/index.php\/wp-json\/wp\/v2\/media\/45612"}],"wp:attachment":[{"href":"https:\/\/www.portalalerta.com.br\/index.php\/wp-json\/wp\/v2\/media?parent=54321"}],"wp:term":[{"taxonomy":"category","embeddable":true,"href":"https:\/\/www.portalalerta.com.br\/index.php\/wp-json\/wp\/v2\/categories?post=54321"},{"taxonomy":"post_tag","embeddable":true,"href":"https:\/\/www.portalalerta.com.br\/index.php\/wp-json\/wp\/v2\/tags?post=54321"}],"curies":[{"name":"wp","href":"https:\/\/api.w.org\/{rel}","templated":true}]}}