{"id":54391,"date":"2024-02-14T09:00:00","date_gmt":"2024-02-14T12:00:00","guid":{"rendered":"https:\/\/www.portalalerta.com.br\/?p=54391"},"modified":"2024-02-14T00:43:02","modified_gmt":"2024-02-14T03:43:02","slug":"exercito-de-israel-liberta-dois-refens-argentinos-do-hamas","status":"publish","type":"post","link":"https:\/\/www.portalalerta.com.br\/index.php\/2024\/02\/14\/exercito-de-israel-liberta-dois-refens-argentinos-do-hamas\/","title":{"rendered":"Ex\u00e9rcito de Israel liberta dois ref\u00e9ns argentinos do Hamas"},"content":{"rendered":"\n<p>Opera\u00e7\u00e3o aconteceu nesta segunda-feira (12) em hor\u00e1rio local; a\u00e7\u00e3o foi supervisionada pelo primeiro-ministro Benjamin Netanyahu e o ministro da Defesa Yoav Gallant<\/p>\n\n\n\n<!--more-->\n\n\n\n<p>O Ex\u00e9rcito de Israel libertou dois ref\u00e9ns argentinos durante uma opera\u00e7\u00e3o terrestre e a\u00e9rea em Rafah, cidade no extremo-sul da Faixa de Gaza, na madrugada desta segunda-feira (12) no hor\u00e1rio local. Segundo os militares, eles s\u00e3o dois homens de 60 e 70 anos de idade e haviam sido sequestrados no dia 7 de outubro.<\/p>\n\n\n\n<p><strong><em>&#8220;Ambos est\u00e3o em boas condi\u00e7\u00f5es m\u00e9dicas e foram transferidos para a realiza\u00e7\u00e3o de exames no hospital Sheba Tel Hashomer [em Israel]&#8221;<\/em><\/strong>,informaram as for\u00e7as de Israel. Fernando Simon Marman, 60 anos, e Louis Har, 70, tem dupla cidadania e eram mantidos em cativeiro no centro de Rafah.<\/p>\n\n\n<div class=\"wp-block-image\">\n<figure class=\"alignleft size-full\"><img fetchpriority=\"high\" decoding=\"async\" width=\"400\" height=\"300\" src=\"https:\/\/www.portalalerta.com.br\/wp-content\/uploads\/2023\/01\/Auto-Escola-Sonho.jpg\" alt=\"\" class=\"wp-image-47083\" srcset=\"https:\/\/www.portalalerta.com.br\/wp-content\/uploads\/2023\/01\/Auto-Escola-Sonho.jpg 400w, https:\/\/www.portalalerta.com.br\/wp-content\/uploads\/2023\/01\/Auto-Escola-Sonho-320x240.jpg 320w\" sizes=\"(max-width: 400px) 100vw, 400px\" \/><\/figure><\/div>\n\n\n<p>Ap\u00f3s o resgate, a Presid\u00eancia da Argentina agradeceu o pa\u00eds pela opera\u00e7\u00e3o. <strong><em>&#8220;Durante a sua visita ao Estado de Israel, o Presidente Javier Milei reiterou ao Presidente Isaac Herzog e ao primeiro-ministro Benjamin Netanyahu o pedido de liberta\u00e7\u00e3o de cada um dos ref\u00e9ns argentinos e continua a manter firmemente a sua condena\u00e7\u00e3o do terrorismo do Hamas&#8221;.<\/em><\/strong> Apesar do resgate, outros 134 ref\u00e9ns continuam sob posse do grupo radical Hamas.<\/p>\n\n\n\n<p>Na opera\u00e7\u00e3o da segunda-feira, cerca de 100 palestinos foram mortos. O primeiro-ministro Benjamin Netanyahu e o ministro da Defesa Yoav Gallant supervisionaram a opera\u00e7\u00e3o de resgate dos ref\u00e9ns a partir do Centro de Comando das For\u00e7as Armadas.<\/p>\n\n\n\n<p><em>Fonte: Metro1<\/em><\/p>\n","protected":false},"excerpt":{"rendered":"<p>Opera\u00e7\u00e3o aconteceu nesta segunda-feira (12) em hor\u00e1rio local; a\u00e7\u00e3o foi supervisionada pelo primeiro-ministro Benjamin Netanyahu e o ministro da Defesa Yoav Gallant<\/p>\n","protected":false},"author":2,"featured_media":54386,"comment_status":"open","ping_status":"open","sticky":false,"template":"","format":"standard","meta":{"om_disable_all_campaigns":false,"_monsterinsights_skip_tracking":false,"_monsterinsights_sitenote_active":false,"_monsterinsights_sitenote_note":"","_monsterinsights_sitenote_category":0,"footnotes":""},"categories":[70,35,69],"tags":[100,71,48,297,75,4178,4180,129,107,2517,4181,858,132,230,218,339,106,203,120,51,109,4026,88,47,111,190],"class_list":["post-54391","post","type-post","status-publish","format-standard","has-post-thumbnail","hentry","category-destaques","category-mundo","category-noticias2","tag-adustina","tag-antas","tag-araci","tag-argentina","tag-cicero-dantas","tag-cipo-2","tag-crisopolis-2","tag-euclides-da-cunha","tag-fatima","tag-hamas","tag-heliopolis-2","tag-israel","tag-itapicuru","tag-jeremoabo","tag-liberdade","tag-mundo","tag-nova-soure","tag-novo-triunfo","tag-olindina","tag-paripiranga","tag-quijingue","tag-refens","tag-ribeira-do-amparo","tag-ribeira-do-pombal","tag-sitio-do-quinto","tag-tucano"],"aioseo_notices":[],"_links":{"self":[{"href":"https:\/\/www.portalalerta.com.br\/index.php\/wp-json\/wp\/v2\/posts\/54391","targetHints":{"allow":["GET"]}}],"collection":[{"href":"https:\/\/www.portalalerta.com.br\/index.php\/wp-json\/wp\/v2\/posts"}],"about":[{"href":"https:\/\/www.portalalerta.com.br\/index.php\/wp-json\/wp\/v2\/types\/post"}],"author":[{"embeddable":true,"href":"https:\/\/www.portalalerta.com.br\/index.php\/wp-json\/wp\/v2\/users\/2"}],"replies":[{"embeddable":true,"href":"https:\/\/www.portalalerta.com.br\/index.php\/wp-json\/wp\/v2\/comments?post=54391"}],"version-history":[{"count":1,"href":"https:\/\/www.portalalerta.com.br\/index.php\/wp-json\/wp\/v2\/posts\/54391\/revisions"}],"predecessor-version":[{"id":54392,"href":"https:\/\/www.portalalerta.com.br\/index.php\/wp-json\/wp\/v2\/posts\/54391\/revisions\/54392"}],"wp:featuredmedia":[{"embeddable":true,"href":"https:\/\/www.portalalerta.com.br\/index.php\/wp-json\/wp\/v2\/media\/54386"}],"wp:attachment":[{"href":"https:\/\/www.portalalerta.com.br\/index.php\/wp-json\/wp\/v2\/media?parent=54391"}],"wp:term":[{"taxonomy":"category","embeddable":true,"href":"https:\/\/www.portalalerta.com.br\/index.php\/wp-json\/wp\/v2\/categories?post=54391"},{"taxonomy":"post_tag","embeddable":true,"href":"https:\/\/www.portalalerta.com.br\/index.php\/wp-json\/wp\/v2\/tags?post=54391"}],"curies":[{"name":"wp","href":"https:\/\/api.w.org\/{rel}","templated":true}]}}