{"id":54395,"date":"2024-02-14T09:02:00","date_gmt":"2024-02-14T12:02:00","guid":{"rendered":"https:\/\/www.portalalerta.com.br\/?p=54395"},"modified":"2024-02-14T00:53:09","modified_gmt":"2024-02-14T03:53:09","slug":"brasil-alcanca-meio-milhao-de-casos-de-dengue-numero-quadruplicou-em-relacao-ao-inicio-de-2023","status":"publish","type":"post","link":"https:\/\/www.portalalerta.com.br\/index.php\/2024\/02\/14\/brasil-alcanca-meio-milhao-de-casos-de-dengue-numero-quadruplicou-em-relacao-ao-inicio-de-2023\/","title":{"rendered":"Brasil alcan\u00e7a meio milh\u00e3o de casos de dengue: n\u00famero quadruplicou em rela\u00e7\u00e3o ao in\u00edcio de 2023"},"content":{"rendered":"\n<p>Segundo o Minist\u00e9rio da Sa\u00fade, 75 mortes foram confirmadas pela doen\u00e7a e outras 340 est\u00e3o em investiga\u00e7\u00e3o<\/p>\n\n\n\n<!--more-->\n\n\n\n<p>O Brasil alcan\u00e7ou 512.353 casos prov\u00e1veis de dengue, de acordo com os dados do Minist\u00e9rio da Sa\u00fade divulgados nesta segunda-feira (12). Apenas neste ano, 75 mortes foram confirmadas pela doen\u00e7a e outras 350 est\u00e3o em investiga\u00e7\u00e3o.<\/p>\n\n\n\n<p>O n\u00famero de casos quadruplicou em compara\u00e7\u00e3o com o mesmo per\u00edodo do ano passado, quando foram registrados 128.842 casos prov\u00e1veis de dengue.<\/p>\n\n\n\n<p>O estado de Minas Gerais \u00e9 o estado com o maior n\u00famero de casos, com cerca de 171 mil registros. Na sequ\u00eancia, est\u00e3o S\u00e3o Paulo (83.651), Distrito Federal (64.403), Paran\u00e1 (55.532), Rio de Janeiro (39.315), Goi\u00e1s (31.809), Esp\u00edrito Santo (14.107) e Santa Catarina (12.470).<\/p>\n\n\n\n<p>&nbsp;<strong>Vacina\u00e7\u00e3o contra a dengue<\/strong><\/p>\n\n\n<div class=\"wp-block-image\">\n<figure class=\"alignleft size-full\"><img fetchpriority=\"high\" decoding=\"async\" width=\"400\" height=\"300\" src=\"https:\/\/www.portalalerta.com.br\/wp-content\/uploads\/2023\/01\/Auto-Escola-Sonho.jpg\" alt=\"\" class=\"wp-image-47083\" srcset=\"https:\/\/www.portalalerta.com.br\/wp-content\/uploads\/2023\/01\/Auto-Escola-Sonho.jpg 400w, https:\/\/www.portalalerta.com.br\/wp-content\/uploads\/2023\/01\/Auto-Escola-Sonho-320x240.jpg 320w\" sizes=\"(max-width: 400px) 100vw, 400px\" \/><\/figure><\/div>\n\n\n<p>Neste m\u00eas, o Minist\u00e9rio da Sa\u00fade iniciou a distribui\u00e7\u00e3o de vacinas contra a dengue para munic\u00edpios que atendem os crit\u00e9rios definidos pela Sa\u00fade em conjunto com o Conselho Nacional de Secret\u00e1rios de Sa\u00fade (Conass) e Conselho Nacional de Secretarias Municipais de Sa\u00fade (Conasems).<\/p>\n\n\n\n<p>A imuniza\u00e7\u00e3o com a Qdenga, da farmac\u00eautica japonesa Takeda, come\u00e7ar\u00e1 pelas crian\u00e7as de 10 a 11 anos, mas assim que novos lotes foram entregues pelo laborat\u00f3rio fabricante, a faixa et\u00e1ria vai avan\u00e7ar progressivamente. Essa \u00e9 a faixa et\u00e1ria com maior \u00edndice de hospitaliza\u00e7\u00e3o por dengue dentro do p\u00fablico-alvo da vacina, de 10 a 14 anos.<\/p>\n\n\n\n<p>521 munic\u00edpios brasileiros foram selecionados para iniciar a vacina\u00e7\u00e3o contra a dengue via Sistema \u00danico de Sa\u00fade (SUS). As cidades da lista comp\u00f5em 37 regi\u00f5es de sa\u00fade que, segundo a pasta, s\u00e3o consideradas end\u00eamicas para a doen\u00e7a.<\/p>\n\n\n\n<p>O lote inicial, com 712 mil doses, ser\u00e1 enviado para 315 munic\u00edpios nas unidades da federa\u00e7\u00e3o abaixo:<\/p>\n\n\n\n<ul class=\"wp-block-list\">\n<li>Distrito Federal<\/li>\n\n\n\n<li>Goi\u00e1s<\/li>\n\n\n\n<li>Bahia<\/li>\n\n\n\n<li>Acre<\/li>\n\n\n\n<li>Para\u00edba<\/li>\n\n\n\n<li>Rio Grande do Norte<\/li>\n\n\n\n<li>Mato Grosso do Sul<\/li>\n\n\n\n<li>Amazonas<\/li>\n\n\n\n<li>S\u00e3o Paulo<\/li>\n\n\n\n<li>Maranh\u00e3o<\/li>\n<\/ul>\n\n\n\n<p><em>Fonte: CNN<\/em><\/p>\n","protected":false},"excerpt":{"rendered":"<p>Segundo o Minist\u00e9rio da Sa\u00fade, 75 mortes foram confirmadas pela doen\u00e7a e outras 340 est\u00e3o em investiga\u00e7\u00e3o<\/p>\n","protected":false},"author":2,"featured_media":54387,"comment_status":"open","ping_status":"open","sticky":false,"template":"","format":"standard","meta":{"om_disable_all_campaigns":false,"_monsterinsights_skip_tracking":false,"_monsterinsights_sitenote_active":false,"_monsterinsights_sitenote_note":"","_monsterinsights_sitenote_category":0,"footnotes":""},"categories":[34,70,69,19],"tags":[100,71,48,93,75,4178,4180,1689,129,107,4181,132,230,106,203,120,51,109,88,47,61,111,190],"class_list":["post-54395","post","type-post","status-publish","format-standard","has-post-thumbnail","hentry","category-brasil","category-destaques","category-noticias2","category-saude","tag-adustina","tag-antas","tag-araci","tag-brasil","tag-cicero-dantas","tag-cipo-2","tag-crisopolis-2","tag-dengue","tag-euclides-da-cunha","tag-fatima","tag-heliopolis-2","tag-itapicuru","tag-jeremoabo","tag-nova-soure","tag-novo-triunfo","tag-olindina","tag-paripiranga","tag-quijingue","tag-ribeira-do-amparo","tag-ribeira-do-pombal","tag-saude","tag-sitio-do-quinto","tag-tucano"],"aioseo_notices":[],"_links":{"self":[{"href":"https:\/\/www.portalalerta.com.br\/index.php\/wp-json\/wp\/v2\/posts\/54395","targetHints":{"allow":["GET"]}}],"collection":[{"href":"https:\/\/www.portalalerta.com.br\/index.php\/wp-json\/wp\/v2\/posts"}],"about":[{"href":"https:\/\/www.portalalerta.com.br\/index.php\/wp-json\/wp\/v2\/types\/post"}],"author":[{"embeddable":true,"href":"https:\/\/www.portalalerta.com.br\/index.php\/wp-json\/wp\/v2\/users\/2"}],"replies":[{"embeddable":true,"href":"https:\/\/www.portalalerta.com.br\/index.php\/wp-json\/wp\/v2\/comments?post=54395"}],"version-history":[{"count":1,"href":"https:\/\/www.portalalerta.com.br\/index.php\/wp-json\/wp\/v2\/posts\/54395\/revisions"}],"predecessor-version":[{"id":54396,"href":"https:\/\/www.portalalerta.com.br\/index.php\/wp-json\/wp\/v2\/posts\/54395\/revisions\/54396"}],"wp:featuredmedia":[{"embeddable":true,"href":"https:\/\/www.portalalerta.com.br\/index.php\/wp-json\/wp\/v2\/media\/54387"}],"wp:attachment":[{"href":"https:\/\/www.portalalerta.com.br\/index.php\/wp-json\/wp\/v2\/media?parent=54395"}],"wp:term":[{"taxonomy":"category","embeddable":true,"href":"https:\/\/www.portalalerta.com.br\/index.php\/wp-json\/wp\/v2\/categories?post=54395"},{"taxonomy":"post_tag","embeddable":true,"href":"https:\/\/www.portalalerta.com.br\/index.php\/wp-json\/wp\/v2\/tags?post=54395"}],"curies":[{"name":"wp","href":"https:\/\/api.w.org\/{rel}","templated":true}]}}