{"id":54405,"date":"2024-02-14T21:40:00","date_gmt":"2024-02-15T00:40:00","guid":{"rendered":"https:\/\/www.portalalerta.com.br\/?p=54405"},"modified":"2024-02-14T21:53:26","modified_gmt":"2024-02-15T00:53:26","slug":"pf-pretende-ouvir-bolsonaro-antes-de-concluir-investigacao","status":"publish","type":"post","link":"https:\/\/www.portalalerta.com.br\/index.php\/2024\/02\/14\/pf-pretende-ouvir-bolsonaro-antes-de-concluir-investigacao\/","title":{"rendered":"PF pretende ouvir Bolsonaro antes de concluir investiga\u00e7\u00e3o"},"content":{"rendered":"\n<p>Ideia dos investigadores \u00e9 encerrar a apura\u00e7\u00e3o at\u00e9 novembro deste ano<\/p>\n\n\n\n<!--more-->\n\n\n<div class=\"wp-block-image\">\n<figure class=\"alignleft size-large is-resized\"><img fetchpriority=\"high\" decoding=\"async\" src=\"https:\/\/www.portalalerta.com.br\/wp-content\/uploads\/2024\/01\/Volta-as-aulas-Real-Calcados-2023-819x1024.jpg\" alt=\"\" class=\"wp-image-53504\" width=\"425\" height=\"531\" srcset=\"https:\/\/www.portalalerta.com.br\/wp-content\/uploads\/2024\/01\/Volta-as-aulas-Real-Calcados-2023-819x1024.jpg 819w, https:\/\/www.portalalerta.com.br\/wp-content\/uploads\/2024\/01\/Volta-as-aulas-Real-Calcados-2023-192x240.jpg 192w, https:\/\/www.portalalerta.com.br\/wp-content\/uploads\/2024\/01\/Volta-as-aulas-Real-Calcados-2023-768x960.jpg 768w, https:\/\/www.portalalerta.com.br\/wp-content\/uploads\/2024\/01\/Volta-as-aulas-Real-Calcados-2023.jpg 1080w\" sizes=\"(max-width: 425px) 100vw, 425px\" \/><\/figure><\/div>\n\n\n<p>A Pol\u00edcia Federal pretende convocar o ex-presidente Jair Bolsonaro (PL) para prestar depoimento no in\u00edcio do segundo semestre deste ano.<\/p>\n\n\n\n<p>A expectativa de agentes envolvidos diretamente na investiga\u00e7\u00e3o \u00e9 de que as apura\u00e7\u00f5es sobre um plano golpista sejam encerradas at\u00e9 novembro.<\/p>\n\n\n\n<p>O ex-presidente teve o seu passaporte detido e foi impedido de tratar sobre a apura\u00e7\u00e3o com outros investigados.<\/p>\n\n\n\n<p>A defesa do ex-mandat\u00e1rio do Pal\u00e1cio do Planalto nega irregularidades. O ex-ajudante de ordens Mauro Cid deve depor at\u00e9 mar\u00e7o.<\/p>\n\n\n\n<p>Um grupo de aliados defendia que Bolsonaro viajasse aos Estados Unidos no segundo semestre para um encontro com Donald Trump.<\/p>\n\n\n\n<p>Com o passaporte retido, a inten\u00e7\u00e3o \u00e9 de que o ex-presidente foque a sua atua\u00e7\u00e3o nas campanhas municipais.<\/p>\n\n\n\n<p>A defesa do presidente nacional do PL, Valdemar Costa Neto, pretende recorrer judicialmente para que o dirigente do partido possa ter contato com integrantes da legenda que sejam investigados.<\/p>\n\n\n\n<p><em>Fonte: CNN<\/em><\/p>\n","protected":false},"excerpt":{"rendered":"<p>Ideia dos investigadores \u00e9 encerrar a apura\u00e7\u00e3o at\u00e9 novembro deste ano<\/p>\n","protected":false},"author":2,"featured_media":32720,"comment_status":"open","ping_status":"open","sticky":false,"template":"","format":"standard","meta":{"om_disable_all_campaigns":false,"_monsterinsights_skip_tracking":false,"_monsterinsights_sitenote_active":false,"_monsterinsights_sitenote_note":"","_monsterinsights_sitenote_category":0,"footnotes":""},"categories":[34,70,69,21],"tags":[100,71,48,93,75,4178,4180,413,129,107,4181,132,1395,230,106,203,120,51,173,109,88,47,111,190],"class_list":["post-54405","post","type-post","status-publish","format-standard","has-post-thumbnail","hentry","category-brasil","category-destaques","category-noticias2","category-politica","tag-adustina","tag-antas","tag-araci","tag-brasil","tag-cicero-dantas","tag-cipo-2","tag-crisopolis-2","tag-depoimento","tag-euclides-da-cunha","tag-fatima","tag-heliopolis-2","tag-itapicuru","tag-jair-bolsonaro","tag-jeremoabo","tag-nova-soure","tag-novo-triunfo","tag-olindina","tag-paripiranga","tag-policia-federal","tag-quijingue","tag-ribeira-do-amparo","tag-ribeira-do-pombal","tag-sitio-do-quinto","tag-tucano"],"aioseo_notices":[],"_links":{"self":[{"href":"https:\/\/www.portalalerta.com.br\/index.php\/wp-json\/wp\/v2\/posts\/54405","targetHints":{"allow":["GET"]}}],"collection":[{"href":"https:\/\/www.portalalerta.com.br\/index.php\/wp-json\/wp\/v2\/posts"}],"about":[{"href":"https:\/\/www.portalalerta.com.br\/index.php\/wp-json\/wp\/v2\/types\/post"}],"author":[{"embeddable":true,"href":"https:\/\/www.portalalerta.com.br\/index.php\/wp-json\/wp\/v2\/users\/2"}],"replies":[{"embeddable":true,"href":"https:\/\/www.portalalerta.com.br\/index.php\/wp-json\/wp\/v2\/comments?post=54405"}],"version-history":[{"count":1,"href":"https:\/\/www.portalalerta.com.br\/index.php\/wp-json\/wp\/v2\/posts\/54405\/revisions"}],"predecessor-version":[{"id":54406,"href":"https:\/\/www.portalalerta.com.br\/index.php\/wp-json\/wp\/v2\/posts\/54405\/revisions\/54406"}],"wp:featuredmedia":[{"embeddable":true,"href":"https:\/\/www.portalalerta.com.br\/index.php\/wp-json\/wp\/v2\/media\/32720"}],"wp:attachment":[{"href":"https:\/\/www.portalalerta.com.br\/index.php\/wp-json\/wp\/v2\/media?parent=54405"}],"wp:term":[{"taxonomy":"category","embeddable":true,"href":"https:\/\/www.portalalerta.com.br\/index.php\/wp-json\/wp\/v2\/categories?post=54405"},{"taxonomy":"post_tag","embeddable":true,"href":"https:\/\/www.portalalerta.com.br\/index.php\/wp-json\/wp\/v2\/tags?post=54405"}],"curies":[{"name":"wp","href":"https:\/\/api.w.org\/{rel}","templated":true}]}}