{"id":54410,"date":"2024-02-14T21:44:27","date_gmt":"2024-02-15T00:44:27","guid":{"rendered":"https:\/\/www.portalalerta.com.br\/?p=54410"},"modified":"2024-02-14T22:03:19","modified_gmt":"2024-02-15T01:03:19","slug":"refens-argentinos-libertados-por-israel-dos-terroristas-do-hamas-se-emocionam-ao-reencontrar-familia","status":"publish","type":"post","link":"https:\/\/www.portalalerta.com.br\/index.php\/2024\/02\/14\/refens-argentinos-libertados-por-israel-dos-terroristas-do-hamas-se-emocionam-ao-reencontrar-familia\/","title":{"rendered":"Ref\u00e9ns argentinos libertados por Israel dos terroristas do Hamas se emocionam ao reencontrar fam\u00edlia"},"content":{"rendered":"\n<p><strong>Ex\u00e9rcito resgatou dupla, de 60 e 70 anos de idade, depois de uma opera\u00e7\u00e3o na cidade de Rafah, no sul de Gaza<\/strong><\/p>\n\n\n\n<!--more-->\n\n\n<div class=\"wp-block-image\">\n<figure class=\"alignleft size-large is-resized\"><img fetchpriority=\"high\" decoding=\"async\" src=\"https:\/\/www.portalalerta.com.br\/wp-content\/uploads\/2024\/01\/Volta-as-aulas-Real-Calcados-2023-819x1024.jpg\" alt=\"\" class=\"wp-image-53504\" width=\"417\" height=\"521\" srcset=\"https:\/\/www.portalalerta.com.br\/wp-content\/uploads\/2024\/01\/Volta-as-aulas-Real-Calcados-2023-819x1024.jpg 819w, https:\/\/www.portalalerta.com.br\/wp-content\/uploads\/2024\/01\/Volta-as-aulas-Real-Calcados-2023-192x240.jpg 192w, https:\/\/www.portalalerta.com.br\/wp-content\/uploads\/2024\/01\/Volta-as-aulas-Real-Calcados-2023-768x960.jpg 768w, https:\/\/www.portalalerta.com.br\/wp-content\/uploads\/2024\/01\/Volta-as-aulas-Real-Calcados-2023.jpg 1080w\" sizes=\"(max-width: 417px) 100vw, 417px\" \/><\/figure><\/div>\n\n\n<p>Israel lan\u00e7ou uma opera\u00e7\u00e3o com uma equipe de elite e conseguiu recuperar\u00a0<strong>duas pessoas que estavam sob c\u00e1rcere dos terroristas em Rafah<\/strong>\u00a0em meio a ataques desde o in\u00edcio da manh\u00e3 de segunda-feira (12), disse o porta-voz das For\u00e7as Armadas de Israel Rear Admiral Daniel Hagari.<\/p>\n\n\n\n<p>A a\u00e7\u00e3o ocorreu em conjunto pelas For\u00e7as de Defesa de Israel, o servi\u00e7o de seguran\u00e7a Shin Bet e a Unidade de Pol\u00edcia Especial de Rafah.&nbsp;<\/p>\n\n\n\n<p>Fernando Simon Marman, de 60 anos, e Louis Hare, de 70, est\u00e3o livres ap\u00f3s serem sequestrados pelo Hamas do Kibbutz Nir Yitzhak em 7 de outubro de 2023, disse Hagari. As imagens s\u00e3o da Reuters<\/p>\n\n\n\n<p><em>Fonte: R7<\/em><\/p>\n","protected":false},"excerpt":{"rendered":"<p>Ex\u00e9rcito resgatou dupla, de 60 e 70 anos de idade, depois de uma opera\u00e7\u00e3o na cidade de Rafah, no sul de Gaza<\/p>\n","protected":false},"author":2,"featured_media":54390,"comment_status":"open","ping_status":"open","sticky":false,"template":"","format":"standard","meta":{"om_disable_all_campaigns":false,"_monsterinsights_skip_tracking":false,"_monsterinsights_sitenote_active":false,"_monsterinsights_sitenote_note":"","_monsterinsights_sitenote_category":0,"footnotes":""},"categories":[70,35,69],"tags":[100,71,48,297,75,4178,4180,129,107,2517,4181,858,132,230,218,339,106,203,120,51,109,4026,88,47,111,190],"class_list":["post-54410","post","type-post","status-publish","format-standard","has-post-thumbnail","hentry","category-destaques","category-mundo","category-noticias2","tag-adustina","tag-antas","tag-araci","tag-argentina","tag-cicero-dantas","tag-cipo-2","tag-crisopolis-2","tag-euclides-da-cunha","tag-fatima","tag-hamas","tag-heliopolis-2","tag-israel","tag-itapicuru","tag-jeremoabo","tag-liberdade","tag-mundo","tag-nova-soure","tag-novo-triunfo","tag-olindina","tag-paripiranga","tag-quijingue","tag-refens","tag-ribeira-do-amparo","tag-ribeira-do-pombal","tag-sitio-do-quinto","tag-tucano"],"aioseo_notices":[],"_links":{"self":[{"href":"https:\/\/www.portalalerta.com.br\/index.php\/wp-json\/wp\/v2\/posts\/54410","targetHints":{"allow":["GET"]}}],"collection":[{"href":"https:\/\/www.portalalerta.com.br\/index.php\/wp-json\/wp\/v2\/posts"}],"about":[{"href":"https:\/\/www.portalalerta.com.br\/index.php\/wp-json\/wp\/v2\/types\/post"}],"author":[{"embeddable":true,"href":"https:\/\/www.portalalerta.com.br\/index.php\/wp-json\/wp\/v2\/users\/2"}],"replies":[{"embeddable":true,"href":"https:\/\/www.portalalerta.com.br\/index.php\/wp-json\/wp\/v2\/comments?post=54410"}],"version-history":[{"count":2,"href":"https:\/\/www.portalalerta.com.br\/index.php\/wp-json\/wp\/v2\/posts\/54410\/revisions"}],"predecessor-version":[{"id":54413,"href":"https:\/\/www.portalalerta.com.br\/index.php\/wp-json\/wp\/v2\/posts\/54410\/revisions\/54413"}],"wp:featuredmedia":[{"embeddable":true,"href":"https:\/\/www.portalalerta.com.br\/index.php\/wp-json\/wp\/v2\/media\/54390"}],"wp:attachment":[{"href":"https:\/\/www.portalalerta.com.br\/index.php\/wp-json\/wp\/v2\/media?parent=54410"}],"wp:term":[{"taxonomy":"category","embeddable":true,"href":"https:\/\/www.portalalerta.com.br\/index.php\/wp-json\/wp\/v2\/categories?post=54410"},{"taxonomy":"post_tag","embeddable":true,"href":"https:\/\/www.portalalerta.com.br\/index.php\/wp-json\/wp\/v2\/tags?post=54410"}],"curies":[{"name":"wp","href":"https:\/\/api.w.org\/{rel}","templated":true}]}}