{"id":54417,"date":"2024-02-15T07:01:00","date_gmt":"2024-02-15T10:01:00","guid":{"rendered":"https:\/\/www.portalalerta.com.br\/?p=54417"},"modified":"2024-02-15T01:45:35","modified_gmt":"2024-02-15T04:45:35","slug":"ato-de-filiacao-no-mdb-em-antas-ba-ira-acontecer-no-proximo-sabado-17-com-a-presenca-do-deputado-federal-ricardo-maia","status":"publish","type":"post","link":"https:\/\/www.portalalerta.com.br\/index.php\/2024\/02\/15\/ato-de-filiacao-no-mdb-em-antas-ba-ira-acontecer-no-proximo-sabado-17-com-a-presenca-do-deputado-federal-ricardo-maia\/","title":{"rendered":"Ato de filia\u00e7\u00e3o no MDB em Antas-BA ir\u00e1 acontecer no pr\u00f3ximo s\u00e1bado (17), com a presen\u00e7a do Deputado Federal Ricardo Maia"},"content":{"rendered":"\n<p>Com o intuito de fortalecer a legenda para as elei\u00e7\u00f5es deste ano, o Partido do Movimento Democr\u00e1tico Brasileiro (MDB) realizar\u00e1, neste s\u00e1bado (17), um mega evento para a filia\u00e7\u00e3o de novas lideran\u00e7as locais de Antas-BA.<\/p>\n\n\n\n<!--more-->\n\n\n\n<p>O empres\u00e1rio e administrador L\u00e1zaro de Pedro de Jos\u00e1, \u00e9 o nome escolhido do partido para enfrentar e tentar quebrar a hegemonia do agrupamento dos \u201cNilos\u201d. O evento ocorrer\u00e1 no audit\u00f3rio do Clube \u00e0s 15h.<\/p>\n\n\n<div class=\"wp-block-image\">\n<figure class=\"alignleft size-large is-resized\"><img fetchpriority=\"high\" decoding=\"async\" src=\"https:\/\/www.portalalerta.com.br\/wp-content\/uploads\/2024\/01\/Volta-as-aulas-Real-Calcados-2023-819x1024.jpg\" alt=\"\" class=\"wp-image-53504\" width=\"310\" height=\"388\" srcset=\"https:\/\/www.portalalerta.com.br\/wp-content\/uploads\/2024\/01\/Volta-as-aulas-Real-Calcados-2023-819x1024.jpg 819w, https:\/\/www.portalalerta.com.br\/wp-content\/uploads\/2024\/01\/Volta-as-aulas-Real-Calcados-2023-192x240.jpg 192w, https:\/\/www.portalalerta.com.br\/wp-content\/uploads\/2024\/01\/Volta-as-aulas-Real-Calcados-2023-768x960.jpg 768w, https:\/\/www.portalalerta.com.br\/wp-content\/uploads\/2024\/01\/Volta-as-aulas-Real-Calcados-2023.jpg 1080w\" sizes=\"(max-width: 310px) 100vw, 310px\" \/><\/figure><\/div>\n\n\n<p>Dentre as presen\u00e7as j\u00e1 confirmadas estar\u00e3o, vereadores, prefeitos, e o deputado federal Ricardo Maia (MDB) que j\u00e1 manifestou apoio incondicional a pr\u00e9-candidatura de L\u00e1zaro. <strong><em>\u201cEu, L\u00e1zaro de Pedro de Jos\u00e1, pr\u00e9-candidato a prefeito de Antas, compartilho com alegria que hoje oficializei minha filia\u00e7\u00e3o ao partido MDB em uma produtiva reuni\u00e3o com deputado Ricardo Maia. Estou dedicado a contribuir para o desenvolvimento e bem-estar de nossa comunidade. Juntos, construiremos um futuro promissor para Antas\u201d<\/em><\/strong>, escreveu L\u00e1zaro em sua rede social.<\/p>\n\n\n\n<p>Na ocasi\u00e3o haver\u00e1 apresenta\u00e7\u00e3o do partido, bem como lan\u00e7amento da pr\u00e9-candidatura que ir\u00e3o compor a legenda do partido para as elei\u00e7\u00f5es de 2024 e contar\u00e1 com diversas lideran\u00e7as pol\u00edticas da regi\u00e3o Semi\u00e1rido Nordeste II.<\/p>\n\n\n\n<p><strong>EVENTO DE FILIA\u00c7\u00c3O DE LIDERAN\u00c7AS DE ANTAS<\/strong><\/p>\n\n\n\n<p>17 de fevereiro, 15h00<\/p>\n\n\n\n<p><strong>Local:<\/strong> Audit\u00f3rio do Clube de Antas.<\/p>\n\n\n\n<p><em>Fonte: Joilson Costa<\/em><\/p>\n\n\n\n<p><em>Com informa\u00e7\u00f5es: Conex\u00e3o Verdade<\/em><\/p>\n","protected":false},"excerpt":{"rendered":"<p>Com o intuito de fortalecer a legenda para as elei\u00e7\u00f5es deste ano, o Partido do Movimento Democr\u00e1tico Brasileiro (MDB) realizar\u00e1, neste s\u00e1bado (17), um mega evento para a filia\u00e7\u00e3o de novas lideran\u00e7as locais de Antas-BA.<\/p>\n","protected":false},"author":2,"featured_media":54418,"comment_status":"open","ping_status":"open","sticky":false,"template":"","format":"standard","meta":{"om_disable_all_campaigns":false,"_monsterinsights_skip_tracking":false,"_monsterinsights_sitenote_active":false,"_monsterinsights_sitenote_note":"","_monsterinsights_sitenote_category":0,"footnotes":""},"categories":[5,70,69,21,32],"tags":[100,71,48,75,4178,4180,5695,129,107,4181,132,230,643,106,203,120,51,199,109,88,47,146,111,190],"class_list":["post-54417","post","type-post","status-publish","format-standard","has-post-thumbnail","hentry","category-antas","category-destaques","category-noticias2","category-politica","category-regiao","tag-adustina","tag-antas","tag-araci","tag-cicero-dantas","tag-cipo-2","tag-crisopolis-2","tag-eleicoes-2024","tag-euclides-da-cunha","tag-fatima","tag-heliopolis-2","tag-itapicuru","tag-jeremoabo","tag-mdb","tag-nova-soure","tag-novo-triunfo","tag-olindina","tag-paripiranga","tag-politica","tag-quijingue","tag-ribeira-do-amparo","tag-ribeira-do-pombal","tag-ricardo-maia","tag-sitio-do-quinto","tag-tucano"],"aioseo_notices":[],"_links":{"self":[{"href":"https:\/\/www.portalalerta.com.br\/index.php\/wp-json\/wp\/v2\/posts\/54417","targetHints":{"allow":["GET"]}}],"collection":[{"href":"https:\/\/www.portalalerta.com.br\/index.php\/wp-json\/wp\/v2\/posts"}],"about":[{"href":"https:\/\/www.portalalerta.com.br\/index.php\/wp-json\/wp\/v2\/types\/post"}],"author":[{"embeddable":true,"href":"https:\/\/www.portalalerta.com.br\/index.php\/wp-json\/wp\/v2\/users\/2"}],"replies":[{"embeddable":true,"href":"https:\/\/www.portalalerta.com.br\/index.php\/wp-json\/wp\/v2\/comments?post=54417"}],"version-history":[{"count":1,"href":"https:\/\/www.portalalerta.com.br\/index.php\/wp-json\/wp\/v2\/posts\/54417\/revisions"}],"predecessor-version":[{"id":54419,"href":"https:\/\/www.portalalerta.com.br\/index.php\/wp-json\/wp\/v2\/posts\/54417\/revisions\/54419"}],"wp:featuredmedia":[{"embeddable":true,"href":"https:\/\/www.portalalerta.com.br\/index.php\/wp-json\/wp\/v2\/media\/54418"}],"wp:attachment":[{"href":"https:\/\/www.portalalerta.com.br\/index.php\/wp-json\/wp\/v2\/media?parent=54417"}],"wp:term":[{"taxonomy":"category","embeddable":true,"href":"https:\/\/www.portalalerta.com.br\/index.php\/wp-json\/wp\/v2\/categories?post=54417"},{"taxonomy":"post_tag","embeddable":true,"href":"https:\/\/www.portalalerta.com.br\/index.php\/wp-json\/wp\/v2\/tags?post=54417"}],"curies":[{"name":"wp","href":"https:\/\/api.w.org\/{rel}","templated":true}]}}