{"id":54420,"date":"2024-02-15T07:02:00","date_gmt":"2024-02-15T10:02:00","guid":{"rendered":"https:\/\/www.portalalerta.com.br\/?p=54420"},"modified":"2024-02-15T01:49:16","modified_gmt":"2024-02-15T04:49:16","slug":"suspeito-de-chefiar-trafico-de-drogas-que-fugiu-apos-prisao-no-carnaval-e-detido-novamente-em-salvador","status":"publish","type":"post","link":"https:\/\/www.portalalerta.com.br\/index.php\/2024\/02\/15\/suspeito-de-chefiar-trafico-de-drogas-que-fugiu-apos-prisao-no-carnaval-e-detido-novamente-em-salvador\/","title":{"rendered":"Suspeito de chefiar tr\u00e1fico de drogas que fugiu ap\u00f3s pris\u00e3o no carnaval \u00e9 detido novamente em Salvador"},"content":{"rendered":"\n<p>O homem suspeito de chefiar o tr\u00e1fico de drogas no bairro de Piraj\u00e1, em Salvador, que havia fugido da delegacia ap\u00f3s ser preso durante o carnaval da capital baiana, foi detido nesta quarta-feira (14), ao se apresentar na Coordena\u00e7\u00e3o de Pol\u00edcia Interestadual (Polinter), com seu advogado.<\/p>\n\n\n\n<!--more-->\n\n\n\n<p>No domingo (11),\u00a0<a href=\"https:\/\/www.portalalerta.com.br\/index.php\/2024\/02\/12\/lider-de-faccao-foge-de-posto-policial-em-ondina-apos-ser-preso-no-carnaval\/\" title=\"\"><strong>o homem foi levado para a Central de Flagrantes, instalada na Avenida Milton Santos, no Circuito Dod\u00f4 (Barra \u2013 Ondina), e foi nessa unidade onde ocorreu a fuga<\/strong><\/a>.<\/p>\n\n\n<div class=\"wp-block-image\">\n<figure class=\"alignleft size-full\"><img fetchpriority=\"high\" decoding=\"async\" width=\"400\" height=\"300\" src=\"https:\/\/www.portalalerta.com.br\/wp-content\/uploads\/2023\/01\/Auto-Escola-Sonho.jpg\" alt=\"\" class=\"wp-image-47083\" srcset=\"https:\/\/www.portalalerta.com.br\/wp-content\/uploads\/2023\/01\/Auto-Escola-Sonho.jpg 400w, https:\/\/www.portalalerta.com.br\/wp-content\/uploads\/2023\/01\/Auto-Escola-Sonho-320x240.jpg 320w\" sizes=\"(max-width: 400px) 100vw, 400px\" \/><\/figure><\/div>\n\n\n<p>A Pol\u00edcia Civil n\u00e3o detalhou como ele conseguiu sair do local. Desde que tomou conhecimento da fuga, a pol\u00edcia intensificou as buscas pelo homem e fez uma per\u00edcia na unidade policial.<\/p>\n\n\n\n<p>Equipes da Pol\u00edcia Civil, por meio dos departamentos Especializado de Investiga\u00e7\u00e3o e Repress\u00e3o ao Narcotr\u00e1fico (Denarc), Especializado de Investiga\u00e7\u00f5es Criminais (Deic) e da Coordena\u00e7\u00e3o de Opera\u00e7\u00f5es e Recursos Especiais (Core) realizaram a\u00e7\u00f5es para a recaptura do homem, que \u00e9 suspeito liderar uma organiza\u00e7\u00e3o criminosa com atua\u00e7\u00e3o em tr\u00e1fico de drogas e homic\u00eddios.<\/p>\n\n\n\n<p>As a\u00e7\u00f5es tiveram o apoio do Comit\u00ea Integrado de Intelig\u00eancia e An\u00e1lise (CIIA), que promoveu a integra\u00e7\u00e3o entre as ag\u00eancias de intelig\u00eancia das diferentes for\u00e7as de seguran\u00e7a durante os dias da folia.<\/p>\n\n\n\n<p>O homem vai passar por exames de les\u00f5es corporais e ser\u00e1 encaminhado para o sistema prisional.<\/p>\n\n\n\n<p><em>Fonte: Calila Not\u00edcias<\/em><\/p>\n","protected":false},"excerpt":{"rendered":"<p>O homem suspeito de chefiar o tr\u00e1fico de drogas no bairro de Piraj\u00e1, em Salvador, que havia fugido da delegacia ap\u00f3s ser preso durante o carnaval da capital baiana, foi detido nesta quarta-feira (14), ao se apresentar na Coordena\u00e7\u00e3o de Pol\u00edcia Interestadual (Polinter), com seu advogado.<\/p>\n","protected":false},"author":2,"featured_media":54383,"comment_status":"open","ping_status":"open","sticky":false,"template":"","format":"standard","meta":{"om_disable_all_campaigns":false,"_monsterinsights_skip_tracking":false,"_monsterinsights_sitenote_active":false,"_monsterinsights_sitenote_note":"","_monsterinsights_sitenote_category":0,"footnotes":""},"categories":[33,70,69,22],"tags":[100,71,48,54,448,75,4178,4180,129,107,384,4181,132,230,106,203,120,51,122,77,109,88,47,111,76,190],"class_list":["post-54420","post","type-post","status-publish","format-standard","has-post-thumbnail","hentry","category-bahia","category-destaques","category-noticias2","category-seguranca","tag-adustina","tag-antas","tag-araci","tag-bahia","tag-carnaval","tag-cicero-dantas","tag-cipo-2","tag-crisopolis-2","tag-euclides-da-cunha","tag-fatima","tag-foragido","tag-heliopolis-2","tag-itapicuru","tag-jeremoabo","tag-nova-soure","tag-novo-triunfo","tag-olindina","tag-paripiranga","tag-policia-civil","tag-preso","tag-quijingue","tag-ribeira-do-amparo","tag-ribeira-do-pombal","tag-sitio-do-quinto","tag-trafico-de-drogas","tag-tucano"],"aioseo_notices":[],"_links":{"self":[{"href":"https:\/\/www.portalalerta.com.br\/index.php\/wp-json\/wp\/v2\/posts\/54420","targetHints":{"allow":["GET"]}}],"collection":[{"href":"https:\/\/www.portalalerta.com.br\/index.php\/wp-json\/wp\/v2\/posts"}],"about":[{"href":"https:\/\/www.portalalerta.com.br\/index.php\/wp-json\/wp\/v2\/types\/post"}],"author":[{"embeddable":true,"href":"https:\/\/www.portalalerta.com.br\/index.php\/wp-json\/wp\/v2\/users\/2"}],"replies":[{"embeddable":true,"href":"https:\/\/www.portalalerta.com.br\/index.php\/wp-json\/wp\/v2\/comments?post=54420"}],"version-history":[{"count":1,"href":"https:\/\/www.portalalerta.com.br\/index.php\/wp-json\/wp\/v2\/posts\/54420\/revisions"}],"predecessor-version":[{"id":54421,"href":"https:\/\/www.portalalerta.com.br\/index.php\/wp-json\/wp\/v2\/posts\/54420\/revisions\/54421"}],"wp:featuredmedia":[{"embeddable":true,"href":"https:\/\/www.portalalerta.com.br\/index.php\/wp-json\/wp\/v2\/media\/54383"}],"wp:attachment":[{"href":"https:\/\/www.portalalerta.com.br\/index.php\/wp-json\/wp\/v2\/media?parent=54420"}],"wp:term":[{"taxonomy":"category","embeddable":true,"href":"https:\/\/www.portalalerta.com.br\/index.php\/wp-json\/wp\/v2\/categories?post=54420"},{"taxonomy":"post_tag","embeddable":true,"href":"https:\/\/www.portalalerta.com.br\/index.php\/wp-json\/wp\/v2\/tags?post=54420"}],"curies":[{"name":"wp","href":"https:\/\/api.w.org\/{rel}","templated":true}]}}