{"id":54422,"date":"2024-02-15T07:03:00","date_gmt":"2024-02-15T10:03:00","guid":{"rendered":"https:\/\/www.portalalerta.com.br\/?p=54422"},"modified":"2024-02-15T01:52:26","modified_gmt":"2024-02-15T04:52:26","slug":"morre-o-ex-vereador-pombalense-donato-da-pedra","status":"publish","type":"post","link":"https:\/\/www.portalalerta.com.br\/index.php\/2024\/02\/15\/morre-o-ex-vereador-pombalense-donato-da-pedra\/","title":{"rendered":"Morre o ex-vereador pombalense Donato da Pedra"},"content":{"rendered":"\n<p>Morreu nesta quarta-feira (14), o ex-vereador pombalense Donato Francisco de Matos (Donato da Pedra).<\/p>\n\n\n\n<!--more-->\n\n\n\n<p>O Vel\u00f3rio est\u00e1 acontecendo no Plen\u00e1rio da C\u00e3mara de Vereadores da cidade at\u00e9 as 09h desta quinta-feira (15), de onde sair\u00e1 para a Igreja do Povoado Pedra, com sepultamento previsto para acontecer \u00e0s 16h.<\/p>\n\n\n\n<p>Donato foi vereador em Ribeira do Pombal-BA, entre os anos de 1988 e 1996.<\/p>\n\n\n\n<p><em>Reda\u00e7\u00e3o: Portal Alerta<\/em><\/p>\n","protected":false},"excerpt":{"rendered":"<p>Morreu nesta quarta-feira (14), o ex-vereador pombalense Donato Francisco de Matos (Donato da Pedra).<\/p>\n","protected":false},"author":2,"featured_media":54423,"comment_status":"open","ping_status":"open","sticky":false,"template":"","format":"standard","meta":{"om_disable_all_campaigns":false,"_monsterinsights_skip_tracking":false,"_monsterinsights_sitenote_active":false,"_monsterinsights_sitenote_note":"","_monsterinsights_sitenote_category":0,"footnotes":""},"categories":[70,69,21,32,3],"tags":[100,71,48,75,4178,4180,129,444,107,4181,132,230,169,106,203,120,51,109,88,47,111,190],"class_list":["post-54422","post","type-post","status-publish","format-standard","has-post-thumbnail","hentry","category-destaques","category-noticias2","category-politica","category-regiao","category-ribeira-do-pombal","tag-adustina","tag-antas","tag-araci","tag-cicero-dantas","tag-cipo-2","tag-crisopolis-2","tag-euclides-da-cunha","tag-ex-vereador","tag-fatima","tag-heliopolis-2","tag-itapicuru","tag-jeremoabo","tag-morte","tag-nova-soure","tag-novo-triunfo","tag-olindina","tag-paripiranga","tag-quijingue","tag-ribeira-do-amparo","tag-ribeira-do-pombal","tag-sitio-do-quinto","tag-tucano"],"aioseo_notices":[],"_links":{"self":[{"href":"https:\/\/www.portalalerta.com.br\/index.php\/wp-json\/wp\/v2\/posts\/54422","targetHints":{"allow":["GET"]}}],"collection":[{"href":"https:\/\/www.portalalerta.com.br\/index.php\/wp-json\/wp\/v2\/posts"}],"about":[{"href":"https:\/\/www.portalalerta.com.br\/index.php\/wp-json\/wp\/v2\/types\/post"}],"author":[{"embeddable":true,"href":"https:\/\/www.portalalerta.com.br\/index.php\/wp-json\/wp\/v2\/users\/2"}],"replies":[{"embeddable":true,"href":"https:\/\/www.portalalerta.com.br\/index.php\/wp-json\/wp\/v2\/comments?post=54422"}],"version-history":[{"count":1,"href":"https:\/\/www.portalalerta.com.br\/index.php\/wp-json\/wp\/v2\/posts\/54422\/revisions"}],"predecessor-version":[{"id":54424,"href":"https:\/\/www.portalalerta.com.br\/index.php\/wp-json\/wp\/v2\/posts\/54422\/revisions\/54424"}],"wp:featuredmedia":[{"embeddable":true,"href":"https:\/\/www.portalalerta.com.br\/index.php\/wp-json\/wp\/v2\/media\/54423"}],"wp:attachment":[{"href":"https:\/\/www.portalalerta.com.br\/index.php\/wp-json\/wp\/v2\/media?parent=54422"}],"wp:term":[{"taxonomy":"category","embeddable":true,"href":"https:\/\/www.portalalerta.com.br\/index.php\/wp-json\/wp\/v2\/categories?post=54422"},{"taxonomy":"post_tag","embeddable":true,"href":"https:\/\/www.portalalerta.com.br\/index.php\/wp-json\/wp\/v2\/tags?post=54422"}],"curies":[{"name":"wp","href":"https:\/\/api.w.org\/{rel}","templated":true}]}}