{"id":54426,"date":"2024-02-15T15:50:56","date_gmt":"2024-02-15T18:50:56","guid":{"rendered":"https:\/\/www.portalalerta.com.br\/?p=54426"},"modified":"2024-02-15T15:50:57","modified_gmt":"2024-02-15T18:50:57","slug":"homem-e-vitima-de-tentativa-de-homicidio-em-ribeira-do-pombal-ba-autor-foi-preso","status":"publish","type":"post","link":"https:\/\/www.portalalerta.com.br\/index.php\/2024\/02\/15\/homem-e-vitima-de-tentativa-de-homicidio-em-ribeira-do-pombal-ba-autor-foi-preso\/","title":{"rendered":"Homem \u00e9 v\u00edtima de tentativa de homic\u00eddio em Ribeira do Pombal-BA. Autor foi preso!"},"content":{"rendered":"\n<p>Por volta das 18h50 da \u00faltima quarta-feira (14), policiais militares do 2\u00ba Pelot\u00e3o\/ Ribeira do Pombal-BA, foram informados que um homem deu entrada na Emerg\u00eancia do Hospital Geral Santa Tereza, no referido munic\u00edpio, com um ferimento provocado por um golpe de faca.<\/p>\n\n\n\n<!--more-->\n\n\n\n<p>De acordo com a v\u00edtima, o crime teria acontecido na localidade da Fazenda Canavieira II, zona rural da cidade, momento em que a v\u00edtima identificada pelas iniciais A.S de J, 27 anos, se encontrava num bar, e foi surpreendida pelo autor, identificado pelas iniciais J.S.S, 29 anos, que o golpeou com uma faca, atingindo o peito esquerdo.<\/p>\n\n\n<div class=\"wp-block-image\">\n<figure class=\"alignleft size-full\"><img fetchpriority=\"high\" decoding=\"async\" width=\"400\" height=\"300\" src=\"https:\/\/www.portalalerta.com.br\/wp-content\/uploads\/2023\/01\/Auto-Escola-Sonho.jpg\" alt=\"\" class=\"wp-image-47083\" srcset=\"https:\/\/www.portalalerta.com.br\/wp-content\/uploads\/2023\/01\/Auto-Escola-Sonho.jpg 400w, https:\/\/www.portalalerta.com.br\/wp-content\/uploads\/2023\/01\/Auto-Escola-Sonho-320x240.jpg 320w\" sizes=\"(max-width: 400px) 100vw, 400px\" \/><\/figure><\/div>\n\n\n<p>Ferido, \u201cA.S de J\u201d foi socorrido para o Hospital onde foi submetido a exames, por\u00e9m n\u00e3o corre risco de morte. Ainda na Unidade, o rapaz apontou quem teria sido o autor, e que provavelmente o rapaz estaria no local do crime.<\/p>\n\n\n\n<p>Os militares seguiram para o local em quest\u00e3o, onde realizaram buscas, encontrando o autor na resid\u00eancia da genitora, situada no povoado Manteiga, tamb\u00e9m zona rural de Ribeira do Pombal.<\/p>\n\n\n\n<p>O autor confessou o crime, bem como informou onde tinha deixado a faca utilizada para ferir a v\u00edtima, e diante dos relatos, foi conduzido para a Central de Flagrantes em Euclides da Cunha-BA, onde foi apresentado para a ado\u00e7\u00e3o das medidas cab\u00edveis.<\/p>\n\n\n\n<p><em>Reda\u00e7\u00e3o: Portal Alerta<\/em><\/p>\n","protected":false},"excerpt":{"rendered":"<p>Por volta das 18h50 da \u00faltima quarta-feira (14), policiais militares do 2\u00ba Pelot\u00e3o\/ Ribeira do Pombal-BA, foram informados que um homem deu entrada na Emerg\u00eancia do Hospital Geral Santa Tereza, no referido munic\u00edpio, com um ferimento provocado por um golpe de faca.<\/p>\n","protected":false},"author":2,"featured_media":17908,"comment_status":"open","ping_status":"open","sticky":false,"template":"","format":"standard","meta":{"om_disable_all_campaigns":false,"_monsterinsights_skip_tracking":false,"_monsterinsights_sitenote_active":false,"_monsterinsights_sitenote_note":"","_monsterinsights_sitenote_category":0,"footnotes":""},"categories":[70,69,32,3,22],"tags":[100,71,48,75,4178,4180,129,492,107,299,4181,132,230,106,203,120,51,79,77,109,88,47,111,105,190],"class_list":["post-54426","post","type-post","status-publish","format-standard","has-post-thumbnail","hentry","category-destaques","category-noticias2","category-regiao","category-ribeira-do-pombal","category-seguranca","tag-adustina","tag-antas","tag-araci","tag-cicero-dantas","tag-cipo-2","tag-crisopolis-2","tag-euclides-da-cunha","tag-facada","tag-fatima","tag-ferido","tag-heliopolis-2","tag-itapicuru","tag-jeremoabo","tag-nova-soure","tag-novo-triunfo","tag-olindina","tag-paripiranga","tag-policia-militar","tag-preso","tag-quijingue","tag-ribeira-do-amparo","tag-ribeira-do-pombal","tag-sitio-do-quinto","tag-tentativa-de-homicidio","tag-tucano"],"aioseo_notices":[],"_links":{"self":[{"href":"https:\/\/www.portalalerta.com.br\/index.php\/wp-json\/wp\/v2\/posts\/54426","targetHints":{"allow":["GET"]}}],"collection":[{"href":"https:\/\/www.portalalerta.com.br\/index.php\/wp-json\/wp\/v2\/posts"}],"about":[{"href":"https:\/\/www.portalalerta.com.br\/index.php\/wp-json\/wp\/v2\/types\/post"}],"author":[{"embeddable":true,"href":"https:\/\/www.portalalerta.com.br\/index.php\/wp-json\/wp\/v2\/users\/2"}],"replies":[{"embeddable":true,"href":"https:\/\/www.portalalerta.com.br\/index.php\/wp-json\/wp\/v2\/comments?post=54426"}],"version-history":[{"count":1,"href":"https:\/\/www.portalalerta.com.br\/index.php\/wp-json\/wp\/v2\/posts\/54426\/revisions"}],"predecessor-version":[{"id":54427,"href":"https:\/\/www.portalalerta.com.br\/index.php\/wp-json\/wp\/v2\/posts\/54426\/revisions\/54427"}],"wp:featuredmedia":[{"embeddable":true,"href":"https:\/\/www.portalalerta.com.br\/index.php\/wp-json\/wp\/v2\/media\/17908"}],"wp:attachment":[{"href":"https:\/\/www.portalalerta.com.br\/index.php\/wp-json\/wp\/v2\/media?parent=54426"}],"wp:term":[{"taxonomy":"category","embeddable":true,"href":"https:\/\/www.portalalerta.com.br\/index.php\/wp-json\/wp\/v2\/categories?post=54426"},{"taxonomy":"post_tag","embeddable":true,"href":"https:\/\/www.portalalerta.com.br\/index.php\/wp-json\/wp\/v2\/tags?post=54426"}],"curies":[{"name":"wp","href":"https:\/\/api.w.org\/{rel}","templated":true}]}}