{"id":54428,"date":"2024-02-15T15:56:50","date_gmt":"2024-02-15T18:56:50","guid":{"rendered":"https:\/\/www.portalalerta.com.br\/?p=54428"},"modified":"2024-02-15T15:56:51","modified_gmt":"2024-02-15T18:56:51","slug":"amazonia-deve-chegar-a-ponto-irreversivel-de-devastacao-ate-2050","status":"publish","type":"post","link":"https:\/\/www.portalalerta.com.br\/index.php\/2024\/02\/15\/amazonia-deve-chegar-a-ponto-irreversivel-de-devastacao-ate-2050\/","title":{"rendered":"Amaz\u00f4nia deve chegar a ponto irrevers\u00edvel de devasta\u00e7\u00e3o at\u00e9 2050"},"content":{"rendered":"\n<p>O dado faz parte do estudo publicado, nesta quarta-feira (14), pela revista cient\u00edfica Nature<\/p>\n\n\n\n<!--more-->\n\n\n<div class=\"wp-block-image\">\n<figure class=\"alignleft size-large is-resized\"><img fetchpriority=\"high\" decoding=\"async\" src=\"https:\/\/www.portalalerta.com.br\/wp-content\/uploads\/2024\/01\/Volta-as-aulas-Real-Calcados-2023-819x1024.jpg\" alt=\"\" class=\"wp-image-53504\" width=\"440\" height=\"550\" srcset=\"https:\/\/www.portalalerta.com.br\/wp-content\/uploads\/2024\/01\/Volta-as-aulas-Real-Calcados-2023-819x1024.jpg 819w, https:\/\/www.portalalerta.com.br\/wp-content\/uploads\/2024\/01\/Volta-as-aulas-Real-Calcados-2023-192x240.jpg 192w, https:\/\/www.portalalerta.com.br\/wp-content\/uploads\/2024\/01\/Volta-as-aulas-Real-Calcados-2023-768x960.jpg 768w, https:\/\/www.portalalerta.com.br\/wp-content\/uploads\/2024\/01\/Volta-as-aulas-Real-Calcados-2023.jpg 1080w\" sizes=\"(max-width: 440px) 100vw, 440px\" \/><\/figure><\/div>\n\n\n<p>Cerca de&nbsp;10% a 47% da floresta amaz\u00f4nica deve ser exposta a amea\u00e7as graves at\u00e9 2050, sem ponto de revers\u00e3o. O dado faz parte de um estudo publicado, nesta quarta-feira (14), pela revista cient\u00edfica Nature.<\/p>\n\n\n\n<p>Segundo os pesquisadores, caso a Amaz\u00f4nia atinja o ponto de n\u00e3o retorno, a situa\u00e7\u00e3o resultar\u00e1 em impactos negativos \u00e0 biodiversidade local.<\/p>\n\n\n\n<p>Ainda de acordo com a pesquisa, as principais causas de impacto na regi\u00e3o s\u00e3o: aquecimento global, desmatamento, precipita\u00e7\u00e3o anual, intensidade da sazonalidade de chuvas e esta\u00e7\u00e3o seca.<\/p>\n\n\n\n<p><em>Fonte: Metro1<\/em><\/p>\n","protected":false},"excerpt":{"rendered":"<p>O dado faz parte do estudo publicado, nesta quarta-feira (14), pela revista cient\u00edfica Nature<\/p>\n","protected":false},"author":2,"featured_media":19017,"comment_status":"open","ping_status":"open","sticky":false,"template":"","format":"standard","meta":{"om_disable_all_campaigns":false,"_monsterinsights_skip_tracking":false,"_monsterinsights_sitenote_active":false,"_monsterinsights_sitenote_note":"","_monsterinsights_sitenote_category":0,"footnotes":""},"categories":[34,70,69],"tags":[100,6694,71,48,93,75,4178,4180,129,107,6695,4181,132,230,106,203,120,51,109,88,47,111,190],"class_list":["post-54428","post","type-post","status-publish","format-standard","has-post-thumbnail","hentry","category-brasil","category-destaques","category-noticias2","tag-adustina","tag-amazonia-2","tag-antas","tag-araci","tag-brasil","tag-cicero-dantas","tag-cipo-2","tag-crisopolis-2","tag-euclides-da-cunha","tag-fatima","tag-floresta-amazonica","tag-heliopolis-2","tag-itapicuru","tag-jeremoabo","tag-nova-soure","tag-novo-triunfo","tag-olindina","tag-paripiranga","tag-quijingue","tag-ribeira-do-amparo","tag-ribeira-do-pombal","tag-sitio-do-quinto","tag-tucano"],"aioseo_notices":[],"_links":{"self":[{"href":"https:\/\/www.portalalerta.com.br\/index.php\/wp-json\/wp\/v2\/posts\/54428","targetHints":{"allow":["GET"]}}],"collection":[{"href":"https:\/\/www.portalalerta.com.br\/index.php\/wp-json\/wp\/v2\/posts"}],"about":[{"href":"https:\/\/www.portalalerta.com.br\/index.php\/wp-json\/wp\/v2\/types\/post"}],"author":[{"embeddable":true,"href":"https:\/\/www.portalalerta.com.br\/index.php\/wp-json\/wp\/v2\/users\/2"}],"replies":[{"embeddable":true,"href":"https:\/\/www.portalalerta.com.br\/index.php\/wp-json\/wp\/v2\/comments?post=54428"}],"version-history":[{"count":1,"href":"https:\/\/www.portalalerta.com.br\/index.php\/wp-json\/wp\/v2\/posts\/54428\/revisions"}],"predecessor-version":[{"id":54429,"href":"https:\/\/www.portalalerta.com.br\/index.php\/wp-json\/wp\/v2\/posts\/54428\/revisions\/54429"}],"wp:featuredmedia":[{"embeddable":true,"href":"https:\/\/www.portalalerta.com.br\/index.php\/wp-json\/wp\/v2\/media\/19017"}],"wp:attachment":[{"href":"https:\/\/www.portalalerta.com.br\/index.php\/wp-json\/wp\/v2\/media?parent=54428"}],"wp:term":[{"taxonomy":"category","embeddable":true,"href":"https:\/\/www.portalalerta.com.br\/index.php\/wp-json\/wp\/v2\/categories?post=54428"},{"taxonomy":"post_tag","embeddable":true,"href":"https:\/\/www.portalalerta.com.br\/index.php\/wp-json\/wp\/v2\/tags?post=54428"}],"curies":[{"name":"wp","href":"https:\/\/api.w.org\/{rel}","templated":true}]}}