{"id":54439,"date":"2024-02-15T22:11:48","date_gmt":"2024-02-16T01:11:48","guid":{"rendered":"https:\/\/www.portalalerta.com.br\/?p=54439"},"modified":"2024-02-15T22:11:49","modified_gmt":"2024-02-16T01:11:49","slug":"lewandowski-determina-afastamento-da-direcao-do-presidio-de-mossoro-e-nomeia-interventor","status":"publish","type":"post","link":"https:\/\/www.portalalerta.com.br\/index.php\/2024\/02\/15\/lewandowski-determina-afastamento-da-direcao-do-presidio-de-mossoro-e-nomeia-interventor\/","title":{"rendered":"Lewandowski determina afastamento da dire\u00e7\u00e3o do pres\u00eddio de Mossor\u00f3 e nomeia interventor"},"content":{"rendered":"\n<p><strong>Ministro da Justi\u00e7a tomou provid\u00eancias ap\u00f3s a primeira fuga de pres\u00eddios federais de seguran\u00e7a m\u00e1xima.<\/strong><\/p>\n\n\n\n<!--more-->\n\n\n<div class=\"wp-block-image\">\n<figure class=\"alignleft size-full\"><img fetchpriority=\"high\" decoding=\"async\" width=\"400\" height=\"300\" src=\"https:\/\/www.portalalerta.com.br\/wp-content\/uploads\/2023\/01\/Auto-Escola-Sonho.jpg\" alt=\"\" class=\"wp-image-47083\" srcset=\"https:\/\/www.portalalerta.com.br\/wp-content\/uploads\/2023\/01\/Auto-Escola-Sonho.jpg 400w, https:\/\/www.portalalerta.com.br\/wp-content\/uploads\/2023\/01\/Auto-Escola-Sonho-320x240.jpg 320w\" sizes=\"(max-width: 400px) 100vw, 400px\" \/><\/figure><\/div>\n\n\n<p>O ministro da Justi\u00e7a,&nbsp;<a href=\"https:\/\/g1.globo.com\/tudo-sobre\/ricardo-lewandowski\/\">Ricardo Lewandowski<\/a>, determinou nesta quarta-feira (14) o afastamento imediato da atual dire\u00e7\u00e3o da penitenci\u00e1ria federal de Mossor\u00f3. Lewandowski escalou um interventor para comandar a unidade.<\/p>\n\n\n\n<p>As provid\u00eancias foram tomadas ap\u00f3s&nbsp;<a href=\"https:\/\/g1.globo.com\/politica\/noticia\/2024\/02\/14\/apos-fuga-de-dois-presos-lewandowski-determina-revisao-nas-penitenciarias-federais.ghtml\">a fuga de dois presos da unidade<\/a>. Essa foi a primeira fuga registrada na hist\u00f3ria do sistema penitenci\u00e1rio federal, que conta com pres\u00eddios de seguran\u00e7a m\u00e1xima localizadas em Mossor\u00f3 (RN), Catanduvas (PR), Campo Grande (MS), Porto Velho (RO) e Bras\u00edlia (DF).<\/p>\n\n\n\n<p>At\u00e9 a \u00faltima atualiza\u00e7\u00e3o desta reportagem, o minist\u00e9rio n\u00e3o havia informado o nome do interventor.<\/p>\n\n\n\n<p><strong>Outras medidas<\/strong><\/p>\n\n\n\n<p>No in\u00edcio da tarde, autoridades do Minist\u00e9rio da Justi\u00e7a viajaram para Mossor\u00f3. Al\u00e9m do secret\u00e1rio Nacional de Pol\u00edticas Penais, Andr\u00e9 Garcia, tamb\u00e9m viajam o diretor do Sistema Penitenci\u00e1rio Federal, Marcelo Stona, e o diretor de Intelig\u00eancia Penitenci\u00e1ria, Sandro Abel.<\/p>\n\n\n\n<p>A previs\u00e3o, segundo a Secretaria Nacional de Pol\u00edticas Penais (Senappen), \u00e9 de que seja criado um gabinete de crise com representantes da Pol\u00edcia Federal e da Pol\u00edcia Rodovi\u00e1ria Federal, al\u00e9m do sistema de seguran\u00e7a estadual do Rio Grande do Norte.<\/p>\n\n\n\n<p>Al\u00e9m de acionar grupos operacionais, o governo do Rio Grande do Norte tamb\u00e9m disponibilizou uma aeronave para auxiliar nas buscas \u2013 o pres\u00eddio fica em uma \u00e1rea rural, a cerca de 15 quil\u00f4metros do centro de Mossor\u00f3.<\/p>\n\n\n\n<p>Veja demais provid\u00eancias adotadas por Ricardo Lewandowski:<\/p>\n\n\n\n<ol class=\"wp-block-list\" type=\"1\">\n<li>Ida do secret\u00e1rio Nacional de Pol\u00edticas Penais, Andr\u00e9 Garcia, a Mossor\u00f3. Ele estar\u00e1 acompanhado de uma equipe de seis servidores. O objetivo \u00e9 investigar no local as causas da fuga e avaliar quais a\u00e7\u00f5es administrativas podem ser tomadas.<\/li>\n\n\n\n<li>Abertura de investiga\u00e7\u00f5es por parte da Pol\u00edcia Federal. Envio de uma equipe de peritos da corpora\u00e7\u00e3o ao local, para apurar responsabilidades e atuar na recaptura dos dois fugitivos.<\/li>\n\n\n\n<li>Atua\u00e7\u00e3o das For\u00e7as Integradas de Combate ao Crime Organizado, que unem as pol\u00edcias federais e estaduais nas a\u00e7\u00f5es de repress\u00e3o da criminalidade organizada, para colabor com a busca pelos presos.<\/li>\n\n\n\n<li>Determina\u00e7\u00e3o para que a Pol\u00edcia Federal inclua os nomes dos fugitivos no Sistema de Difus\u00e3o Laranja da Interpol. Tamb\u00e9m ordenou a inclus\u00e3o dos nomes no Sistema de Prote\u00e7\u00e3o de Fronteiras. O objetivo \u00e9 que as buscas possam ser feitas tamb\u00e9m pela comunidade policial internacional.<\/li>\n\n\n\n<li>Acionamento da Pol\u00edcia Rodovi\u00e1ria Federal (PRF) para monitoramento das rodovias em busca dos fugitivos.<\/li>\n\n\n\n<li>Revis\u00e3o de todos os equipamentos e protocolos de seguran\u00e7a nas cinco penitenci\u00e1rias federais.<\/li>\n<\/ol>\n\n\n\n<p><em>Fonte: G1<\/em><\/p>\n","protected":false},"excerpt":{"rendered":"<p>Ministro da Justi\u00e7a tomou provid\u00eancias ap\u00f3s a primeira fuga de pres\u00eddios federais de seguran\u00e7a m\u00e1xima.<\/p>\n","protected":false},"author":2,"featured_media":54438,"comment_status":"open","ping_status":"open","sticky":false,"template":"","format":"standard","meta":{"om_disable_all_campaigns":false,"_monsterinsights_skip_tracking":false,"_monsterinsights_sitenote_active":false,"_monsterinsights_sitenote_note":"","_monsterinsights_sitenote_category":0,"footnotes":""},"categories":[34,70,69,22],"tags":[100,71,48,93,75,4178,4180,129,107,137,4181,132,230,1783,106,203,120,51,268,109,88,47,111,190],"class_list":["post-54439","post","type-post","status-publish","format-standard","has-post-thumbnail","hentry","category-brasil","category-destaques","category-noticias2","category-seguranca","tag-adustina","tag-antas","tag-araci","tag-brasil","tag-cicero-dantas","tag-cipo-2","tag-crisopolis-2","tag-euclides-da-cunha","tag-fatima","tag-fuga","tag-heliopolis-2","tag-itapicuru","tag-jeremoabo","tag-ministerio-da-justica","tag-nova-soure","tag-novo-triunfo","tag-olindina","tag-paripiranga","tag-presidio","tag-quijingue","tag-ribeira-do-amparo","tag-ribeira-do-pombal","tag-sitio-do-quinto","tag-tucano"],"aioseo_notices":[],"_links":{"self":[{"href":"https:\/\/www.portalalerta.com.br\/index.php\/wp-json\/wp\/v2\/posts\/54439","targetHints":{"allow":["GET"]}}],"collection":[{"href":"https:\/\/www.portalalerta.com.br\/index.php\/wp-json\/wp\/v2\/posts"}],"about":[{"href":"https:\/\/www.portalalerta.com.br\/index.php\/wp-json\/wp\/v2\/types\/post"}],"author":[{"embeddable":true,"href":"https:\/\/www.portalalerta.com.br\/index.php\/wp-json\/wp\/v2\/users\/2"}],"replies":[{"embeddable":true,"href":"https:\/\/www.portalalerta.com.br\/index.php\/wp-json\/wp\/v2\/comments?post=54439"}],"version-history":[{"count":1,"href":"https:\/\/www.portalalerta.com.br\/index.php\/wp-json\/wp\/v2\/posts\/54439\/revisions"}],"predecessor-version":[{"id":54440,"href":"https:\/\/www.portalalerta.com.br\/index.php\/wp-json\/wp\/v2\/posts\/54439\/revisions\/54440"}],"wp:featuredmedia":[{"embeddable":true,"href":"https:\/\/www.portalalerta.com.br\/index.php\/wp-json\/wp\/v2\/media\/54438"}],"wp:attachment":[{"href":"https:\/\/www.portalalerta.com.br\/index.php\/wp-json\/wp\/v2\/media?parent=54439"}],"wp:term":[{"taxonomy":"category","embeddable":true,"href":"https:\/\/www.portalalerta.com.br\/index.php\/wp-json\/wp\/v2\/categories?post=54439"},{"taxonomy":"post_tag","embeddable":true,"href":"https:\/\/www.portalalerta.com.br\/index.php\/wp-json\/wp\/v2\/tags?post=54439"}],"curies":[{"name":"wp","href":"https:\/\/api.w.org\/{rel}","templated":true}]}}