{"id":54441,"date":"2024-02-15T22:14:08","date_gmt":"2024-02-16T01:14:08","guid":{"rendered":"https:\/\/www.portalalerta.com.br\/?p=54441"},"modified":"2024-02-15T22:14:09","modified_gmt":"2024-02-16T01:14:09","slug":"pf-diz-que-dados-da-investigacao-confirmam-que-bolsonaro-editou-minuta-do-golpe","status":"publish","type":"post","link":"https:\/\/www.portalalerta.com.br\/index.php\/2024\/02\/15\/pf-diz-que-dados-da-investigacao-confirmam-que-bolsonaro-editou-minuta-do-golpe\/","title":{"rendered":"PF diz que dados da investiga\u00e7\u00e3o confirmam que Bolsonaro editou &#8216;minuta do golpe&#8217;"},"content":{"rendered":"\n<p><strong>Documento previa a pris\u00e3o do ministro Alexandre de Moraes e a convoca\u00e7\u00e3o de novas elei\u00e7\u00f5es; relat\u00f3rio da PF foi enviado ao STF<\/strong><\/p>\n\n\n\n<!--more-->\n\n\n\n<p>A PF (Pol\u00edcia Federal) afirmou que dados reunidos na investiga\u00e7\u00e3o comprovam que o ex-presidente Jair Bolsonaro sabia da exist\u00eancia da&nbsp;<a href=\"https:\/\/noticias.r7.com\/brasilia\/pf-encontra-minuta-de-golpe-na-sala-de-bolsonaro-no-pl-em-brasilia-08022024\"><strong>&#8220;minuta do golpe&#8221; e que chegou a pedir ajustes no texto<\/strong><\/a>. A informa\u00e7\u00e3o est\u00e1 em um relat\u00f3rio entregue ao STF (Supremo Tribunal Federal), na investiga\u00e7\u00e3o sobre a suposta tentativa de golpe de Estado.&nbsp;O&nbsp;<strong>R7<\/strong>&nbsp;procurou a defesa de Bolsonaro para comentar o relat\u00f3rio e aguarda o retorno.<\/p>\n\n\n<div class=\"wp-block-image\">\n<figure class=\"alignleft size-large is-resized\"><img fetchpriority=\"high\" decoding=\"async\" src=\"https:\/\/www.portalalerta.com.br\/wp-content\/uploads\/2024\/01\/Volta-as-aulas-Real-Calcados-2023-819x1024.jpg\" alt=\"\" class=\"wp-image-53504\" width=\"398\" height=\"497\" srcset=\"https:\/\/www.portalalerta.com.br\/wp-content\/uploads\/2024\/01\/Volta-as-aulas-Real-Calcados-2023-819x1024.jpg 819w, https:\/\/www.portalalerta.com.br\/wp-content\/uploads\/2024\/01\/Volta-as-aulas-Real-Calcados-2023-192x240.jpg 192w, https:\/\/www.portalalerta.com.br\/wp-content\/uploads\/2024\/01\/Volta-as-aulas-Real-Calcados-2023-768x960.jpg 768w, https:\/\/www.portalalerta.com.br\/wp-content\/uploads\/2024\/01\/Volta-as-aulas-Real-Calcados-2023.jpg 1080w\" sizes=\"(max-width: 398px) 100vw, 398px\" \/><\/figure><\/div>\n\n\n<p>A PF usou registros de entrada e sa\u00edda do Pal\u00e1cio do Alvorada e dados dos celulares dos investigados para confirmar as declara\u00e7\u00f5es de Mauro Cid, ex-ajudante de ordens de Jair Bolsonaro. Na dela\u00e7\u00e3o, Cid mencionou que o ex-presidente<a href=\"https:\/\/noticias.r7.com\/brasilia\/pf-encontra-minuta-de-golpe-na-sala-de-bolsonaro-no-pl-em-brasilia-08022024\"><strong>&nbsp;participou da reda\u00e7\u00e3o de um decreto que supostamente<\/strong><\/a>&nbsp;garantiria sua perman\u00eancia no poder.<\/p>\n\n\n\n<p><strong><em>&#8220;O aprofundamento das an\u00e1lises realizadas pela Pol\u00edcia Federal a partir do recebimento dos hist\u00f3ricos de ERBS (Esta\u00e7\u00e3o R\u00e1dio Base) e dos dados telem\u00e1ticos de geolocaliza\u00e7\u00e3o\u2026 vinculados aos investigados Amauri Feres Saad, Jos\u00e9 Eduardo de Oliveira e Filipe Garcia Martins Pereira demonstrou forte converg\u00eancia entre os epis\u00f3dios citados e a utiliza\u00e7\u00e3o da estrutura partid\u00e1ria fornecida pelo Partido Liberal para a atua\u00e7\u00e3o do N\u00facleo Jur\u00eddico da organiza\u00e7\u00e3o criminosa respons\u00e1vel pelo assessoramento e elabora\u00e7\u00e3o de minutas de decretos com fundamenta\u00e7\u00e3o jur\u00eddica e doutrin\u00e1ria que atendessem aos interesses golpistas do grupo investigado&#8221;,<\/em><\/strong> diz um trecho do relat\u00f3rio da PF.<\/p>\n\n\n\n<p>O texto, aprovado por&nbsp;<a href=\"https:\/\/noticias.r7.com\/brasilia\/video-de-reuniao-ministerial-mostra-bolsonaro-articulando-reacao-antes-das-eleicoes-veja-09022024\"><strong>Bolsonaro em uma reuni\u00e3o em 19 de novembro de 2022<\/strong><\/a>, 20 dias ap\u00f3s a elei\u00e7\u00e3o presidencial em que Lula venceu, sugeria a pris\u00e3o do ministro do STF Alexandre de Moraes e a convoca\u00e7\u00e3o de novas elei\u00e7\u00f5es.&nbsp;<\/p>\n\n\n\n<p>O relat\u00f3rio da PF refuta a&nbsp;<a href=\"https:\/\/recordtv.r7.com\/fala-brasil\/videos\/advogado-de-bolsonaro-diz-que-minuta-do-golpe-de-estado-foi-enviada-a-ele-apos-prisao-de-mauro-cid-09022024\"><strong>declara\u00e7\u00e3o dos advogados do ex-presidente<\/strong><\/a>, que afirmaram que a minuta contendo um texto sobre um golpe de Estado foi entregue a Bolsonaro ap\u00f3s a pris\u00e3o de Mauro Cid. Isso implicaria que o ex-presidente n\u00e3o teria posse do documento durante seu mandato no Brasil.<\/p>\n\n\n\n<p>Nesta quarta-feira (14), os advogados do ex-presidente fizeram um pedido ao STF para que o passaporte do ex-chefe do Executivo seja devolvido. A alega\u00e7\u00e3o da defesa \u00e9 que n\u00e3o existe risco de fuga e que a medida \u00e9 ilegal.&nbsp;<\/p>\n\n\n\n<p><strong>A &#8220;minuta do golpe&#8221;<\/strong><\/p>\n\n\n\n<p>Segundo a investiga\u00e7\u00e3o, o documento teria sido apresentado aos comandantes do Ex\u00e9rcito e da Marinha e ao ent\u00e3o Ministro da Defesa em 7 de dezembro de 2022.&nbsp;A primeira vers\u00e3o da minuta foi elaborada pelos assessores Felipe Martins e Amauri Feres Saad.<\/p>\n\n\n\n<p>O documento descrevia alegadas interfer\u00eancias do Poder Judici\u00e1rio no Poder Executivo e propunha a pris\u00e3o de diversas autoridades, incluindo os ministros do STF Alexandre de Moraes e Gilmar Mendes, e o presidente do Senado, Rodrigo Pacheco. Al\u00e9m disso, sugeria a realiza\u00e7\u00e3o de novas elei\u00e7\u00f5es.<\/p>\n\n\n\n<p>A investiga\u00e7\u00e3o menciona que, a pedido de Bolsonaro, a sugest\u00e3o de pris\u00e3o de Pacheco e Gilmar Mendes foi removida do texto. No entanto, a ordem de prender Moraes e a proposta de realizar novas elei\u00e7\u00f5es permaneceram no documento.<\/p>\n\n\n\n<p>As mudan\u00e7as foram requisitadas a Filipe Martins, que retornou ao Pal\u00e1cio do Alvorada alguns dias depois com as altera\u00e7\u00f5es solicitadas. Ap\u00f3s apresentar a nova vers\u00e3o, Bolsonaro teria concordado com as modifica\u00e7\u00f5es e convocado uma reuni\u00e3o com l\u00edderes militares.<\/p>\n\n\n\n<p>A investiga\u00e7\u00e3o da PF ainda apontou que Moraes foi monitorado por uma &#8220;intelig\u00eancia paralela&#8221; composta&nbsp;Augusto Heleno Ribeiro Pereira, Marcelo Costa C\u00e2mara e Mauro Cesar Barbosa Cid. A finalidade era coletar dados e informa\u00e7\u00f5es para auxiliar as decis\u00f5es do ent\u00e3o presidente, relacionadas ao suposto golpe.<\/p>\n\n\n\n<p>O monitoramento abrangia o itiner\u00e1rio, deslocamento e localiza\u00e7\u00e3o de Moraes entre 14 e 31 de dezembro de 2022, incluindo a v\u00e9spera do Natal daquele ano.<\/p>\n\n\n\n<p><em>Fonte: R7<\/em><\/p>\n","protected":false},"excerpt":{"rendered":"<p>Documento previa a pris\u00e3o do ministro Alexandre de Moraes e a convoca\u00e7\u00e3o de novas elei\u00e7\u00f5es; relat\u00f3rio da PF foi enviado ao STF<\/p>\n","protected":false},"author":2,"featured_media":7474,"comment_status":"open","ping_status":"open","sticky":false,"template":"","format":"standard","meta":{"om_disable_all_campaigns":false,"_monsterinsights_skip_tracking":false,"_monsterinsights_sitenote_active":false,"_monsterinsights_sitenote_note":"","_monsterinsights_sitenote_category":0,"footnotes":""},"categories":[34,70,69,21],"tags":[100,71,48,93,75,4178,4180,129,107,4181,132,1395,230,106,203,120,51,173,109,88,47,111,190],"class_list":["post-54441","post","type-post","status-publish","format-standard","has-post-thumbnail","hentry","category-brasil","category-destaques","category-noticias2","category-politica","tag-adustina","tag-antas","tag-araci","tag-brasil","tag-cicero-dantas","tag-cipo-2","tag-crisopolis-2","tag-euclides-da-cunha","tag-fatima","tag-heliopolis-2","tag-itapicuru","tag-jair-bolsonaro","tag-jeremoabo","tag-nova-soure","tag-novo-triunfo","tag-olindina","tag-paripiranga","tag-policia-federal","tag-quijingue","tag-ribeira-do-amparo","tag-ribeira-do-pombal","tag-sitio-do-quinto","tag-tucano"],"aioseo_notices":[],"_links":{"self":[{"href":"https:\/\/www.portalalerta.com.br\/index.php\/wp-json\/wp\/v2\/posts\/54441","targetHints":{"allow":["GET"]}}],"collection":[{"href":"https:\/\/www.portalalerta.com.br\/index.php\/wp-json\/wp\/v2\/posts"}],"about":[{"href":"https:\/\/www.portalalerta.com.br\/index.php\/wp-json\/wp\/v2\/types\/post"}],"author":[{"embeddable":true,"href":"https:\/\/www.portalalerta.com.br\/index.php\/wp-json\/wp\/v2\/users\/2"}],"replies":[{"embeddable":true,"href":"https:\/\/www.portalalerta.com.br\/index.php\/wp-json\/wp\/v2\/comments?post=54441"}],"version-history":[{"count":1,"href":"https:\/\/www.portalalerta.com.br\/index.php\/wp-json\/wp\/v2\/posts\/54441\/revisions"}],"predecessor-version":[{"id":54442,"href":"https:\/\/www.portalalerta.com.br\/index.php\/wp-json\/wp\/v2\/posts\/54441\/revisions\/54442"}],"wp:featuredmedia":[{"embeddable":true,"href":"https:\/\/www.portalalerta.com.br\/index.php\/wp-json\/wp\/v2\/media\/7474"}],"wp:attachment":[{"href":"https:\/\/www.portalalerta.com.br\/index.php\/wp-json\/wp\/v2\/media?parent=54441"}],"wp:term":[{"taxonomy":"category","embeddable":true,"href":"https:\/\/www.portalalerta.com.br\/index.php\/wp-json\/wp\/v2\/categories?post=54441"},{"taxonomy":"post_tag","embeddable":true,"href":"https:\/\/www.portalalerta.com.br\/index.php\/wp-json\/wp\/v2\/tags?post=54441"}],"curies":[{"name":"wp","href":"https:\/\/api.w.org\/{rel}","templated":true}]}}