{"id":54443,"date":"2024-02-15T22:16:10","date_gmt":"2024-02-16T01:16:10","guid":{"rendered":"https:\/\/www.portalalerta.com.br\/?p=54443"},"modified":"2024-02-15T22:16:12","modified_gmt":"2024-02-16T01:16:12","slug":"sesab-confirma-duas-mortes-por-dengue-na-bahia","status":"publish","type":"post","link":"https:\/\/www.portalalerta.com.br\/index.php\/2024\/02\/15\/sesab-confirma-duas-mortes-por-dengue-na-bahia\/","title":{"rendered":"Sesab confirma duas mortes por dengue na Bahia"},"content":{"rendered":"\n<p>Um dos \u00f3bitos foi de uma crian\u00e7a<\/p>\n\n\n\n<!--more-->\n\n\n<div class=\"wp-block-image\">\n<figure class=\"alignleft size-full\"><img fetchpriority=\"high\" decoding=\"async\" width=\"400\" height=\"300\" src=\"https:\/\/www.portalalerta.com.br\/wp-content\/uploads\/2023\/01\/Auto-Escola-Sonho.jpg\" alt=\"\" class=\"wp-image-47083\" srcset=\"https:\/\/www.portalalerta.com.br\/wp-content\/uploads\/2023\/01\/Auto-Escola-Sonho.jpg 400w, https:\/\/www.portalalerta.com.br\/wp-content\/uploads\/2023\/01\/Auto-Escola-Sonho-320x240.jpg 320w\" sizes=\"(max-width: 400px) 100vw, 400px\" \/><\/figure><\/div>\n\n\n<p>Duas pessoas morreram por dengue na Bahia, segundo informa\u00e7\u00f5es confirmadas pela Secretaria de Sa\u00fade do estado (Sesab) nesta quinta-feira, 15. Ambas aconteceram em cidades do sudoeste do estado e entre elas uma crian\u00e7a de 5 anos.<\/p>\n\n\n\n<p>Um dos \u00f3bitos foi de uma crian\u00e7a, que ocorreu na cidade de Jacaraci, no dia 8 de fevereiro. J\u00e1 a outra morte foi em Caetit\u00e9, no entanto, a idade e a data do \u00f3bito n\u00e3o foram divulgadas. Ainda n\u00e3o h\u00e1 detalhes do n\u00famero total de mortes por dengue na Bahia em 2024.<\/p>\n\n\n\n<p>De acordo com a secretaria, um dos casos foi confirmado pelo Laborat\u00f3rio Central de Sa\u00fade P\u00fablica (Lacen-BA) e o outro por diagn\u00f3stico cl\u00ednico epidemiol\u00f3gico.<\/p>\n\n\n\n<p>Al\u00e9m desses dois casos, a morte de uma jovem de 18 anos, na cidade de Itabuna, no sul da Bahia, \u00e9 investigada. Segundo informa\u00e7\u00f5es de familiares, Ana Luiza Rangel morreu no Hospital de Base com dengue.<\/p>\n\n\n\n<p><strong>N\u00fameros no estado<\/strong><br><br><\/p>\n\n\n\n<p>Entre o m\u00eas de janeiro at\u00e9 6 fevereiro de 2024 (semanas epidemiol\u00f3gicas 1, 2, 3, 4 e 5), a Bahia tinha 4.068 casos notificados de dengue.<\/p>\n\n\n\n<p>Quando comparado ao mesmo per\u00edodo de 2023, apresenta redu\u00e7\u00e3o de 11,8%, em que foram notificados 4.614 casos de dengue.<\/p>\n\n\n\n<p>De acordo com dados divulgados pela Secret\u00e1ria Municipal da Sa\u00fade de Salvador (SMS) nesta quinta-feira, Salvador contabiliza 158 casos confirmados de dengue na 6\u00aa semana epidemiol\u00f3gica, entre 31 de dezembro e 10 de fevereiro.<\/p>\n\n\n\n<p>O n\u00famero representa redu\u00e7\u00e3o de 65% das notifica\u00e7\u00f5es quando comparado com o mesmo per\u00edodo do ano passado, quando foram registrados 453 casos.<\/p>\n\n\n\n<p><strong>Vacina\u00e7\u00e3o<\/strong><\/p>\n\n\n\n<p>Inicialmente, o p\u00fablico-alvo ser\u00e1 composto por crian\u00e7as e adolescentes de 10 a 14 anos, faixa et\u00e1ria que concentra o maior n\u00famero de hospitaliza\u00e7\u00f5es por dengue, ap\u00f3s os idosos, grupo para o qual a vacina n\u00e3o foi liberada pela Ag\u00eancia Nacional de Vigil\u00e2ncia Sanit\u00e1ria (Anvisa).<\/p>\n\n\n\n<p>Roberta Santana esclareceu que embora a vacina\u00e7\u00e3o seja uma grande contribui\u00e7\u00e3o, \u00e9 uma alternativa que ter\u00e1 resultado a m\u00e9dio e longo prazo.<\/p>\n\n\n\n<p><em>Fonte: A Tarde<\/em><\/p>\n","protected":false},"excerpt":{"rendered":"<p>Um dos \u00f3bitos foi de uma crian\u00e7a<\/p>\n","protected":false},"author":2,"featured_media":12368,"comment_status":"open","ping_status":"open","sticky":false,"template":"","format":"standard","meta":{"om_disable_all_campaigns":false,"_monsterinsights_skip_tracking":false,"_monsterinsights_sitenote_active":false,"_monsterinsights_sitenote_note":"","_monsterinsights_sitenote_category":0,"footnotes":""},"categories":[33,70,69,19],"tags":[100,71,48,54,1218,75,4178,4180,1689,129,107,4181,132,2646,230,439,106,203,120,51,109,88,47,1024,111,190],"class_list":["post-54443","post","type-post","status-publish","format-standard","has-post-thumbnail","hentry","category-bahia","category-destaques","category-noticias2","category-saude","tag-adustina","tag-antas","tag-araci","tag-bahia","tag-caetite","tag-cicero-dantas","tag-cipo-2","tag-crisopolis-2","tag-dengue","tag-euclides-da-cunha","tag-fatima","tag-heliopolis-2","tag-itapicuru","tag-jacaraci","tag-jeremoabo","tag-mortes","tag-nova-soure","tag-novo-triunfo","tag-olindina","tag-paripiranga","tag-quijingue","tag-ribeira-do-amparo","tag-ribeira-do-pombal","tag-sesab","tag-sitio-do-quinto","tag-tucano"],"aioseo_notices":[],"_links":{"self":[{"href":"https:\/\/www.portalalerta.com.br\/index.php\/wp-json\/wp\/v2\/posts\/54443","targetHints":{"allow":["GET"]}}],"collection":[{"href":"https:\/\/www.portalalerta.com.br\/index.php\/wp-json\/wp\/v2\/posts"}],"about":[{"href":"https:\/\/www.portalalerta.com.br\/index.php\/wp-json\/wp\/v2\/types\/post"}],"author":[{"embeddable":true,"href":"https:\/\/www.portalalerta.com.br\/index.php\/wp-json\/wp\/v2\/users\/2"}],"replies":[{"embeddable":true,"href":"https:\/\/www.portalalerta.com.br\/index.php\/wp-json\/wp\/v2\/comments?post=54443"}],"version-history":[{"count":1,"href":"https:\/\/www.portalalerta.com.br\/index.php\/wp-json\/wp\/v2\/posts\/54443\/revisions"}],"predecessor-version":[{"id":54444,"href":"https:\/\/www.portalalerta.com.br\/index.php\/wp-json\/wp\/v2\/posts\/54443\/revisions\/54444"}],"wp:featuredmedia":[{"embeddable":true,"href":"https:\/\/www.portalalerta.com.br\/index.php\/wp-json\/wp\/v2\/media\/12368"}],"wp:attachment":[{"href":"https:\/\/www.portalalerta.com.br\/index.php\/wp-json\/wp\/v2\/media?parent=54443"}],"wp:term":[{"taxonomy":"category","embeddable":true,"href":"https:\/\/www.portalalerta.com.br\/index.php\/wp-json\/wp\/v2\/categories?post=54443"},{"taxonomy":"post_tag","embeddable":true,"href":"https:\/\/www.portalalerta.com.br\/index.php\/wp-json\/wp\/v2\/tags?post=54443"}],"curies":[{"name":"wp","href":"https:\/\/api.w.org\/{rel}","templated":true}]}}