{"id":54445,"date":"2024-02-15T22:26:01","date_gmt":"2024-02-16T01:26:01","guid":{"rendered":"https:\/\/www.portalalerta.com.br\/?p=54445"},"modified":"2024-02-15T23:13:08","modified_gmt":"2024-02-16T02:13:08","slug":"pc-do-b-declara-apoio-a-nay-grilo-e-coloca-em-risco-candidatura-do-pt-em-ribeira-do-pombal-ba","status":"publish","type":"post","link":"https:\/\/www.portalalerta.com.br\/index.php\/2024\/02\/15\/pc-do-b-declara-apoio-a-nay-grilo-e-coloca-em-risco-candidatura-do-pt-em-ribeira-do-pombal-ba\/","title":{"rendered":"PC do B declara apoio a Nay Grilo, e coloca em risco candidatura do PT em Ribeira do Pombal-BA"},"content":{"rendered":"\n<p>O Diret\u00f3rio Municipal do Partido Comunista do Brasil (PC do B), de Ribeira do Pombal-BA, comunicou atrav\u00e9s de uma nota que apoiar\u00e1 Luzinaide de Queiroz Maciel (Nay Grilo), pr\u00e9-candidata \u00e0 prefeita da cidade no pleito de 2024.<\/p>\n\n\n\n<!--more-->\n\n\n\n<p>A nota ressalta a \u201c<strong><em>fidelidade com as for\u00e7as pol\u00edticas que se contrap\u00f5em aos desmandos do atual governo municipal e apresentam uma alternativa vi\u00e1vel e moderna para o povo pombalense\u201d<\/em><\/strong>.<\/p>\n\n\n<div class=\"wp-block-image\">\n<figure class=\"aligncenter size-large\"><img fetchpriority=\"high\" decoding=\"async\" width=\"1024\" height=\"1024\" src=\"https:\/\/www.portalalerta.com.br\/wp-content\/uploads\/2024\/02\/Nota-do-PC-do-B-Ribeira-do-Pombal-2024-1024x1024.jpeg\" alt=\"\" class=\"wp-image-54448\" srcset=\"https:\/\/www.portalalerta.com.br\/wp-content\/uploads\/2024\/02\/Nota-do-PC-do-B-Ribeira-do-Pombal-2024-1024x1024.jpeg 1024w, https:\/\/www.portalalerta.com.br\/wp-content\/uploads\/2024\/02\/Nota-do-PC-do-B-Ribeira-do-Pombal-2024-240x240.jpeg 240w, https:\/\/www.portalalerta.com.br\/wp-content\/uploads\/2024\/02\/Nota-do-PC-do-B-Ribeira-do-Pombal-2024-768x768.jpeg 768w, https:\/\/www.portalalerta.com.br\/wp-content\/uploads\/2024\/02\/Nota-do-PC-do-B-Ribeira-do-Pombal-2024.jpeg 1284w\" sizes=\"(max-width: 1024px) 100vw, 1024px\" \/><\/figure><\/div>\n\n\n<p>J\u00e1 a pr\u00e9-candidata, aproveitou a oportunidade para agradecer ao apoio do partido em quest\u00e3o, bem como ao vereador Edilson do Barroc\u00e3o, o \u00fanico representante da sigla no legislativo pombalense.<\/p>\n\n\n<div class=\"wp-block-image\">\n<figure class=\"alignleft size-large is-resized\"><img decoding=\"async\" src=\"https:\/\/www.portalalerta.com.br\/wp-content\/uploads\/2024\/01\/Volta-as-aulas-Real-Calcados-2023-819x1024.jpg\" alt=\"\" class=\"wp-image-53504\" width=\"407\" height=\"509\" srcset=\"https:\/\/www.portalalerta.com.br\/wp-content\/uploads\/2024\/01\/Volta-as-aulas-Real-Calcados-2023-819x1024.jpg 819w, https:\/\/www.portalalerta.com.br\/wp-content\/uploads\/2024\/01\/Volta-as-aulas-Real-Calcados-2023-192x240.jpg 192w, https:\/\/www.portalalerta.com.br\/wp-content\/uploads\/2024\/01\/Volta-as-aulas-Real-Calcados-2023-768x960.jpg 768w, https:\/\/www.portalalerta.com.br\/wp-content\/uploads\/2024\/01\/Volta-as-aulas-Real-Calcados-2023.jpg 1080w\" sizes=\"(max-width: 407px) 100vw, 407px\" \/><\/figure><\/div>\n\n\n<p>Desta forma, o PC do B, marca posi\u00e7\u00e3o em rela\u00e7\u00e3o \u00e0s elei\u00e7\u00f5es do corrente ano.<\/p>\n\n\n\n<p><strong>Partido dos Trabalhadores<\/strong><\/p>\n\n\n\n<p>O an\u00fancio do PC do B, caiu como uma bomba no Partido dos Trabalhadores do munic\u00edpio, que v\u00ea o projeto de uma candidatura pr\u00f3pria amea\u00e7ada. Isso porque os dois partidos aliados ao Partido Verde (PV), aderiram \u00e0 Federa\u00e7\u00e3o Partid\u00e1ria, uni\u00e3o que iniciou nas elei\u00e7\u00f5es de 2022, em que elegeu o atual Presidente da Rep\u00fablica Lu\u00edz In\u00e1cio Lula da Silva, devendo permanecer assim at\u00e9 2026.<\/p>\n\n\n\n<p>Segundo informa\u00e7\u00f5es, o PC do B preside a Federa\u00e7\u00e3o em 2024, e o posicionamento recente da sigla em Ribeira do Pombal torna distante a possibilidade do Partido dos Trabalhadores em lan\u00e7ar candidato pr\u00f3prio, bem como candidatos a vereadores que n\u00e3o estejam ligados a alian\u00e7a firmada com o <strong>\u201cGrupo Grilo\u201d<\/strong> nesta elei\u00e7\u00e3o.<\/p>\n\n\n\n<p>Por outro lado, a pr\u00e9-candidatura de Dr. Jairo, hoje presidente do PT pombalense n\u00e3o est\u00e1 totalmente descartada, j\u00e1 que o aposta na possibilidade de mudan\u00e7a de rumos da Federa\u00e7\u00e3o por meio de uma Assembleia, caso contr\u00e1rio, para que o sonho permane\u00e7a vivo, restar\u00e1 ao pol\u00edtico apenas a op\u00e7\u00e3o de deixar o Partido que ele ajudou a fundar, em defesa do seu projeto pol\u00edtico de se tornar prefeito de Ribeira do Pombal-BA.<\/p>\n\n\n\n<p>Dr. Jairo tamb\u00e9m se pronunciou nas redes sociais com uma foto que retrata uma reuni\u00e3o entre membros do Diret\u00f3rio Municipal e a Deputada Estadual F\u00e1tima Nunes (PT), com a seguinte legenda: <strong><em>\u201cComiss\u00e3o Executiva do PT se re\u00fane com a Deputada F\u00e1tima nunes para planejar a\u00e7\u00f5es. Afinal, na Bahia o ano come\u00e7a depois do Carnaval!!! E vem a\u00ed, no pr\u00f3ximo final de semana, lan\u00e7amento da pr\u00e9-candidatura da Professora Larissa!\u201d<\/em><\/strong><\/p>\n\n\n<div class=\"wp-block-image\">\n<figure class=\"aligncenter size-large\"><img decoding=\"async\" width=\"568\" height=\"1024\" src=\"https:\/\/www.portalalerta.com.br\/wp-content\/uploads\/2024\/02\/reuniao-do-PT-Ribeira-do-Pombal-2024-568x1024.jpeg\" alt=\"\" class=\"wp-image-54449\" srcset=\"https:\/\/www.portalalerta.com.br\/wp-content\/uploads\/2024\/02\/reuniao-do-PT-Ribeira-do-Pombal-2024-568x1024.jpeg 568w, https:\/\/www.portalalerta.com.br\/wp-content\/uploads\/2024\/02\/reuniao-do-PT-Ribeira-do-Pombal-2024-133x240.jpeg 133w, https:\/\/www.portalalerta.com.br\/wp-content\/uploads\/2024\/02\/reuniao-do-PT-Ribeira-do-Pombal-2024-768x1384.jpeg 768w, https:\/\/www.portalalerta.com.br\/wp-content\/uploads\/2024\/02\/reuniao-do-PT-Ribeira-do-Pombal-2024-852x1536.jpeg 852w, https:\/\/www.portalalerta.com.br\/wp-content\/uploads\/2024\/02\/reuniao-do-PT-Ribeira-do-Pombal-2024.jpeg 888w\" sizes=\"(max-width: 568px) 100vw, 568px\" \/><\/figure><\/div>\n\n\n<p>Horas antes do pronunciamento do presidente municipal do PT, a Professora Larissa Magalh\u00e3es, pr\u00e9-candidata \u00e0 vereadora pelo partido, cogitou ao PORTAL ALERTA que por conta das movimenta\u00e7\u00f5es pol\u00edticas em tela, poderia adiar o lan\u00e7amento oficial da sua pr\u00e9-candidatura, por\u00e9m o evento permanece marcado para o pr\u00f3ximo dia 18.<\/p>\n\n\n\n<p>Durante a transmiss\u00e3o do programa \u201cEXPRESSO 104\u201d, na Canabrava FM, nesta quinta-feira (15),Jairo voltou a confirmar que <strong><em>\u201ca federa\u00e7\u00e3o ter\u00e1 um candidato, e este candidato se chama Dr. Jairo\u201d<\/em><\/strong>.<\/p>\n\n\n\n<p>De uma coisa o petista tem raz\u00e3o: <strong><em>\u201cO Carnaval passou, e o ano eleitoral j\u00e1 come\u00e7ou\u201d.<\/em><\/strong><\/p>\n\n\n\n<p><em>Reda\u00e7\u00e3o: Portal Alerta<\/em><\/p>\n","protected":false},"excerpt":{"rendered":"<p>O Diret\u00f3rio Municipal do Partido Comunista do Brasil (PC do B), de Ribeira do Pombal-BA, comunicou atrav\u00e9s de uma nota que apoiar\u00e1 Luzinaide de Queiroz Maciel (Nay Grilo), pr\u00e9-candidata \u00e0 prefeita da cidade no pleito de 2024.<\/p>\n","protected":false},"author":2,"featured_media":54446,"comment_status":"open","ping_status":"open","sticky":false,"template":"","format":"standard","meta":{"om_disable_all_campaigns":false,"_monsterinsights_skip_tracking":false,"_monsterinsights_sitenote_active":false,"_monsterinsights_sitenote_note":"","_monsterinsights_sitenote_category":0,"footnotes":""},"categories":[70,69,21,32,3],"tags":[100,71,48,75,4178,4180,3078,5695,129,107,6696,4181,132,230,3934,106,203,120,51,1265,199,304,109,88,47,111,190],"class_list":["post-54445","post","type-post","status-publish","format-standard","has-post-thumbnail","hentry","category-destaques","category-noticias2","category-politica","category-regiao","category-ribeira-do-pombal","tag-adustina","tag-antas","tag-araci","tag-cicero-dantas","tag-cipo-2","tag-crisopolis-2","tag-dr-jairo","tag-eleicoes-2024","tag-euclides-da-cunha","tag-fatima","tag-federacao-brasil-da-esperanca","tag-heliopolis-2","tag-itapicuru","tag-jeremoabo","tag-nay-grilo","tag-nova-soure","tag-novo-triunfo","tag-olindina","tag-paripiranga","tag-pc-do-b","tag-politica","tag-pt","tag-quijingue","tag-ribeira-do-amparo","tag-ribeira-do-pombal","tag-sitio-do-quinto","tag-tucano"],"aioseo_notices":[],"_links":{"self":[{"href":"https:\/\/www.portalalerta.com.br\/index.php\/wp-json\/wp\/v2\/posts\/54445","targetHints":{"allow":["GET"]}}],"collection":[{"href":"https:\/\/www.portalalerta.com.br\/index.php\/wp-json\/wp\/v2\/posts"}],"about":[{"href":"https:\/\/www.portalalerta.com.br\/index.php\/wp-json\/wp\/v2\/types\/post"}],"author":[{"embeddable":true,"href":"https:\/\/www.portalalerta.com.br\/index.php\/wp-json\/wp\/v2\/users\/2"}],"replies":[{"embeddable":true,"href":"https:\/\/www.portalalerta.com.br\/index.php\/wp-json\/wp\/v2\/comments?post=54445"}],"version-history":[{"count":3,"href":"https:\/\/www.portalalerta.com.br\/index.php\/wp-json\/wp\/v2\/posts\/54445\/revisions"}],"predecessor-version":[{"id":54456,"href":"https:\/\/www.portalalerta.com.br\/index.php\/wp-json\/wp\/v2\/posts\/54445\/revisions\/54456"}],"wp:featuredmedia":[{"embeddable":true,"href":"https:\/\/www.portalalerta.com.br\/index.php\/wp-json\/wp\/v2\/media\/54446"}],"wp:attachment":[{"href":"https:\/\/www.portalalerta.com.br\/index.php\/wp-json\/wp\/v2\/media?parent=54445"}],"wp:term":[{"taxonomy":"category","embeddable":true,"href":"https:\/\/www.portalalerta.com.br\/index.php\/wp-json\/wp\/v2\/categories?post=54445"},{"taxonomy":"post_tag","embeddable":true,"href":"https:\/\/www.portalalerta.com.br\/index.php\/wp-json\/wp\/v2\/tags?post=54445"}],"curies":[{"name":"wp","href":"https:\/\/api.w.org\/{rel}","templated":true}]}}