{"id":54452,"date":"2024-02-16T09:00:00","date_gmt":"2024-02-16T12:00:00","guid":{"rendered":"https:\/\/www.portalalerta.com.br\/?p=54452"},"modified":"2024-02-15T23:11:53","modified_gmt":"2024-02-16T02:11:53","slug":"apos-fugas-lewandowski-anuncia-ampliacao-de-sistema-de-alarmes-reforco-de-agentes-e-construcao-de-muralhas-em-presidios-federais","status":"publish","type":"post","link":"https:\/\/www.portalalerta.com.br\/index.php\/2024\/02\/16\/apos-fugas-lewandowski-anuncia-ampliacao-de-sistema-de-alarmes-reforco-de-agentes-e-construcao-de-muralhas-em-presidios-federais\/","title":{"rendered":"Ap\u00f3s fugas, Lewandowski anuncia amplia\u00e7\u00e3o de sistema de alarmes, refor\u00e7o de agentes e constru\u00e7\u00e3o de muralhas em pres\u00eddios federais"},"content":{"rendered":"\n<p><strong>Ministro da Justi\u00e7a tamb\u00e9m disse que vai implementar sistema de reconhecimento facial na entrada dos pres\u00eddios. Lewandowski afirmou que prioridade da pasta no momento \u00e9 recapturar os dois fugitivos da cadeia de Mossor\u00f3.<\/strong><\/p>\n\n\n\n<!--more-->\n\n\n\n<p>O ministro da Justi\u00e7a,&nbsp;<a href=\"https:\/\/g1.globo.com\/tudo-sobre\/ricardo-lewandowski\/\">Ricardo Lewandowski<\/a>, anunciou nesta quinta-feira (15) novas medidas para seguran\u00e7a nos cinco pres\u00eddios federais. Entre as medidas est\u00e3o:<\/p>\n\n\n\n<ul class=\"wp-block-list\">\n<li>amplia\u00e7\u00e3o de sistema de alarmes<\/li>\n\n\n\n<li>refor\u00e7o de agentes de seguran\u00e7a<\/li>\n\n\n\n<li>aperfei\u00e7oamento do sistema de entradas nos pres\u00eddios, com implanta\u00e7\u00e3o de reconhecimento facial<\/li>\n\n\n\n<li>constru\u00e7\u00e3o de muralhas<\/li>\n<\/ul>\n\n\n\n<p>Os pres\u00eddios federais, considerados de seguran\u00e7a m\u00e1xima, s\u00e3o cinco: Mossor\u00f3, Bras\u00edlia, Catanduvas, Campo Grande e Porto Velho.<\/p>\n\n\n\n<p>O ministro deu uma entrevista coletiva sobre a&nbsp;<a href=\"https:\/\/g1.globo.com\/politica\/blog\/andreia-sadi\/post\/2024\/02\/15\/interpol-trabalha-com-risco-de-criminosos-de-mossoro-tentarem-fugir-para-paises-vizinhos.ghtml\">fuga de dois presos<\/a>&nbsp;do pres\u00eddio federal de seguran\u00e7a m\u00e1xima de Mossor\u00f3 (RN), ocorrida na noite de ter\u00e7a (13). Para o ministro, os fugitivos ainda devem estar na regi\u00e3o da cadeia, porque as imagens de v\u00eddeo n\u00e3o mostraram nenhum ve\u00edculo fazendo o resgate.<\/p>\n\n\n\n<p>Lewandowski classificou a fuga como um &#8220;epis\u00f3dio fortuito&#8221;. Ele afirmou que uma reforma que estava sendo feita no pres\u00eddio ajudou os presos a obter ferramentas.<\/p>\n\n\n\n<p>&#8220;Os pres\u00eddios federais s\u00e3o absolutamente seguros. Todos podem continuar confiando nesse sistema&#8221;, ressaltou o ministro.<\/p>\n\n\n\n<p>Ele tamb\u00e9m afirmou que as prioridades da pasta s\u00e3o a recaptura dos fugitivos e a apura\u00e7\u00e3o de eventual falha administrativa ou omiss\u00e3o. O ministro deu detalhes sobre a din\u00e2mica da fuga (veja mais abaixo).<\/p>\n\n\n\n<p>Lewandowski afasta dire\u00e7\u00e3o de pres\u00eddio de seguran\u00e7a m\u00e1xima em que 2 fugiram<\/p>\n\n\n\n<p><strong>Fatores que facilitaram a fuga<\/strong><\/p>\n\n\n\n<p>Os presos fugitivos s\u00e3o: Rog\u00e9rio da Silva Mendon\u00e7a, conhecido como Querubim, e Deibson Cabral Nascimento, o Tatu. Os nomes deles foram inclu\u00eddos na lista da Interpol de procurados internacionalmente.<\/p>\n\n\n\n<p>Na entrevista, Lewandowski listou alguns fatores que podem ter contribu\u00eddo para a fuga dos dois presos.<\/p>\n\n\n\n<p>O ministro relatou que havia uma reforma sendo executada no pres\u00eddio e que as ferramentas n\u00e3o foram armazenadas de forma correta, o que as deixou mais dispon\u00edveis aos presos.<\/p>\n\n\n\n<p><strong><em>&#8220;\u00c9 como uma queda de avi\u00e3o, quando cai, n\u00e3o \u00e9 uma causa \u00fanica. Primeiro que a fuga ocorreu numa ter\u00e7a-feira de carnaval, onde as pessoas est\u00e3o mais relaxadas, outro fator que contribuiu pra isso \u00e9 que o pres\u00eddio estava passando por uma reforma interna e, ent\u00e3o, havia oper\u00e1rios l\u00e1 dentro e, infelizmente as informa\u00e7\u00f5es que temos, \u00e9 que as n\u00e3o estavam [ferramentas] aprisionadas de forma correta, estavam espalhadas&#8221;,<\/em><\/strong> afirmou o ministro.<\/p>\n\n\n\n<p>Al\u00e9m disso, o ministro confirmou que algumas c\u00e2meras de seguran\u00e7a n\u00e3o estavam funcionando no momento da fuga e ainda acrescentou que luzes do pres\u00eddio tamb\u00e9m estavam desligadas.<\/p>\n\n\n\n<p><strong><em>&#8220;\u00c9 verdade, e um outro fator que contribuiu, algumas c\u00e2meras n\u00e3o estavam funcionando adequadamente, assim como algumas luzes que poderiam evitar alguma fuga n\u00e3o estavam funcionando&nbsp;corretamente&#8221;<\/em><\/strong>.<\/p>\n\n\n\n<p><strong>Din\u00e2mica da fuga<\/strong><\/p>\n\n\n\n<p>O ministro ainda relatou detalhes sobre a fuga. Segundo Lewandowski, os problemas no planejamento de uma reforma do pres\u00eddio e o descuido com materiais de constru\u00e7\u00e3o foram fatores cruciais para a execu\u00e7\u00e3o da fuga.<\/p>\n\n\n\n<p>Veja o passo a passo da din\u00e2mica, de acordo com Lewandowski:<\/p>\n\n\n\n<p><strong>Fugiram por falhas no teto<\/strong>: A fuga foi realizada, inicialmente, pela lumin\u00e1ria da cela, segundo o ministro.O movimento foi facilitado por falhas no revestimento ao redor da lumin\u00e1ria. Em vez de o teto ser revestido por concreto, foi realizado um trabalho comum de alvenaria.<\/p>\n\n\n\n<p><strong>Passaram pelas tubula\u00e7\u00f5es:<\/strong>&nbsp;quando os detentos conseguiram sair pela lumin\u00e1ria, de acordo com o ministro, eles entraram para o shaft &#8212; parte onde ficam as tubula\u00e7\u00f5es &#8211;, e de l\u00e1 conseguiram acessar o teto. A pasta afirmou que n\u00e3o havia nenhuma grade ou prote\u00e7\u00e3o, detalhe que faz parte do planejamento de constru\u00e7\u00e3o.<\/p>\n\n\n<div class=\"wp-block-image\">\n<figure class=\"alignleft size-full\"><img fetchpriority=\"high\" decoding=\"async\" width=\"400\" height=\"300\" src=\"https:\/\/www.portalalerta.com.br\/wp-content\/uploads\/2023\/01\/Auto-Escola-Sonho.jpg\" alt=\"\" class=\"wp-image-47083\" srcset=\"https:\/\/www.portalalerta.com.br\/wp-content\/uploads\/2023\/01\/Auto-Escola-Sonho.jpg 400w, https:\/\/www.portalalerta.com.br\/wp-content\/uploads\/2023\/01\/Auto-Escola-Sonho-320x240.jpg 320w\" sizes=\"(max-width: 400px) 100vw, 400px\" \/><\/figure><\/div>\n\n\n<p><strong>Utilizaram ferramentas de constru\u00e7\u00e3o<\/strong>: quando os criminosos ultrapassaram esses obst\u00e1culos, foram encontradas ferramentas usadas para a reforma do pres\u00eddio. O ministro ainda relatou que os presos se depararam com um tapume de metal que protegia o local reformado, ultrapassaram a \u00e1rea e cortaram com um alicate as grades da penitenci\u00e1ria.<\/p>\n\n\n\n<p><strong>Agentes na miss\u00e3o de recaptura<\/strong><\/p>\n\n\n\n<p>Os seguintes contigente e equipamentos est\u00e3o na miss\u00e3o de recaptura os dois fugitivos:<\/p>\n\n\n\n<p>Est\u00e3o sendo usados para realizar a recaptura dos fugitivos:<\/p>\n\n\n\n<ul class=\"wp-block-list\">\n<li>100 agentes&nbsp;da Pol\u00edcia Federal<\/li>\n\n\n\n<li>100 agentes&nbsp;da Pol\u00edcia Rodovi\u00e1ria Federal<\/li>\n\n\n\n<li><em>1<\/em>00 agentes&nbsp;das for\u00e7as policiais locais (civil e militar)<\/li>\n\n\n\n<li>3 helic\u00f3pteros, drones e c\u00e3es farejadores<\/li>\n<\/ul>\n\n\n\n<p><strong>Medidas j\u00e1 tomadas<\/strong><\/p>\n\n\n\n<p>Lewandowski tamb\u00e9m listou a\u00e7\u00f5es tomadas desde a quarta (14) pela pasta ap\u00f3s a fuga. Ele listou, por exemplo, o afastamento da dire\u00e7\u00e3o do pres\u00eddio.<\/p>\n\n\n\n<p>O ministro citou as seguintes medidas:<\/p>\n\n\n\n<ol class=\"wp-block-list\" type=\"1\">\n<li>Ida do secret\u00e1rio Nacional de Pol\u00edticas Penais, Andr\u00e9 Garcia, a Mossor\u00f3. Ele estar\u00e1 acompanhado de uma equipe de seis servidores. O objetivo \u00e9 investigar no local as causas da fuga e avaliar quais a\u00e7\u00f5es administrativas podem ser tomadas.<\/li>\n\n\n\n<li>Abertura de investiga\u00e7\u00f5es por parte da Pol\u00edcia Federal. Envio de uma equipe de peritos da corpora\u00e7\u00e3o ao local, para apurar responsabilidades e atuar na recaptura dos dois fugitivos.<\/li>\n\n\n\n<li>Atua\u00e7\u00e3o das For\u00e7as Integradas de Combate ao Crime Organizado, que unem as pol\u00edcias federais e estaduais nas a\u00e7\u00f5es de repress\u00e3o da criminalidade organizada, para colabor com a busca pelos presos.<\/li>\n\n\n\n<li>Determina\u00e7\u00e3o para que a Pol\u00edcia Federal inclua os nomes dos fugitivos no Sistema de Difus\u00e3o Laranja da Interpol. Tamb\u00e9m ordenou a inclus\u00e3o dos nomes no Sistema de Prote\u00e7\u00e3o de Fronteiras. O objetivo \u00e9 que as buscas possam ser feitas tamb\u00e9m pela comunidade policial internacional.<\/li>\n\n\n\n<li>Acionamento da Pol\u00edcia Rodovi\u00e1ria Federal (PRF) para monitoramento das rodovias em busca dos fugitivos.<\/li>\n\n\n\n<li>Revis\u00e3o de todos os equipamentos e protocolos de seguran\u00e7a nas cinco penitenci\u00e1rias federais.<\/li>\n<\/ol>\n\n\n\n<p><em>Fonte: G1<\/em><\/p>\n","protected":false},"excerpt":{"rendered":"<p>Ministro da Justi\u00e7a tamb\u00e9m disse que vai implementar sistema de reconhecimento facial na entrada dos pres\u00eddios. Lewandowski afirmou que prioridade da pasta no momento \u00e9 recapturar os dois fugitivos da cadeia de Mossor\u00f3.<\/p>\n","protected":false},"author":2,"featured_media":54438,"comment_status":"open","ping_status":"open","sticky":false,"template":"","format":"standard","meta":{"om_disable_all_campaigns":false,"_monsterinsights_skip_tracking":false,"_monsterinsights_sitenote_active":false,"_monsterinsights_sitenote_note":"","_monsterinsights_sitenote_category":0,"footnotes":""},"categories":[34,70,69,3],"tags":[100,71,48,93,75,4178,4180,129,107,137,4181,132,230,1783,1085,106,203,120,51,109,88,47,348,111,190],"class_list":["post-54452","post","type-post","status-publish","format-standard","has-post-thumbnail","hentry","category-brasil","category-destaques","category-noticias2","category-ribeira-do-pombal","tag-adustina","tag-antas","tag-araci","tag-brasil","tag-cicero-dantas","tag-cipo-2","tag-crisopolis-2","tag-euclides-da-cunha","tag-fatima","tag-fuga","tag-heliopolis-2","tag-itapicuru","tag-jeremoabo","tag-ministerio-da-justica","tag-mossoro","tag-nova-soure","tag-novo-triunfo","tag-olindina","tag-paripiranga","tag-quijingue","tag-ribeira-do-amparo","tag-ribeira-do-pombal","tag-rio-grande-do-norte","tag-sitio-do-quinto","tag-tucano"],"aioseo_notices":[],"_links":{"self":[{"href":"https:\/\/www.portalalerta.com.br\/index.php\/wp-json\/wp\/v2\/posts\/54452","targetHints":{"allow":["GET"]}}],"collection":[{"href":"https:\/\/www.portalalerta.com.br\/index.php\/wp-json\/wp\/v2\/posts"}],"about":[{"href":"https:\/\/www.portalalerta.com.br\/index.php\/wp-json\/wp\/v2\/types\/post"}],"author":[{"embeddable":true,"href":"https:\/\/www.portalalerta.com.br\/index.php\/wp-json\/wp\/v2\/users\/2"}],"replies":[{"embeddable":true,"href":"https:\/\/www.portalalerta.com.br\/index.php\/wp-json\/wp\/v2\/comments?post=54452"}],"version-history":[{"count":1,"href":"https:\/\/www.portalalerta.com.br\/index.php\/wp-json\/wp\/v2\/posts\/54452\/revisions"}],"predecessor-version":[{"id":54453,"href":"https:\/\/www.portalalerta.com.br\/index.php\/wp-json\/wp\/v2\/posts\/54452\/revisions\/54453"}],"wp:featuredmedia":[{"embeddable":true,"href":"https:\/\/www.portalalerta.com.br\/index.php\/wp-json\/wp\/v2\/media\/54438"}],"wp:attachment":[{"href":"https:\/\/www.portalalerta.com.br\/index.php\/wp-json\/wp\/v2\/media?parent=54452"}],"wp:term":[{"taxonomy":"category","embeddable":true,"href":"https:\/\/www.portalalerta.com.br\/index.php\/wp-json\/wp\/v2\/categories?post=54452"},{"taxonomy":"post_tag","embeddable":true,"href":"https:\/\/www.portalalerta.com.br\/index.php\/wp-json\/wp\/v2\/tags?post=54452"}],"curies":[{"name":"wp","href":"https:\/\/api.w.org\/{rel}","templated":true}]}}