{"id":54454,"date":"2024-02-16T09:01:00","date_gmt":"2024-02-16T12:01:00","guid":{"rendered":"https:\/\/www.portalalerta.com.br\/?p=54454"},"modified":"2024-02-15T23:14:57","modified_gmt":"2024-02-16T02:14:57","slug":"policia-civil-do-df-indicia-jair-renan-bolsonaro-por-lavagem-de-dinheiro-e-outros-dois-crimes","status":"publish","type":"post","link":"https:\/\/www.portalalerta.com.br\/index.php\/2024\/02\/16\/policia-civil-do-df-indicia-jair-renan-bolsonaro-por-lavagem-de-dinheiro-e-outros-dois-crimes\/","title":{"rendered":"Pol\u00edcia Civil do DF indicia Jair Renan Bolsonaro por lavagem de dinheiro e outros dois crimes"},"content":{"rendered":"\n<p><strong>Relat\u00f3rio final foi encaminhado ao Poder Judici\u00e1rio; Renan tamb\u00e9m foi indiciado por&nbsp;falsidade ideol\u00f3gica e uso de documento falso<\/strong><\/p>\n\n\n\n<!--more-->\n\n\n\n<p>A Pol\u00edcia Civil do Distrito Federal indiciou Jair Renan Bolsonaro, filho do ex-presidente Jair Bolsonaro, pelos crimes de&nbsp;falsidade ideol\u00f3gica, uso de documento falso e lavagem de dinheiro. A investiga\u00e7\u00e3o come\u00e7ou ap\u00f3s a&nbsp;<a href=\"https:\/\/noticias.r7.com\/brasilia\/df-no-ar\/videos\/operacao-nexum-policia-civil-do-df-cumpre-mandados-de-busca-e-apreensao-contra-jair-renan-bolsonaro-25082023\"><strong>Opera\u00e7\u00e3o Nexum<\/strong><\/a>, conduzida pelo Departamento de Combate \u00e0 Corrup\u00e7\u00e3o e ao Crime Organizado (Decor), e que apurou um esquema de estelionato, falsifica\u00e7\u00e3o de documentos, sonega\u00e7\u00e3o fiscal e lavagem de dinheiro. Ao&nbsp;<strong>R7<\/strong>, a defesa de Jair Renan afirmou que n\u00e3o vai se manifestar sobre o indiciamento.<\/p>\n\n\n\n<p>O documento da corpora\u00e7\u00e3o, enviado ao Poder Judici\u00e1rio em 8 de fevereiro, tamb\u00e9m indiciou Maciel Carvalho, instrutor de tiro de Jair Renan e principal alvo da opera\u00e7\u00e3o policial. Ele j\u00e1 tinha registros criminais por&nbsp;falsifica\u00e7\u00e3o de documentos, estelionato, organiza\u00e7\u00e3o criminosa, peculato, lavagem de dinheiro, corrup\u00e7\u00e3o ativa, uso de documento falso e disparo de arma de fogo. A defesa de Maciel Carvalho n\u00e3o foi localizada, o espa\u00e7o segue aberto para manifesta\u00e7\u00e3o.<\/p>\n\n\n\n<p>A Pol\u00edcia Civil informou, em nota, que o processo ainda continua sob sigilo, <strong><em>&#8220;raz\u00e3o pela qual n\u00e3o ser\u00e3o fornecidos mais detalhes&#8221;<\/em><\/strong>.&nbsp;<\/p>\n\n\n\n<p><strong>Funcion\u00e1rios &#8216;laranjas&#8217;<\/strong><\/p>\n\n\n<div class=\"wp-block-image\">\n<figure class=\"alignleft size-large is-resized\"><img fetchpriority=\"high\" decoding=\"async\" src=\"https:\/\/www.portalalerta.com.br\/wp-content\/uploads\/2024\/01\/Volta-as-aulas-Real-Calcados-2023-819x1024.jpg\" alt=\"\" class=\"wp-image-53504\" width=\"448\" height=\"560\" srcset=\"https:\/\/www.portalalerta.com.br\/wp-content\/uploads\/2024\/01\/Volta-as-aulas-Real-Calcados-2023-819x1024.jpg 819w, https:\/\/www.portalalerta.com.br\/wp-content\/uploads\/2024\/01\/Volta-as-aulas-Real-Calcados-2023-192x240.jpg 192w, https:\/\/www.portalalerta.com.br\/wp-content\/uploads\/2024\/01\/Volta-as-aulas-Real-Calcados-2023-768x960.jpg 768w, https:\/\/www.portalalerta.com.br\/wp-content\/uploads\/2024\/01\/Volta-as-aulas-Real-Calcados-2023.jpg 1080w\" sizes=\"(max-width: 448px) 100vw, 448px\" \/><\/figure><\/div>\n\n\n<p>Segundo a investiga\u00e7\u00e3o da Opera\u00e7\u00e3o Nexum, o grupo investigado operava por meio de funcion\u00e1rios &#8220;laranjas&#8221; para mascarar os reais propriet\u00e1rios de empresas fict\u00edcias. Para estabelecer essas empresas fantasmas, eles recorriam ao uso de identidades falsas na abertura de contas banc\u00e1rias.<\/p>\n\n\n\n<p>Al\u00e9m disso, os policiais descobriram que os investigados falsificavam informa\u00e7\u00f5es de faturamento e outros documentos das empresas investigadas, usando dados de contadores sem o consentimento para incluir declara\u00e7\u00f5es falsas.<\/p>\n\n\n\n<p><strong>Alvo de opera\u00e7\u00e3o da Pol\u00edcia Federal<\/strong><\/p>\n\n\n\n<p>Jair Renan \u00e9 o quarto filho de Bolsonaro, conhecido como &#8220;04&#8221;, fruto do relacionamento com Ana Cristina Valle. Ele j\u00e1 havia sido&nbsp;<a href=\"https:\/\/noticias.r7.com\/brasilia\/nao-sei-se-esta-certo-ou-errado-disse-bolsonaro-sobre-jair-renan-em-2022-24082023\"><strong>alvo da Pol\u00edcia Federal em 2021<\/strong><\/a>, quando foi aberto um inqu\u00e9rito para apurar neg\u00f3cios em que o filho mais novo do ex-presidente era envolvido.<\/p>\n\n\n\n<p><em>Fonte: R7<\/em><\/p>\n","protected":false},"excerpt":{"rendered":"<p>Relat\u00f3rio final foi encaminhado ao Poder Judici\u00e1rio; Renan tamb\u00e9m foi indiciado por&nbsp;falsidade ideol\u00f3gica e uso de documento falso<\/p>\n","protected":false},"author":2,"featured_media":42020,"comment_status":"open","ping_status":"open","sticky":false,"template":"","format":"standard","meta":{"om_disable_all_campaigns":false,"_monsterinsights_skip_tracking":false,"_monsterinsights_sitenote_active":false,"_monsterinsights_sitenote_note":"","_monsterinsights_sitenote_category":0,"footnotes":""},"categories":[34,70,69,22],"tags":[100,71,48,75,4178,4180,539,129,107,4181,6108,132,6697,230,1044,106,203,120,51,122,109,88,47,111,190],"class_list":["post-54454","post","type-post","status-publish","format-standard","has-post-thumbnail","hentry","category-brasil","category-destaques","category-noticias2","category-seguranca","tag-adustina","tag-antas","tag-araci","tag-cicero-dantas","tag-cipo-2","tag-crisopolis-2","tag-distrito-federal","tag-euclides-da-cunha","tag-fatima","tag-heliopolis-2","tag-indiciamento","tag-itapicuru","tag-jair-renam","tag-jeremoabo","tag-lavagem-de-dinheiro","tag-nova-soure","tag-novo-triunfo","tag-olindina","tag-paripiranga","tag-policia-civil","tag-quijingue","tag-ribeira-do-amparo","tag-ribeira-do-pombal","tag-sitio-do-quinto","tag-tucano"],"aioseo_notices":[],"_links":{"self":[{"href":"https:\/\/www.portalalerta.com.br\/index.php\/wp-json\/wp\/v2\/posts\/54454","targetHints":{"allow":["GET"]}}],"collection":[{"href":"https:\/\/www.portalalerta.com.br\/index.php\/wp-json\/wp\/v2\/posts"}],"about":[{"href":"https:\/\/www.portalalerta.com.br\/index.php\/wp-json\/wp\/v2\/types\/post"}],"author":[{"embeddable":true,"href":"https:\/\/www.portalalerta.com.br\/index.php\/wp-json\/wp\/v2\/users\/2"}],"replies":[{"embeddable":true,"href":"https:\/\/www.portalalerta.com.br\/index.php\/wp-json\/wp\/v2\/comments?post=54454"}],"version-history":[{"count":1,"href":"https:\/\/www.portalalerta.com.br\/index.php\/wp-json\/wp\/v2\/posts\/54454\/revisions"}],"predecessor-version":[{"id":54457,"href":"https:\/\/www.portalalerta.com.br\/index.php\/wp-json\/wp\/v2\/posts\/54454\/revisions\/54457"}],"wp:featuredmedia":[{"embeddable":true,"href":"https:\/\/www.portalalerta.com.br\/index.php\/wp-json\/wp\/v2\/media\/42020"}],"wp:attachment":[{"href":"https:\/\/www.portalalerta.com.br\/index.php\/wp-json\/wp\/v2\/media?parent=54454"}],"wp:term":[{"taxonomy":"category","embeddable":true,"href":"https:\/\/www.portalalerta.com.br\/index.php\/wp-json\/wp\/v2\/categories?post=54454"},{"taxonomy":"post_tag","embeddable":true,"href":"https:\/\/www.portalalerta.com.br\/index.php\/wp-json\/wp\/v2\/tags?post=54454"}],"curies":[{"name":"wp","href":"https:\/\/api.w.org\/{rel}","templated":true}]}}