{"id":54582,"date":"2024-02-22T07:02:00","date_gmt":"2024-02-22T10:02:00","guid":{"rendered":"https:\/\/www.portalalerta.com.br\/?p=54582"},"modified":"2024-02-21T22:39:38","modified_gmt":"2024-02-22T01:39:38","slug":"pacheco-espera-lista-do-stf-sobre-parlamentares-monitorados-pela-abin-paralela","status":"publish","type":"post","link":"https:\/\/www.portalalerta.com.br\/index.php\/2024\/02\/22\/pacheco-espera-lista-do-stf-sobre-parlamentares-monitorados-pela-abin-paralela\/","title":{"rendered":"Pacheco espera lista do STF sobre parlamentares monitorados pela &#8216;Abin paralela&#8217;"},"content":{"rendered":"\n<p><strong>Segundo presidente do Senado, Supremo Tribunal Federal ainda n\u00e3o enviou a nomes dos parlamentares espionados ilegalmente<\/strong><\/p>\n\n\n\n<!--more-->\n\n\n<div class=\"wp-block-image\">\n<figure class=\"alignleft size-large is-resized\"><img fetchpriority=\"high\" decoding=\"async\" src=\"https:\/\/www.portalalerta.com.br\/wp-content\/uploads\/2024\/01\/Volta-as-aulas-Real-Calcados-2023-819x1024.jpg\" alt=\"\" class=\"wp-image-53504\" width=\"413\" height=\"516\" srcset=\"https:\/\/www.portalalerta.com.br\/wp-content\/uploads\/2024\/01\/Volta-as-aulas-Real-Calcados-2023-819x1024.jpg 819w, https:\/\/www.portalalerta.com.br\/wp-content\/uploads\/2024\/01\/Volta-as-aulas-Real-Calcados-2023-192x240.jpg 192w, https:\/\/www.portalalerta.com.br\/wp-content\/uploads\/2024\/01\/Volta-as-aulas-Real-Calcados-2023-768x960.jpg 768w, https:\/\/www.portalalerta.com.br\/wp-content\/uploads\/2024\/01\/Volta-as-aulas-Real-Calcados-2023.jpg 1080w\" sizes=\"(max-width: 413px) 100vw, 413px\" \/><\/figure><\/div>\n\n\n<p>O presidente do Senado, Rodrigo Pacheco (PSD-MG), afirmou nesta quarta-feira (21) que ainda aguarda que o Supremo Tribunal Federal envie a&nbsp;<a href=\"https:\/\/noticias.r7.com\/brasilia\/pacheco-stf-lista-parlamentares-monitorados-abin-paralela-31012024\"><strong>lista dos nomes dos parlamentares que possivelmente foram<\/strong><\/a>&nbsp;alvo de monitoramento ilegal atrav\u00e9s do sistema da Abin (Ag\u00eancia Brasileira de Intelig\u00eancia), no epis\u00f3dio conhecido como <strong><em>&#8220;Abin paralela&#8221;<\/em><\/strong>. Em 31 de janeiro, Pacheco formalizou um pedido ao Supremo nesse sentido. Ele destacou que \u00e9 um direito do Congresso Nacional ter acesso \u00e0s informa\u00e7\u00f5es sobre quem foi monitorado ilegalmente.<\/p>\n\n\n\n<p><strong><em>&#8220;Tenho absoluta convic\u00e7\u00e3o de que o Supremo Tribunal Federal compreende as circunst\u00e2ncias e espero receber as informa\u00e7\u00f5es em breve. \u00c9 um direito do Congresso saber quem foi monitorado ilegalmente&#8221;<\/em><\/strong>, comentou o presidente do Senado.<\/p>\n\n\n\n<p>De acordo com as investiga\u00e7\u00f5es da Pol\u00edcia Federal, o suposto uso indevido de uma ferramenta da Abin foi utilizado para monitorar autoridades brasileiras, incluindo os ministros do Supremo Tribunal Federal Alexandre de Moraes e Gilmar Mendes. Durante a opera\u00e7\u00e3o conduzida para apurar o caso, a PF realizou buscas em endere\u00e7os relacionados ao deputado federal e ex-diretor-geral da ag\u00eancia, Alexandre Ramagem (PL-RJ), e ao vereador Carlos Bolsonaro (Republicanos-RJ), filho do ex-presidente Jair Bolsonaro.<\/p>\n\n\n\n<p>A apura\u00e7\u00e3o da PF mostrou que os investigados criaram uma estrutura paralela dentro da Abin. <strong><em>&#8220;[O grupo] utilizou ferramentas e servi\u00e7os daquela ag\u00eancia de intelig\u00eancia do Estado para a\u00e7\u00f5es il\u00edcitas, produzindo informa\u00e7\u00f5es para uso pol\u00edtico e midi\u00e1tico, para a obten\u00e7\u00e3o de proveitos pessoais e at\u00e9 mesmo para interferir em investiga\u00e7\u00f5es da Pol\u00edcia Federal.&#8221;<\/em><\/strong><\/p>\n\n\n\n<p>O sistema teria sido usado em milhares de monitoramentos ilegais e chegou a acompanhar os passos de ministros do Supremo e de pol\u00edticos.<\/p>\n\n\n\n<p><em>Fonte: R7<\/em><\/p>\n","protected":false},"excerpt":{"rendered":"<p>Segundo presidente do Senado, Supremo Tribunal Federal ainda n\u00e3o enviou a nomes dos parlamentares espionados ilegalmente<\/p>\n","protected":false},"author":2,"featured_media":32518,"comment_status":"open","ping_status":"open","sticky":false,"template":"","format":"standard","meta":{"om_disable_all_campaigns":false,"_monsterinsights_skip_tracking":false,"_monsterinsights_sitenote_active":false,"_monsterinsights_sitenote_note":"","_monsterinsights_sitenote_category":0,"footnotes":""},"categories":[34,70,69,21],"tags":[416,100,71,48,93,75,4178,4180,5989,129,107,4181,132,230,106,203,120,51,109,88,47,4199,235,111,190],"class_list":["post-54582","post","type-post","status-publish","format-standard","has-post-thumbnail","hentry","category-brasil","category-destaques","category-noticias2","category-politica","tag-abin","tag-adustina","tag-antas","tag-araci","tag-brasil","tag-cicero-dantas","tag-cipo-2","tag-crisopolis-2","tag-espionagem","tag-euclides-da-cunha","tag-fatima","tag-heliopolis-2","tag-itapicuru","tag-jeremoabo","tag-nova-soure","tag-novo-triunfo","tag-olindina","tag-paripiranga","tag-quijingue","tag-ribeira-do-amparo","tag-ribeira-do-pombal","tag-rodrigo-pacheco","tag-senado-federal","tag-sitio-do-quinto","tag-tucano"],"aioseo_notices":[],"_links":{"self":[{"href":"https:\/\/www.portalalerta.com.br\/index.php\/wp-json\/wp\/v2\/posts\/54582","targetHints":{"allow":["GET"]}}],"collection":[{"href":"https:\/\/www.portalalerta.com.br\/index.php\/wp-json\/wp\/v2\/posts"}],"about":[{"href":"https:\/\/www.portalalerta.com.br\/index.php\/wp-json\/wp\/v2\/types\/post"}],"author":[{"embeddable":true,"href":"https:\/\/www.portalalerta.com.br\/index.php\/wp-json\/wp\/v2\/users\/2"}],"replies":[{"embeddable":true,"href":"https:\/\/www.portalalerta.com.br\/index.php\/wp-json\/wp\/v2\/comments?post=54582"}],"version-history":[{"count":1,"href":"https:\/\/www.portalalerta.com.br\/index.php\/wp-json\/wp\/v2\/posts\/54582\/revisions"}],"predecessor-version":[{"id":54583,"href":"https:\/\/www.portalalerta.com.br\/index.php\/wp-json\/wp\/v2\/posts\/54582\/revisions\/54583"}],"wp:featuredmedia":[{"embeddable":true,"href":"https:\/\/www.portalalerta.com.br\/index.php\/wp-json\/wp\/v2\/media\/32518"}],"wp:attachment":[{"href":"https:\/\/www.portalalerta.com.br\/index.php\/wp-json\/wp\/v2\/media?parent=54582"}],"wp:term":[{"taxonomy":"category","embeddable":true,"href":"https:\/\/www.portalalerta.com.br\/index.php\/wp-json\/wp\/v2\/categories?post=54582"},{"taxonomy":"post_tag","embeddable":true,"href":"https:\/\/www.portalalerta.com.br\/index.php\/wp-json\/wp\/v2\/tags?post=54582"}],"curies":[{"name":"wp","href":"https:\/\/api.w.org\/{rel}","templated":true}]}}