{"id":54717,"date":"2024-02-27T19:12:29","date_gmt":"2024-02-27T22:12:29","guid":{"rendered":"https:\/\/www.portalalerta.com.br\/?p=54717"},"modified":"2024-02-27T19:12:30","modified_gmt":"2024-02-27T22:12:30","slug":"israel-diz-ter-encontrado-tunel-de-10-km-que-liga-norte-ao-sul-da-faixa-de-gaza","status":"publish","type":"post","link":"https:\/\/www.portalalerta.com.br\/index.php\/2024\/02\/27\/israel-diz-ter-encontrado-tunel-de-10-km-que-liga-norte-ao-sul-da-faixa-de-gaza\/","title":{"rendered":"Israel diz ter encontrado t\u00fanel de 10 km que liga norte ao sul da Faixa de Gaza"},"content":{"rendered":"\n<p>Grande parte da rede de t\u00faneis teria sido destru\u00edda; tamb\u00e9m foram encontradas salas, incluindo casas de banho e instala\u00e7\u00f5es de armazenamento<\/p>\n\n\n\n<!--more-->\n\n\n\n<p><a href=\"https:\/\/www.cnnbrasil.com.br\/internacional\/exclusivo-israel-atacou-comboio-de-alimentos-da-onu-em-gaza-mostram-documentos-e-analise-de-satelite\/\" target=\"_blank\" rel=\"noreferrer noopener\">O Ex\u00e9rcito israelense divulgou uma s\u00e9rie de imagens editadas<\/a>&nbsp;nesta segunda-feira (26) mostrando o que disseram ser o interior de um t\u00fanel de 10 quil\u00f4metros que passava por baixo de um hospital e de uma universidade na Faixa de Gaza.<\/p>\n\n\n\n<p>A rede de t\u00faneis ligaria o norte e o sul do territ\u00f3rio palestino e uma grande parte foi destru\u00edda pelos militares.<\/p>\n\n\n\n<p>Ainda segundo as For\u00e7as Armadas, o v\u00eddeo mostra leitos dentro do t\u00fanel e longos po\u00e7os, assim como imagens externas de drones com supostas entradas para a passagem.<\/p>\n\n\n\n<p>Em outro comunicado, as autoridades pontuaram terem descoberto salas, incluindo casas de banho, instala\u00e7\u00f5es de armazenamento de armas e equipamento de combate, e corpos de combatentes deixados no t\u00fanel.<\/p>\n\n\n<div class=\"wp-block-image\">\n<figure class=\"alignleft size-full\"><img fetchpriority=\"high\" decoding=\"async\" width=\"400\" height=\"300\" src=\"https:\/\/www.portalalerta.com.br\/wp-content\/uploads\/2023\/01\/Auto-Escola-Sonho.jpg\" alt=\"\" class=\"wp-image-47083\" srcset=\"https:\/\/www.portalalerta.com.br\/wp-content\/uploads\/2023\/01\/Auto-Escola-Sonho.jpg 400w, https:\/\/www.portalalerta.com.br\/wp-content\/uploads\/2023\/01\/Auto-Escola-Sonho-320x240.jpg 320w\" sizes=\"(max-width: 400px) 100vw, 400px\" \/><\/figure><\/div>\n\n\n<p>&nbsp;A localiza\u00e7\u00e3o externa foi verificada a partir da forma e posi\u00e7\u00e3o dos edif\u00edcios, passarelas e paredes que correspondem \u00e0s imagens de arquivo e de sat\u00e9lite da \u00e1rea. A Reuters n\u00e3o conseguiu verificar de forma independente a data em que o v\u00eddeo foi filmado.<\/p>\n\n\n\n<p>Tamb\u00e9m n\u00e3o foi poss\u00edvel verificar de forma independente o local ou a data em que os v\u00eddeos foram filmados.<\/p>\n\n\n\n<p>A guerra de Israel na Faixa de Gaza eclodiu ap\u00f3s o ataque liderado pelo Hamas ao sul de Israel em 7 de outubro, que matou cerca de 1.200 israelenses e estrangeiros, segundo registros israelenses.<\/p>\n\n\n\n<p>At\u00e9 agora, quase 30 mil palestinos foram mortos em Gaza, segundo as autoridades de sa\u00fade palestinas,&nbsp;<a href=\"https:\/\/www.cnnbrasil.com.br\/internacional\/militares-israelenses-apresentam-plano-para-retirar-civis-antes-de-nova-ofensiva-em-gaza\/\" target=\"_blank\" rel=\"noreferrer noopener\">e quase toda a popula\u00e7\u00e3o foi expulsa das suas casas<\/a>.<\/p>\n\n\n\n<p><em>Fonte: CNN<\/em><\/p>\n","protected":false},"excerpt":{"rendered":"<p>Grande parte da rede de t\u00faneis teria sido destru\u00edda; tamb\u00e9m foram encontradas salas, incluindo casas de banho e instala\u00e7\u00f5es de armazenamento<\/p>\n","protected":false},"author":2,"featured_media":54712,"comment_status":"open","ping_status":"open","sticky":false,"template":"","format":"standard","meta":{"om_disable_all_campaigns":false,"_monsterinsights_skip_tracking":false,"_monsterinsights_sitenote_active":false,"_monsterinsights_sitenote_note":"","_monsterinsights_sitenote_category":0,"footnotes":""},"categories":[70,35,69],"tags":[100,71,48,75,4178,4180,129,107,6405,4181,858,132,230,339,106,203,120,51,109,88,47,111,190,6721],"class_list":["post-54717","post","type-post","status-publish","format-standard","has-post-thumbnail","hentry","category-destaques","category-mundo","category-noticias2","tag-adustina","tag-antas","tag-araci","tag-cicero-dantas","tag-cipo-2","tag-crisopolis-2","tag-euclides-da-cunha","tag-fatima","tag-gaza","tag-heliopolis-2","tag-israel","tag-itapicuru","tag-jeremoabo","tag-mundo","tag-nova-soure","tag-novo-triunfo","tag-olindina","tag-paripiranga","tag-quijingue","tag-ribeira-do-amparo","tag-ribeira-do-pombal","tag-sitio-do-quinto","tag-tucano","tag-tunel"],"aioseo_notices":[],"_links":{"self":[{"href":"https:\/\/www.portalalerta.com.br\/index.php\/wp-json\/wp\/v2\/posts\/54717","targetHints":{"allow":["GET"]}}],"collection":[{"href":"https:\/\/www.portalalerta.com.br\/index.php\/wp-json\/wp\/v2\/posts"}],"about":[{"href":"https:\/\/www.portalalerta.com.br\/index.php\/wp-json\/wp\/v2\/types\/post"}],"author":[{"embeddable":true,"href":"https:\/\/www.portalalerta.com.br\/index.php\/wp-json\/wp\/v2\/users\/2"}],"replies":[{"embeddable":true,"href":"https:\/\/www.portalalerta.com.br\/index.php\/wp-json\/wp\/v2\/comments?post=54717"}],"version-history":[{"count":1,"href":"https:\/\/www.portalalerta.com.br\/index.php\/wp-json\/wp\/v2\/posts\/54717\/revisions"}],"predecessor-version":[{"id":54718,"href":"https:\/\/www.portalalerta.com.br\/index.php\/wp-json\/wp\/v2\/posts\/54717\/revisions\/54718"}],"wp:featuredmedia":[{"embeddable":true,"href":"https:\/\/www.portalalerta.com.br\/index.php\/wp-json\/wp\/v2\/media\/54712"}],"wp:attachment":[{"href":"https:\/\/www.portalalerta.com.br\/index.php\/wp-json\/wp\/v2\/media?parent=54717"}],"wp:term":[{"taxonomy":"category","embeddable":true,"href":"https:\/\/www.portalalerta.com.br\/index.php\/wp-json\/wp\/v2\/categories?post=54717"},{"taxonomy":"post_tag","embeddable":true,"href":"https:\/\/www.portalalerta.com.br\/index.php\/wp-json\/wp\/v2\/tags?post=54717"}],"curies":[{"name":"wp","href":"https:\/\/api.w.org\/{rel}","templated":true}]}}