{"id":54805,"date":"2024-03-02T13:31:39","date_gmt":"2024-03-02T16:31:39","guid":{"rendered":"https:\/\/www.portalalerta.com.br\/?p=54805"},"modified":"2024-03-02T13:31:40","modified_gmt":"2024-03-02T16:31:40","slug":"jeremoabo-ba-prefeito-deri-anuncia-oficialmente-matheus-como-candidato-a-sucessao-municipal","status":"publish","type":"post","link":"https:\/\/www.portalalerta.com.br\/index.php\/2024\/03\/02\/jeremoabo-ba-prefeito-deri-anuncia-oficialmente-matheus-como-candidato-a-sucessao-municipal\/","title":{"rendered":"Jeremoabo-BA: Prefeito Deri anuncia oficialmente Matheus como candidato \u00e0 sucess\u00e3o municipal"},"content":{"rendered":"\n<p>Com pompas de grande evento, o Prefeito de Jeremoabo-BA, Derisvaldo Jos\u00e9 dos Santos, anunciou em entrevista numa emissora de r\u00e1dio da cidade, seu pr\u00e9-candidato \u00e0 sucess\u00e3o municipal nas pr\u00f3ximas elei\u00e7\u00f5es em Outubro.<\/p>\n\n\n\n<!--more-->\n\n\n\n<p>O candidato oficializado, Matheus (PP), \u00e9 sobrinho do Prefeito, nem t\u00e3o conhecido como os outros candidatos j\u00e1 lan\u00e7ados, o vice-prefeito F\u00e1bio da Farm\u00e1cia (PT) e Tista de Deda (PSD), aposta no apoio do Prefeito e no grupo.<\/p>\n\n\n\n<p>A tarefa \u00e9 grande j\u00e1 que o grupo parece est\u00e1 menor com as sa\u00eddas do vice-prefeito F\u00e1bio da Farm\u00e1cia (PT) para outro projeto e do vereador Erick, que come\u00e7ou no apoio a gest\u00e3o. Entretanto, quem tem a m\u00e1quina governamental na m\u00e3o, tem sempre mil raz\u00f5es para estar em constante crescimento.<\/p>\n\n\n\n<p>Fez parte da entrevista Ed\u00edzio Nunes, membro do Diret\u00f3rio Estadual do PT, que questionou a candidatura de F\u00e1bio pelo PT, argumentando que&nbsp;<strong><em>\u201ca Dire\u00e7\u00e3o n\u00e3o decidi s\u00f3&#8230; toda decis\u00e3o local \u00e9 vinculada a Dire\u00e7\u00e3o Estadual&#8230; qualquer outra coisa n\u00e3o tem validade&#8230; n\u00e3o h\u00e1 decis\u00e3o porque \u00e9 preciso ter Encontro Municipal&#8230; ser filiado n\u00e3o dar o direito autom\u00e1tico ser candidato&#8230;\u201d<\/em><\/strong>&nbsp;e afirmou que \u201c<strong><em>o palanque do Governador em Jeremoabo ser\u00e1 o de Deri&#8230; o Governador estar\u00e1 no palanque de Deri&#8230;\u201d.<\/em><\/strong><\/p>\n\n\n\n<p>O Prefeito Deri ainda comentou sobre a sa\u00edda de F\u00e1bio do grupo dizendo que ele sempre dizia que n\u00e3o queria ser candidato e que, inclusive, apoiava o nome de Matheus e cobrava porque ainda eu n\u00e3o estava andando com Matheus.<\/p>\n\n\n\n<p>Questionado sobre boatos de vereadores que estariam deixando a base, o Prefeito afirmou que vai conversar com cada um e n\u00e3o confirmou a sa\u00edda ou perman\u00eancia dos mesmos.<\/p>\n\n\n\n<p>Entretanto, anunciou o retorno de Neto, que estava ocupando a Secretaria de Infraestrutura, para a C\u00e2mara de Vereadores, assumindo o lugar de Zominho, vereador at\u00e9 ent\u00e3o da base de apoio.<\/p>\n\n\n<div class=\"wp-block-image\">\n<figure class=\"alignleft size-full\"><img fetchpriority=\"high\" decoding=\"async\" width=\"400\" height=\"300\" src=\"https:\/\/www.portalalerta.com.br\/wp-content\/uploads\/2023\/01\/Auto-Escola-Sonho.jpg\" alt=\"\" class=\"wp-image-47083\" srcset=\"https:\/\/www.portalalerta.com.br\/wp-content\/uploads\/2023\/01\/Auto-Escola-Sonho.jpg 400w, https:\/\/www.portalalerta.com.br\/wp-content\/uploads\/2023\/01\/Auto-Escola-Sonho-320x240.jpg 320w\" sizes=\"(max-width: 400px) 100vw, 400px\" \/><\/figure><\/div>\n\n\n<p>O pr\u00e9-candidato Matheus, extremamente nervoso, natural nessas estreias, n\u00e3o mostrou muito neste in\u00edcio, talvez tivesse sido necess\u00e1rio um preparo melhor, mas se disse disposto \u00e0 luta.<\/p>\n\n\n\n<p>Quanto ao candidato a vice, a vaga continua aberta e foram desmentidos os boatos de que Tista Andrade, Secret\u00e1rio de Administra\u00e7\u00e3o e de Obras, fosse o candidato e a vaga continua aberta, inclusive, segundo o Deri, para o pr\u00f3prio F\u00e1bio se assim quisesse ocupar o cargo.<\/p>\n\n\n\n<p>Assim, a cada cap\u00edtulo, cresce a movimenta\u00e7\u00e3o pol\u00edtica para as pr\u00f3ximas elei\u00e7\u00f5es, mas parece que nem tudo ainda est\u00e1 definido.<\/p>\n\n\n\n<p><em>Fonte: Jeremoabo.com.br<\/em><\/p>\n","protected":false},"excerpt":{"rendered":"<p>Com pompas de grande evento, o Prefeito de Jeremoabo-BA, Derisvaldo Jos\u00e9 dos Santos, anunciou em entrevista numa emissora de r\u00e1dio da cidade, seu pr\u00e9-candidato \u00e0 sucess\u00e3o municipal nas pr\u00f3ximas elei\u00e7\u00f5es em Outubro.<\/p>\n","protected":false},"author":2,"featured_media":54802,"comment_status":"open","ping_status":"open","sticky":false,"template":"","format":"standard","meta":{"om_disable_all_campaigns":false,"_monsterinsights_skip_tracking":false,"_monsterinsights_sitenote_active":false,"_monsterinsights_sitenote_note":"","_monsterinsights_sitenote_category":0,"footnotes":""},"categories":[70,9,69,21,32],"tags":[100,71,48,75,4178,4180,5695,129,107,4181,132,230,106,203,120,51,109,88,47,111,190],"class_list":["post-54805","post","type-post","status-publish","format-standard","has-post-thumbnail","hentry","category-destaques","category-jeremoabo","category-noticias2","category-politica","category-regiao","tag-adustina","tag-antas","tag-araci","tag-cicero-dantas","tag-cipo-2","tag-crisopolis-2","tag-eleicoes-2024","tag-euclides-da-cunha","tag-fatima","tag-heliopolis-2","tag-itapicuru","tag-jeremoabo","tag-nova-soure","tag-novo-triunfo","tag-olindina","tag-paripiranga","tag-quijingue","tag-ribeira-do-amparo","tag-ribeira-do-pombal","tag-sitio-do-quinto","tag-tucano"],"aioseo_notices":[],"_links":{"self":[{"href":"https:\/\/www.portalalerta.com.br\/index.php\/wp-json\/wp\/v2\/posts\/54805","targetHints":{"allow":["GET"]}}],"collection":[{"href":"https:\/\/www.portalalerta.com.br\/index.php\/wp-json\/wp\/v2\/posts"}],"about":[{"href":"https:\/\/www.portalalerta.com.br\/index.php\/wp-json\/wp\/v2\/types\/post"}],"author":[{"embeddable":true,"href":"https:\/\/www.portalalerta.com.br\/index.php\/wp-json\/wp\/v2\/users\/2"}],"replies":[{"embeddable":true,"href":"https:\/\/www.portalalerta.com.br\/index.php\/wp-json\/wp\/v2\/comments?post=54805"}],"version-history":[{"count":1,"href":"https:\/\/www.portalalerta.com.br\/index.php\/wp-json\/wp\/v2\/posts\/54805\/revisions"}],"predecessor-version":[{"id":54806,"href":"https:\/\/www.portalalerta.com.br\/index.php\/wp-json\/wp\/v2\/posts\/54805\/revisions\/54806"}],"wp:featuredmedia":[{"embeddable":true,"href":"https:\/\/www.portalalerta.com.br\/index.php\/wp-json\/wp\/v2\/media\/54802"}],"wp:attachment":[{"href":"https:\/\/www.portalalerta.com.br\/index.php\/wp-json\/wp\/v2\/media?parent=54805"}],"wp:term":[{"taxonomy":"category","embeddable":true,"href":"https:\/\/www.portalalerta.com.br\/index.php\/wp-json\/wp\/v2\/categories?post=54805"},{"taxonomy":"post_tag","embeddable":true,"href":"https:\/\/www.portalalerta.com.br\/index.php\/wp-json\/wp\/v2\/tags?post=54805"}],"curies":[{"name":"wp","href":"https:\/\/api.w.org\/{rel}","templated":true}]}}