{"id":54813,"date":"2024-03-02T13:50:39","date_gmt":"2024-03-02T16:50:39","guid":{"rendered":"https:\/\/www.portalalerta.com.br\/?p=54813"},"modified":"2024-03-02T13:56:08","modified_gmt":"2024-03-02T16:56:08","slug":"destino-de-partidos-da-federacao-brasil-da-esperanca-para-eleicoes-2024-podera-ser-decidida-pela-federacao-estadual","status":"publish","type":"post","link":"https:\/\/www.portalalerta.com.br\/index.php\/2024\/03\/02\/destino-de-partidos-da-federacao-brasil-da-esperanca-para-eleicoes-2024-podera-ser-decidida-pela-federacao-estadual\/","title":{"rendered":"Destino de Partidos da Federa\u00e7\u00e3o Brasil da Esperan\u00e7a para elei\u00e7\u00f5es 2024, poder\u00e1 ser decidida pela Federa\u00e7\u00e3o Estadual"},"content":{"rendered":"\n<p>A Federa\u00e7\u00e3o Brasil da Esperan\u00e7a composta pelos: <strong>Partido dos Trabalhadores (PT), Partido Verde (PV), e Partido Comunista do Brasil (PC do B)<\/strong>; se reuniu no \u00faltimo dia 1\u00ba na Capital Baiana para deliberar sobre diversos assuntos, entre eles, as elei\u00e7\u00f5es 2024.<\/p>\n\n\n\n<!--more-->\n\n\n\n<p>Desta forma, as Federa\u00e7\u00f5es municipais ter\u00e3o um prazo at\u00e9 o dia 20 de mar\u00e7o, para encaminharem para a Federa\u00e7\u00e3o estadual, o <strong><em>\u201crelat\u00f3rio resultante dos debates ocorridos nas reuni\u00f5es\u201d<\/em><\/strong>. Caso n\u00e3o haja consenso o Assunto dever\u00e1 ser tratado pela Federa\u00e7\u00e3o estadual. J\u00e1 em rela\u00e7\u00e3o \u00e0 filia\u00e7\u00e3o de prefeitos com mandatos, dever\u00e1 ser decidido prioritariamente pela Federa\u00e7\u00e3o Municipal.<\/p>\n\n\n\n<figure class=\"wp-block-image size-large\"><img fetchpriority=\"high\" decoding=\"async\" width=\"648\" height=\"1024\" src=\"https:\/\/www.portalalerta.com.br\/wp-content\/uploads\/2024\/03\/Reuniao-Federacao-Brasil-da-Esperanca-2024-648x1024.jpeg\" alt=\"\" class=\"wp-image-54816\" srcset=\"https:\/\/www.portalalerta.com.br\/wp-content\/uploads\/2024\/03\/Reuniao-Federacao-Brasil-da-Esperanca-2024-648x1024.jpeg 648w, https:\/\/www.portalalerta.com.br\/wp-content\/uploads\/2024\/03\/Reuniao-Federacao-Brasil-da-Esperanca-2024-152x240.jpeg 152w, https:\/\/www.portalalerta.com.br\/wp-content\/uploads\/2024\/03\/Reuniao-Federacao-Brasil-da-Esperanca-2024-768x1214.jpeg 768w, https:\/\/www.portalalerta.com.br\/wp-content\/uploads\/2024\/03\/Reuniao-Federacao-Brasil-da-Esperanca-2024.jpeg 917w\" sizes=\"(max-width: 648px) 100vw, 648px\" \/><figcaption class=\"wp-element-caption\">Conclus\u00e3o da Reuni\u00e3o da Federa\u00e7\u00e3o Brasil da Esperan\u00e7a (Bahia)<\/figcaption><\/figure>\n\n\n\n<p>Esta decis\u00e3o mexe diretamente com a pol\u00edtica em Ribeira do Pombal-BA, que tem uma pr\u00e9-candidatura a prefeito pelo PT, representada por Dr. Jairo Monteiro, enquanto o PC do B declarou publicamente apoio \u00e0 pr\u00e9-candidatura de Nay Grilo (PSB). <strong><a href=\"https:\/\/www.portalalerta.com.br\/index.php\/2024\/02\/15\/pc-do-b-declara-apoio-a-nay-grilo-e-coloca-em-risco-candidatura-do-pt-em-ribeira-do-pombal-ba\/\">Relembre<\/a><\/strong><\/p>\n\n\n<div class=\"wp-block-image\">\n<figure class=\"alignleft size-full\"><img decoding=\"async\" width=\"400\" height=\"300\" src=\"https:\/\/www.portalalerta.com.br\/wp-content\/uploads\/2023\/01\/Auto-Escola-Sonho.jpg\" alt=\"\" class=\"wp-image-47083\" srcset=\"https:\/\/www.portalalerta.com.br\/wp-content\/uploads\/2023\/01\/Auto-Escola-Sonho.jpg 400w, https:\/\/www.portalalerta.com.br\/wp-content\/uploads\/2023\/01\/Auto-Escola-Sonho-320x240.jpg 320w\" sizes=\"(max-width: 400px) 100vw, 400px\" \/><\/figure><\/div>\n\n\n<p>Em conversa com Dr. Jo\u00e3o Carlos, presidente do Diret\u00f3rio Municipal do PC do B, o PORTAL ALERTA foi informado que at\u00e9 o momento os partidos n\u00e3o chegaram a um consenso na cidade, em rela\u00e7\u00e3o \u00e0 2024, e que certamente a decis\u00e3o ficar\u00e1 por conta da Federa\u00e7\u00e3o estadual, conforme reuni\u00e3o da \u00faltima sexta-feira (1\u00ba). Dr. Jo\u00e3o j\u00e1 havia revelado tamb\u00e9m, em entrevista ao Expresso 104, da Canabrava FM, que existe um caso muito semelhante ao de Pombal, que tamb\u00e9m estaria mexendo com a pol\u00edtica municipal de Juazeiro-BA.<\/p>\n\n\n\n<p>No pr\u00f3ximo dia 09, o Deputado Federal Daniel Almeida (PC do B), estar\u00e1 presente em um evento do Partido na C\u00e2mara de Vereadores de Ribeira do Pombal, onde receber\u00e1 t\u00edtulo de cidad\u00e3o pombalense, bem como estar\u00e1 promovendo ato de lan\u00e7amento de pr\u00e9-candidaturas para 2024.<\/p>\n\n\n\n<blockquote class=\"instagram-media\" data-instgrm-captioned=\"\" data-instgrm-permalink=\"https:\/\/www.instagram.com\/tv\/C3d0zBMIHiA\/?utm_source=ig_embed&amp;utm_campaign=loading\" data-instgrm-version=\"14\" style=\" background:#FFF; border:0; border-radius:3px; box-shadow:0 0 1px 0 rgba(0,0,0,0.5),0 1px 10px 0 rgba(0,0,0,0.15); margin: 1px; max-width:540px; min-width:326px; padding:0; width:99.375%; width:-webkit-calc(100% - 2px); width:calc(100% - 2px);\"><div style=\"padding:16px;\"> <a href=\"https:\/\/www.instagram.com\/tv\/C3d0zBMIHiA\/?utm_source=ig_embed&amp;utm_campaign=loading\" style=\" background:#FFFFFF; line-height:0; padding:0 0; text-align:center; text-decoration:none; width:100%;\" target=\"_blank\" rel=\"noopener\"> <div style=\" display: flex; flex-direction: row; align-items: center;\"> <div style=\"background-color: #F4F4F4; border-radius: 50%; flex-grow: 0; height: 40px; margin-right: 14px; width: 40px;\"><\/div> <div style=\"display: flex; flex-direction: column; flex-grow: 1; justify-content: center;\"> <div style=\" background-color: #F4F4F4; border-radius: 4px; flex-grow: 0; height: 14px; margin-bottom: 6px; width: 100px;\"><\/div> <div style=\" background-color: #F4F4F4; border-radius: 4px; flex-grow: 0; height: 14px; width: 60px;\"><\/div><\/div><\/div><div style=\"padding: 19% 0;\"><\/div> <div style=\"display:block; height:50px; margin:0 auto 12px; width:50px;\"><svg width=\"50px\" height=\"50px\" viewBox=\"0 0 60 60\" version=\"1.1\" xmlns=\"https:\/\/www.w3.org\/2000\/svg\" xmlns:xlink=\"https:\/\/www.w3.org\/1999\/xlink\"><g stroke=\"none\" stroke-width=\"1\" fill=\"none\" fill-rule=\"evenodd\"><g transform=\"translate(-511.000000, -20.000000)\" fill=\"#000000\"><g><path d=\"M556.869,30.41 C554.814,30.41 553.148,32.076 553.148,34.131 C553.148,36.186 554.814,37.852 556.869,37.852 C558.924,37.852 560.59,36.186 560.59,34.131 C560.59,32.076 558.924,30.41 556.869,30.41 M541,60.657 C535.114,60.657 530.342,55.887 530.342,50 C530.342,44.114 535.114,39.342 541,39.342 C546.887,39.342 551.658,44.114 551.658,50 C551.658,55.887 546.887,60.657 541,60.657 M541,33.886 C532.1,33.886 524.886,41.1 524.886,50 C524.886,58.899 532.1,66.113 541,66.113 C549.9,66.113 557.115,58.899 557.115,50 C557.115,41.1 549.9,33.886 541,33.886 M565.378,62.101 C565.244,65.022 564.756,66.606 564.346,67.663 C563.803,69.06 563.154,70.057 562.106,71.106 C561.058,72.155 560.06,72.803 558.662,73.347 C557.607,73.757 556.021,74.244 553.102,74.378 C549.944,74.521 548.997,74.552 541,74.552 C533.003,74.552 532.056,74.521 528.898,74.378 C525.979,74.244 524.393,73.757 523.338,73.347 C521.94,72.803 520.942,72.155 519.894,71.106 C518.846,70.057 518.197,69.06 517.654,67.663 C517.244,66.606 516.755,65.022 516.623,62.101 C516.479,58.943 516.448,57.996 516.448,50 C516.448,42.003 516.479,41.056 516.623,37.899 C516.755,34.978 517.244,33.391 517.654,32.338 C518.197,30.938 518.846,29.942 519.894,28.894 C520.942,27.846 521.94,27.196 523.338,26.654 C524.393,26.244 525.979,25.756 528.898,25.623 C532.057,25.479 533.004,25.448 541,25.448 C548.997,25.448 549.943,25.479 553.102,25.623 C556.021,25.756 557.607,26.244 558.662,26.654 C560.06,27.196 561.058,27.846 562.106,28.894 C563.154,29.942 563.803,30.938 564.346,32.338 C564.756,33.391 565.244,34.978 565.378,37.899 C565.522,41.056 565.552,42.003 565.552,50 C565.552,57.996 565.522,58.943 565.378,62.101 M570.82,37.631 C570.674,34.438 570.167,32.258 569.425,30.349 C568.659,28.377 567.633,26.702 565.965,25.035 C564.297,23.368 562.623,22.342 560.652,21.575 C558.743,20.834 556.562,20.326 553.369,20.18 C550.169,20.033 549.148,20 541,20 C532.853,20 531.831,20.033 528.631,20.18 C525.438,20.326 523.257,20.834 521.349,21.575 C519.376,22.342 517.703,23.368 516.035,25.035 C514.368,26.702 513.342,28.377 512.574,30.349 C511.834,32.258 511.326,34.438 511.181,37.631 C511.035,40.831 511,41.851 511,50 C511,58.147 511.035,59.17 511.181,62.369 C511.326,65.562 511.834,67.743 512.574,69.651 C513.342,71.625 514.368,73.296 516.035,74.965 C517.703,76.634 519.376,77.658 521.349,78.425 C523.257,79.167 525.438,79.673 528.631,79.82 C531.831,79.965 532.853,80.001 541,80.001 C549.148,80.001 550.169,79.965 553.369,79.82 C556.562,79.673 558.743,79.167 560.652,78.425 C562.623,77.658 564.297,76.634 565.965,74.965 C567.633,73.296 568.659,71.625 569.425,69.651 C570.167,67.743 570.674,65.562 570.82,62.369 C570.966,59.17 571,58.147 571,50 C571,41.851 570.966,40.831 570.82,37.631\"><\/path><\/g><\/g><\/g><\/svg><\/div><div style=\"padding-top: 8px;\"> <div style=\" color:#3897f0; font-family:Arial,sans-serif; font-size:14px; font-style:normal; font-weight:550; line-height:18px;\">Ver essa foto no Instagram<\/div><\/div><div style=\"padding: 12.5% 0;\"><\/div> <div style=\"display: flex; flex-direction: row; margin-bottom: 14px; align-items: center;\"><div> <div style=\"background-color: #F4F4F4; border-radius: 50%; height: 12.5px; width: 12.5px; transform: translateX(0px) translateY(7px);\"><\/div> <div style=\"background-color: #F4F4F4; height: 12.5px; transform: rotate(-45deg) translateX(3px) translateY(1px); width: 12.5px; flex-grow: 0; margin-right: 14px; margin-left: 2px;\"><\/div> <div style=\"background-color: #F4F4F4; border-radius: 50%; height: 12.5px; width: 12.5px; transform: translateX(9px) translateY(-18px);\"><\/div><\/div><div style=\"margin-left: 8px;\"> <div style=\" background-color: #F4F4F4; border-radius: 50%; flex-grow: 0; height: 20px; width: 20px;\"><\/div> <div style=\" width: 0; height: 0; border-top: 2px solid transparent; border-left: 6px solid #f4f4f4; border-bottom: 2px solid transparent; transform: translateX(16px) translateY(-4px) rotate(30deg)\"><\/div><\/div><div style=\"margin-left: auto;\"> <div style=\" width: 0px; border-top: 8px solid #F4F4F4; border-right: 8px solid transparent; transform: translateY(16px);\"><\/div> <div style=\" background-color: #F4F4F4; flex-grow: 0; height: 12px; width: 16px; transform: translateY(-4px);\"><\/div> <div style=\" width: 0; height: 0; border-top: 8px solid #F4F4F4; border-left: 8px solid transparent; transform: translateY(-4px) translateX(8px);\"><\/div><\/div><\/div> <div style=\"display: flex; flex-direction: column; flex-grow: 1; justify-content: center; margin-bottom: 24px;\"> <div style=\" background-color: #F4F4F4; border-radius: 4px; flex-grow: 0; height: 14px; margin-bottom: 6px; width: 224px;\"><\/div> <div style=\" background-color: #F4F4F4; border-radius: 4px; flex-grow: 0; height: 14px; width: 144px;\"><\/div><\/div><\/a><p style=\" color:#c9c8cd; font-family:Arial,sans-serif; font-size:14px; line-height:17px; margin-bottom:0; margin-top:8px; overflow:hidden; padding:8px 0 7px; text-align:center; text-overflow:ellipsis; white-space:nowrap;\"><a href=\"https:\/\/www.instagram.com\/tv\/C3d0zBMIHiA\/?utm_source=ig_embed&amp;utm_campaign=loading\" style=\" color:#c9c8cd; font-family:Arial,sans-serif; font-size:14px; font-style:normal; font-weight:normal; line-height:17px; text-decoration:none;\" target=\"_blank\" rel=\"noopener\">Uma publica\u00e7\u00e3o compartilhada por Portal Alerta (@portal_alerta)<\/a><\/p><\/div><\/blockquote> <script async=\"\" src=\"\/\/www.instagram.com\/embed.js\"><\/script>\n\n\n\n<p><em>Reda\u00e7\u00e3o: Portal Alerta<\/em><\/p>\n","protected":false},"excerpt":{"rendered":"<p>A Federa\u00e7\u00e3o Brasil da Esperan\u00e7a composta pelos: Partido dos Trabalhadores (PT), Partido Verde (PV), e Partido Comunista do Brasil (PC do B); se reuniu no \u00faltimo dia 1\u00ba na Capital Baiana para deliberar sobre diversos assuntos, entre eles, as elei\u00e7\u00f5es 2024.<\/p>\n","protected":false},"author":2,"featured_media":54446,"comment_status":"open","ping_status":"open","sticky":false,"template":"","format":"standard","meta":{"om_disable_all_campaigns":false,"_monsterinsights_skip_tracking":false,"_monsterinsights_sitenote_active":false,"_monsterinsights_sitenote_note":"","_monsterinsights_sitenote_category":0,"footnotes":""},"categories":[70,69,21,32,3],"tags":[100,71,48,75,4178,4180,129,107,6696,4181,132,230,106,203,120,51,1265,304,2194,109,88,47,111,190],"class_list":["post-54813","post","type-post","status-publish","format-standard","has-post-thumbnail","hentry","category-destaques","category-noticias2","category-politica","category-regiao","category-ribeira-do-pombal","tag-adustina","tag-antas","tag-araci","tag-cicero-dantas","tag-cipo-2","tag-crisopolis-2","tag-euclides-da-cunha","tag-fatima","tag-federacao-brasil-da-esperanca","tag-heliopolis-2","tag-itapicuru","tag-jeremoabo","tag-nova-soure","tag-novo-triunfo","tag-olindina","tag-paripiranga","tag-pc-do-b","tag-pt","tag-pv","tag-quijingue","tag-ribeira-do-amparo","tag-ribeira-do-pombal","tag-sitio-do-quinto","tag-tucano"],"aioseo_notices":[],"_links":{"self":[{"href":"https:\/\/www.portalalerta.com.br\/index.php\/wp-json\/wp\/v2\/posts\/54813","targetHints":{"allow":["GET"]}}],"collection":[{"href":"https:\/\/www.portalalerta.com.br\/index.php\/wp-json\/wp\/v2\/posts"}],"about":[{"href":"https:\/\/www.portalalerta.com.br\/index.php\/wp-json\/wp\/v2\/types\/post"}],"author":[{"embeddable":true,"href":"https:\/\/www.portalalerta.com.br\/index.php\/wp-json\/wp\/v2\/users\/2"}],"replies":[{"embeddable":true,"href":"https:\/\/www.portalalerta.com.br\/index.php\/wp-json\/wp\/v2\/comments?post=54813"}],"version-history":[{"count":2,"href":"https:\/\/www.portalalerta.com.br\/index.php\/wp-json\/wp\/v2\/posts\/54813\/revisions"}],"predecessor-version":[{"id":54817,"href":"https:\/\/www.portalalerta.com.br\/index.php\/wp-json\/wp\/v2\/posts\/54813\/revisions\/54817"}],"wp:featuredmedia":[{"embeddable":true,"href":"https:\/\/www.portalalerta.com.br\/index.php\/wp-json\/wp\/v2\/media\/54446"}],"wp:attachment":[{"href":"https:\/\/www.portalalerta.com.br\/index.php\/wp-json\/wp\/v2\/media?parent=54813"}],"wp:term":[{"taxonomy":"category","embeddable":true,"href":"https:\/\/www.portalalerta.com.br\/index.php\/wp-json\/wp\/v2\/categories?post=54813"},{"taxonomy":"post_tag","embeddable":true,"href":"https:\/\/www.portalalerta.com.br\/index.php\/wp-json\/wp\/v2\/tags?post=54813"}],"curies":[{"name":"wp","href":"https:\/\/api.w.org\/{rel}","templated":true}]}}