{"id":54830,"date":"2024-03-04T07:03:00","date_gmt":"2024-03-04T10:03:00","guid":{"rendered":"https:\/\/www.portalalerta.com.br\/?p=54830"},"modified":"2024-03-03T23:38:01","modified_gmt":"2024-03-04T02:38:01","slug":"gas-de-cozinha-sofre-novo-aumento-de-preco-na-bahia","status":"publish","type":"post","link":"https:\/\/www.portalalerta.com.br\/index.php\/2024\/03\/04\/gas-de-cozinha-sofre-novo-aumento-de-preco-na-bahia\/","title":{"rendered":"G\u00e1s de cozinha sofre novo aumento de pre\u00e7o na Bahia"},"content":{"rendered":"\n<p>Desde a \u00faltima sexta-feira (1\u00ba), o g\u00e1s de cozinha ficou mais caro na Bahia. De acordo com a Acelen, houve aumento na Refinaria de Mataripe de 8% do G\u00e1s Liquefeito de Petr\u00f3leo (GLP) para as distribuidoras.<\/p>\n\n\n\n<!--more-->\n\n\n<div class=\"wp-block-image\">\n<figure class=\"alignleft size-full\"><img fetchpriority=\"high\" decoding=\"async\" width=\"400\" height=\"300\" src=\"https:\/\/www.portalalerta.com.br\/wp-content\/uploads\/2023\/01\/Auto-Escola-Sonho.jpg\" alt=\"\" class=\"wp-image-47083\" srcset=\"https:\/\/www.portalalerta.com.br\/wp-content\/uploads\/2023\/01\/Auto-Escola-Sonho.jpg 400w, https:\/\/www.portalalerta.com.br\/wp-content\/uploads\/2023\/01\/Auto-Escola-Sonho-320x240.jpg 320w\" sizes=\"(max-width: 400px) 100vw, 400px\" \/><\/figure><\/div>\n\n\n<p>Ainda segundo a companhia, os pre\u00e7os dos produtos da refinaria seguem crit\u00e9rios de mercado que levam em considera\u00e7\u00e3o vari\u00e1veis como custo do petr\u00f3leo, que \u00e9 adquirido a pre\u00e7os internacionais; a cota\u00e7\u00e3o do d\u00f3lar e o frete, podendo variar para cima ou para baixo.<\/p>\n\n\n\n<p>Com o reajuste, o pre\u00e7o pago pelo consumidor, segundo o Sindicato dos Revendedores de G\u00e1s do Estado da Bahia, deve ficar entre R$ 5 e R$ 6 mais caro.<\/p>\n\n\n\n<p><em>Fonte: Portal Euclidense<\/em><\/p>\n","protected":false},"excerpt":{"rendered":"<p>Desde a \u00faltima sexta-feira (1\u00ba), o g\u00e1s de cozinha ficou mais caro na Bahia. De acordo com a Acelen, houve aumento na Refinaria de Mataripe de 8% do G\u00e1s Liquefeito de Petr\u00f3leo (GLP) para as distribuidoras.<\/p>\n","protected":false},"author":2,"featured_media":20958,"comment_status":"open","ping_status":"open","sticky":false,"template":"","format":"standard","meta":{"om_disable_all_campaigns":false,"_monsterinsights_skip_tracking":false,"_monsterinsights_sitenote_active":false,"_monsterinsights_sitenote_note":"","_monsterinsights_sitenote_category":0,"footnotes":""},"categories":[33,70,69],"tags":[5361,100,71,48,54,75,4178,4180,129,107,460,4181,132,230,106,203,120,51,109,401,88,47,111,190],"class_list":["post-54830","post","type-post","status-publish","format-standard","has-post-thumbnail","hentry","category-bahia","category-destaques","category-noticias2","tag-acelen","tag-adustina","tag-antas","tag-araci","tag-bahia","tag-cicero-dantas","tag-cipo-2","tag-crisopolis-2","tag-euclides-da-cunha","tag-fatima","tag-gas-de-cozinha","tag-heliopolis-2","tag-itapicuru","tag-jeremoabo","tag-nova-soure","tag-novo-triunfo","tag-olindina","tag-paripiranga","tag-quijingue","tag-reajuste-de-precos","tag-ribeira-do-amparo","tag-ribeira-do-pombal","tag-sitio-do-quinto","tag-tucano"],"aioseo_notices":[],"_links":{"self":[{"href":"https:\/\/www.portalalerta.com.br\/index.php\/wp-json\/wp\/v2\/posts\/54830","targetHints":{"allow":["GET"]}}],"collection":[{"href":"https:\/\/www.portalalerta.com.br\/index.php\/wp-json\/wp\/v2\/posts"}],"about":[{"href":"https:\/\/www.portalalerta.com.br\/index.php\/wp-json\/wp\/v2\/types\/post"}],"author":[{"embeddable":true,"href":"https:\/\/www.portalalerta.com.br\/index.php\/wp-json\/wp\/v2\/users\/2"}],"replies":[{"embeddable":true,"href":"https:\/\/www.portalalerta.com.br\/index.php\/wp-json\/wp\/v2\/comments?post=54830"}],"version-history":[{"count":1,"href":"https:\/\/www.portalalerta.com.br\/index.php\/wp-json\/wp\/v2\/posts\/54830\/revisions"}],"predecessor-version":[{"id":54831,"href":"https:\/\/www.portalalerta.com.br\/index.php\/wp-json\/wp\/v2\/posts\/54830\/revisions\/54831"}],"wp:featuredmedia":[{"embeddable":true,"href":"https:\/\/www.portalalerta.com.br\/index.php\/wp-json\/wp\/v2\/media\/20958"}],"wp:attachment":[{"href":"https:\/\/www.portalalerta.com.br\/index.php\/wp-json\/wp\/v2\/media?parent=54830"}],"wp:term":[{"taxonomy":"category","embeddable":true,"href":"https:\/\/www.portalalerta.com.br\/index.php\/wp-json\/wp\/v2\/categories?post=54830"},{"taxonomy":"post_tag","embeddable":true,"href":"https:\/\/www.portalalerta.com.br\/index.php\/wp-json\/wp\/v2\/tags?post=54830"}],"curies":[{"name":"wp","href":"https:\/\/api.w.org\/{rel}","templated":true}]}}