{"id":54842,"date":"2024-03-04T18:00:00","date_gmt":"2024-03-04T21:00:00","guid":{"rendered":"https:\/\/www.portalalerta.com.br\/?p=54842"},"modified":"2024-03-04T14:40:16","modified_gmt":"2024-03-04T17:40:16","slug":"vereador-zominho-pp-deixa-grupo-do-prefeito-deri-em-jeremoabo-ba","status":"publish","type":"post","link":"https:\/\/www.portalalerta.com.br\/index.php\/2024\/03\/04\/vereador-zominho-pp-deixa-grupo-do-prefeito-deri-em-jeremoabo-ba\/","title":{"rendered":"Vereador Zominho (PP) deixa grupo do Prefeito Deri em Jeremoabo-BA"},"content":{"rendered":"\n<p>O jogo da pol\u00edtica come\u00e7ou de vez em Jeremoabo-BA. A informa\u00e7\u00e3o da vez \u00e9 de que o Suplente de Vereador Zominho (PP), um dos representantes do povoado Cirica, anunciou desligamento do grupo do Prefeito Deri.<\/p>\n\n\n\n<!--more-->\n\n\n<div class=\"wp-block-image\">\n<figure class=\"alignleft size-large is-resized\"><img fetchpriority=\"high\" decoding=\"async\" src=\"https:\/\/www.portalalerta.com.br\/wp-content\/uploads\/2021\/10\/Cred-Real-1024x1024.jpeg\" alt=\"\" class=\"wp-image-38729\" width=\"390\" height=\"390\" srcset=\"https:\/\/www.portalalerta.com.br\/wp-content\/uploads\/2021\/10\/Cred-Real-1024x1024.jpeg 1024w, https:\/\/www.portalalerta.com.br\/wp-content\/uploads\/2021\/10\/Cred-Real-240x240.jpeg 240w, https:\/\/www.portalalerta.com.br\/wp-content\/uploads\/2021\/10\/Cred-Real-768x768.jpeg 768w, https:\/\/www.portalalerta.com.br\/wp-content\/uploads\/2021\/10\/Cred-Real-1536x1536.jpeg 1536w, https:\/\/www.portalalerta.com.br\/wp-content\/uploads\/2021\/10\/Cred-Real-146x146.jpeg 146w, https:\/\/www.portalalerta.com.br\/wp-content\/uploads\/2021\/10\/Cred-Real-50x50.jpeg 50w, https:\/\/www.portalalerta.com.br\/wp-content\/uploads\/2021\/10\/Cred-Real-75x75.jpeg 75w, https:\/\/www.portalalerta.com.br\/wp-content\/uploads\/2021\/10\/Cred-Real-85x85.jpeg 85w, https:\/\/www.portalalerta.com.br\/wp-content\/uploads\/2021\/10\/Cred-Real-80x80.jpeg 80w, https:\/\/www.portalalerta.com.br\/wp-content\/uploads\/2021\/10\/Cred-Real.jpeg 1920w\" sizes=\"(max-width: 390px) 100vw, 390px\" \/><\/figure><\/div>\n\n\n<p>Embora n\u00e3o efetuada de maneira oficial pelo vereador, o Prefeito j\u00e1 havia confirmado o retorno de Neto (PP), vereador eleito e que se encontrava licenciado, que tinha assumido a Secretaria de Infraestrutura, abrindo espa\u00e7o para a posse de Zominho, eleito suplente nas \u00faltimas elei\u00e7\u00f5es municipais.<\/p>\n\n\n\n<p>A movimenta\u00e7\u00e3o foi confirmada com a exonera\u00e7\u00e3o de Antonio Jos\u00e9 dos Santos (Neto) da Secretaria Municipal de Infraestrutura, Desenvolvimento Urbano e Recursos H\u00eddricos (Portaria 101\/2024, de 01.03.2024) e retorno \u00e0 C\u00e2mara Municipal na pr\u00f3xima sess\u00e3o, marcada para 05.03.2024, desalojando Zominho.<\/p>\n\n\n\n<p>Em \u00e1udio corrente nas Redes Sociais, o vereador Zominho, respondendo \u00e0 pergunta direta efetuada se havia deixado o grupo, confirma a situa\u00e7\u00e3o, em parte foi transcrito:<\/p>\n\n\n\n<p><strong><em>&#8220;&#8230; \u00c9 verdade &#8230;Voc\u00ea tanto anos com o cara, sendo pisoteado&#8230; \u00c9 que a gente n\u00e3o quer nem falar, n\u00e9? Porque a humilha\u00e7\u00e3o que a gente vinha passando&#8230; S\u00f3 eu n\u00e3o, \u00e9 todo mundo no grupo. Voc\u00ea mesmo sabe a ignor\u00e2ncia dele, o jeito dele. Ah, \u00e9 o jeito dele. N\u00e3o. Eu n\u00e3o trato ningu\u00e9m com mal educa\u00e7\u00e3o, com brutalidade. Ent\u00e3o exige o respeito, voc\u00ea exige. &#8230; &#8220;<\/em><\/strong><\/p>\n\n\n\n<p>H\u00e1 quem diga que o desembarque do governo municipal ainda ser\u00e1 maior. <\/p>\n\n\n\n<p><em>Fonte: Jeremoabo.com.br<\/em><\/p>\n","protected":false},"excerpt":{"rendered":"<p>O jogo da pol\u00edtica come\u00e7ou de vez em Jeremoabo-BA. A informa\u00e7\u00e3o da vez \u00e9 de que o Suplente de Vereador Zominho (PP), um dos representantes do povoado Cirica, anunciou desligamento do grupo do Prefeito Deri.<\/p>\n","protected":false},"author":2,"featured_media":54839,"comment_status":"open","ping_status":"open","sticky":false,"template":"","format":"standard","meta":{"om_disable_all_campaigns":false,"_monsterinsights_skip_tracking":false,"_monsterinsights_sitenote_active":false,"_monsterinsights_sitenote_note":"","_monsterinsights_sitenote_category":0,"footnotes":""},"categories":[70,9,69,21,32],"tags":[100,71,48,75,4178,4180,5695,129,107,4181,132,230,106,203,120,51,199,109,88,47,111,190],"class_list":["post-54842","post","type-post","status-publish","format-standard","has-post-thumbnail","hentry","category-destaques","category-jeremoabo","category-noticias2","category-politica","category-regiao","tag-adustina","tag-antas","tag-araci","tag-cicero-dantas","tag-cipo-2","tag-crisopolis-2","tag-eleicoes-2024","tag-euclides-da-cunha","tag-fatima","tag-heliopolis-2","tag-itapicuru","tag-jeremoabo","tag-nova-soure","tag-novo-triunfo","tag-olindina","tag-paripiranga","tag-politica","tag-quijingue","tag-ribeira-do-amparo","tag-ribeira-do-pombal","tag-sitio-do-quinto","tag-tucano"],"aioseo_notices":[],"_links":{"self":[{"href":"https:\/\/www.portalalerta.com.br\/index.php\/wp-json\/wp\/v2\/posts\/54842","targetHints":{"allow":["GET"]}}],"collection":[{"href":"https:\/\/www.portalalerta.com.br\/index.php\/wp-json\/wp\/v2\/posts"}],"about":[{"href":"https:\/\/www.portalalerta.com.br\/index.php\/wp-json\/wp\/v2\/types\/post"}],"author":[{"embeddable":true,"href":"https:\/\/www.portalalerta.com.br\/index.php\/wp-json\/wp\/v2\/users\/2"}],"replies":[{"embeddable":true,"href":"https:\/\/www.portalalerta.com.br\/index.php\/wp-json\/wp\/v2\/comments?post=54842"}],"version-history":[{"count":1,"href":"https:\/\/www.portalalerta.com.br\/index.php\/wp-json\/wp\/v2\/posts\/54842\/revisions"}],"predecessor-version":[{"id":54843,"href":"https:\/\/www.portalalerta.com.br\/index.php\/wp-json\/wp\/v2\/posts\/54842\/revisions\/54843"}],"wp:featuredmedia":[{"embeddable":true,"href":"https:\/\/www.portalalerta.com.br\/index.php\/wp-json\/wp\/v2\/media\/54839"}],"wp:attachment":[{"href":"https:\/\/www.portalalerta.com.br\/index.php\/wp-json\/wp\/v2\/media?parent=54842"}],"wp:term":[{"taxonomy":"category","embeddable":true,"href":"https:\/\/www.portalalerta.com.br\/index.php\/wp-json\/wp\/v2\/categories?post=54842"},{"taxonomy":"post_tag","embeddable":true,"href":"https:\/\/www.portalalerta.com.br\/index.php\/wp-json\/wp\/v2\/tags?post=54842"}],"curies":[{"name":"wp","href":"https:\/\/api.w.org\/{rel}","templated":true}]}}