{"id":54848,"date":"2024-03-04T18:03:00","date_gmt":"2024-03-04T21:03:00","guid":{"rendered":"https:\/\/www.portalalerta.com.br\/?p=54848"},"modified":"2024-03-04T14:53:43","modified_gmt":"2024-03-04T17:53:43","slug":"stf-pauta-retomada-de-julgamento-sobre-descriminalizacao-das-drogas-para-uso-pessoal","status":"publish","type":"post","link":"https:\/\/www.portalalerta.com.br\/index.php\/2024\/03\/04\/stf-pauta-retomada-de-julgamento-sobre-descriminalizacao-das-drogas-para-uso-pessoal\/","title":{"rendered":"STF pauta retomada de julgamento sobre descriminaliza\u00e7\u00e3o das drogas para uso pessoal"},"content":{"rendered":"\n<p>O presidente do STF (Supremo Tribunal Federal), Lu\u00eds Roberto Barroso, marcou para a pr\u00f3xima quarta-feira (6) a retomada do julgamento sobre a descriminaliza\u00e7\u00e3o do porte de drogas para uso pessoal.<\/p>\n\n\n\n<!--more-->\n\n\n\n<p>O julgamento, iniciado em 2015, teve interrup\u00e7\u00f5es e voltou ao plen\u00e1rio da corte em agosto do ano passado, quando foi paralisado novamente por um pedido de vista (mais tempo para an\u00e1lise) do ministro Andr\u00e9 Mendon\u00e7a.<\/p>\n\n\n<div class=\"wp-block-image\">\n<figure class=\"alignleft size-full\"><img fetchpriority=\"high\" decoding=\"async\" width=\"400\" height=\"300\" src=\"https:\/\/www.portalalerta.com.br\/wp-content\/uploads\/2023\/01\/Auto-Escola-Sonho.jpg\" alt=\"\" class=\"wp-image-47083\" srcset=\"https:\/\/www.portalalerta.com.br\/wp-content\/uploads\/2023\/01\/Auto-Escola-Sonho.jpg 400w, https:\/\/www.portalalerta.com.br\/wp-content\/uploads\/2023\/01\/Auto-Escola-Sonho-320x240.jpg 320w\" sizes=\"(max-width: 400px) 100vw, 400px\" \/><\/figure><\/div>\n\n\n<p>Mendon\u00e7a ser\u00e1 o primeiro a votar na quarta. O ministro, indicado pelo ex-presidente Jair Bolsonaro (PL) \u00e0 corte, \u00e9 conhecido por ter posicionamentos conservadores.<\/p>\n\n\n\n<p>Desde que assumiu a presid\u00eancia do STF, no fim de setembro do ano passado, Barroso vem dizendo que pretendia colocar o processo na pauta do plen\u00e1rio novamente.<\/p>\n\n\n\n<p>O julgamento foi interrompido com 5 votos a 1 a favor da descriminaliza\u00e7\u00e3o da maconha para uso pessoal \u2013e n\u00e3o das demais drogas il\u00edcitas.<\/p>\n\n\n\n<p>A a\u00e7\u00e3o pede que seja declarado inconstitucional o artigo 28 da lei 11.343\/2006, a Lei de Drogas, que considera crime adquirir, guardar e transportar entorpecentes para consumo pessoal e prev\u00ea penas como presta\u00e7\u00e3o de servi\u00e7os \u00e0 comunidade.<\/p>\n\n\n\n<p>Votaram nesse sentido os ministros Lu\u00eds Roberto Barroso, Gilmar Mendes, Edson Fachin, Rosa Weber (j\u00e1 aposentada) e Alexandre de Moraes.<\/p>\n\n\n\n<p>O \u00fanico que divergiu parcialmente foi o ministro Cristiano Zanin. Para ele, a conduta n\u00e3o deve ser descriminalizada, mas o usu\u00e1rio que estiver com at\u00e9 25 gramas de maconha n\u00e3o poder\u00e1 ser preso.<\/p>\n\n\n\n<p>Nesta semana, os ministros tamb\u00e9m dever\u00e3o discutir qual o crit\u00e9rio objetivo da quantidade de maconha que deve distinguir o tr\u00e1fico do porte.<\/p>\n\n\n\n<p>O ministro Fl\u00e1vio Dino, rec\u00e9m-empossado, n\u00e3o ir\u00e1 votar no julgamento, porque a sua antecessora, Rosa Weber, j\u00e1 votou.<\/p>\n\n\n\n<p><em>Fonte: Not\u00edcias de SantaLuz<\/em><\/p>\n","protected":false},"excerpt":{"rendered":"<p>O presidente do STF (Supremo Tribunal Federal), Lu\u00eds Roberto Barroso, marcou para a pr\u00f3xima quarta-feira (6) a retomada do julgamento sobre a descriminaliza\u00e7\u00e3o do porte de drogas para uso pessoal.<\/p>\n","protected":false},"author":2,"featured_media":5836,"comment_status":"open","ping_status":"open","sticky":false,"template":"","format":"standard","meta":{"om_disable_all_campaigns":false,"_monsterinsights_skip_tracking":false,"_monsterinsights_sitenote_active":false,"_monsterinsights_sitenote_note":"","_monsterinsights_sitenote_category":0,"footnotes":""},"categories":[34,70,69,22],"tags":[100,71,48,93,75,4178,4180,2115,129,107,4181,132,230,106,203,120,51,109,88,47,111,216,190],"class_list":["post-54848","post","type-post","status-publish","format-standard","has-post-thumbnail","hentry","category-brasil","category-destaques","category-noticias2","category-seguranca","tag-adustina","tag-antas","tag-araci","tag-brasil","tag-cicero-dantas","tag-cipo-2","tag-crisopolis-2","tag-drogas","tag-euclides-da-cunha","tag-fatima","tag-heliopolis-2","tag-itapicuru","tag-jeremoabo","tag-nova-soure","tag-novo-triunfo","tag-olindina","tag-paripiranga","tag-quijingue","tag-ribeira-do-amparo","tag-ribeira-do-pombal","tag-sitio-do-quinto","tag-stf","tag-tucano"],"aioseo_notices":[],"_links":{"self":[{"href":"https:\/\/www.portalalerta.com.br\/index.php\/wp-json\/wp\/v2\/posts\/54848","targetHints":{"allow":["GET"]}}],"collection":[{"href":"https:\/\/www.portalalerta.com.br\/index.php\/wp-json\/wp\/v2\/posts"}],"about":[{"href":"https:\/\/www.portalalerta.com.br\/index.php\/wp-json\/wp\/v2\/types\/post"}],"author":[{"embeddable":true,"href":"https:\/\/www.portalalerta.com.br\/index.php\/wp-json\/wp\/v2\/users\/2"}],"replies":[{"embeddable":true,"href":"https:\/\/www.portalalerta.com.br\/index.php\/wp-json\/wp\/v2\/comments?post=54848"}],"version-history":[{"count":1,"href":"https:\/\/www.portalalerta.com.br\/index.php\/wp-json\/wp\/v2\/posts\/54848\/revisions"}],"predecessor-version":[{"id":54849,"href":"https:\/\/www.portalalerta.com.br\/index.php\/wp-json\/wp\/v2\/posts\/54848\/revisions\/54849"}],"wp:featuredmedia":[{"embeddable":true,"href":"https:\/\/www.portalalerta.com.br\/index.php\/wp-json\/wp\/v2\/media\/5836"}],"wp:attachment":[{"href":"https:\/\/www.portalalerta.com.br\/index.php\/wp-json\/wp\/v2\/media?parent=54848"}],"wp:term":[{"taxonomy":"category","embeddable":true,"href":"https:\/\/www.portalalerta.com.br\/index.php\/wp-json\/wp\/v2\/categories?post=54848"},{"taxonomy":"post_tag","embeddable":true,"href":"https:\/\/www.portalalerta.com.br\/index.php\/wp-json\/wp\/v2\/tags?post=54848"}],"curies":[{"name":"wp","href":"https:\/\/api.w.org\/{rel}","templated":true}]}}