{"id":54852,"date":"2024-03-04T15:18:29","date_gmt":"2024-03-04T18:18:29","guid":{"rendered":"https:\/\/www.portalalerta.com.br\/?p=54852"},"modified":"2024-03-04T15:18:30","modified_gmt":"2024-03-04T18:18:30","slug":"prefeito-de-ribeira-do-amparo-ba-anuncia-nome-do-seu-pre-candidato-para-eleicoes-2024","status":"publish","type":"post","link":"https:\/\/www.portalalerta.com.br\/index.php\/2024\/03\/04\/prefeito-de-ribeira-do-amparo-ba-anuncia-nome-do-seu-pre-candidato-para-eleicoes-2024\/","title":{"rendered":"Prefeito de Ribeira do Amparo-BA anuncia nome do seu pr\u00e9-candidato para elei\u00e7\u00f5es 2024"},"content":{"rendered":"\n<p>Em evento realizado no \u00faltimo final de semana, o prefeito de Ribeira do Amparo-BA, anunciou oficialmente o nome do seu pr\u00e9-candidato \u00e0 prefeito para o pleito de 2024.<\/p>\n\n\n\n<!--more-->\n\n\n<div class=\"wp-block-image\">\n<figure class=\"alignleft size-full\"><img fetchpriority=\"high\" decoding=\"async\" width=\"400\" height=\"300\" src=\"https:\/\/www.portalalerta.com.br\/wp-content\/uploads\/2023\/01\/Auto-Escola-Sonho.jpg\" alt=\"\" class=\"wp-image-47083\" srcset=\"https:\/\/www.portalalerta.com.br\/wp-content\/uploads\/2023\/01\/Auto-Escola-Sonho.jpg 400w, https:\/\/www.portalalerta.com.br\/wp-content\/uploads\/2023\/01\/Auto-Escola-Sonho-320x240.jpg 320w\" sizes=\"(max-width: 400px) 100vw, 400px\" \/><\/figure><\/div>\n\n\n<p>Como j\u00e1 era sabido por todos, o nome escolhido foi o do atual vereador Lourinho (PT). Na ocasi\u00e3o, al\u00e9m do atual prefeito e do pr\u00e9-candidato, o evento contou com as presen\u00e7as de diversas lideran\u00e7as pol\u00edticas, entre elas: <strong>Os vereadores Eulina, Cl\u00e9ber, e Neguinho; e da Deputada Estadual pela Sigla, F\u00e1tima Nunes.<\/strong><\/p>\n\n\n\n<p>A expectativa agora \u00e9 pela composi\u00e7\u00e3o da chapa, com o an\u00fancio do nome do pr\u00e9-candidato a vice-prefeito.<\/p>\n\n\n\n<p>Por outro lado, pela oposi\u00e7\u00e3o, a chapa majorit\u00e1ria j\u00e1 est\u00e1 formada, repetindo a chapa derrotada no \u00faltimo pleito, tendo Teti Britto (prefeita), e Lu\u00edz Vilson (Vice-prefeito). <\/p>\n\n\n\n<p><em>Reda\u00e7\u00e3o: Portal Alerta<\/em><\/p>\n","protected":false},"excerpt":{"rendered":"<p>Em evento realizado no \u00faltimo final de semana, o prefeito de Ribeira do Amparo-BA, anunciou oficialmente o nome do seu pr\u00e9-candidato \u00e0 prefeito para o pleito de 2024.<\/p>\n","protected":false},"author":2,"featured_media":54833,"comment_status":"open","ping_status":"open","sticky":false,"template":"","format":"standard","meta":{"om_disable_all_campaigns":false,"_monsterinsights_skip_tracking":false,"_monsterinsights_sitenote_active":false,"_monsterinsights_sitenote_note":"","_monsterinsights_sitenote_category":0,"footnotes":""},"categories":[70,69,21,32,16],"tags":[100,71,48,75,4178,4180,5695,129,107,436,4181,132,230,106,203,120,51,5499,304,109,88,47,111,190],"class_list":["post-54852","post","type-post","status-publish","format-standard","has-post-thumbnail","hentry","category-destaques","category-noticias2","category-politica","category-regiao","category-ribeira-do-amparo","tag-adustina","tag-antas","tag-araci","tag-cicero-dantas","tag-cipo-2","tag-crisopolis-2","tag-eleicoes-2024","tag-euclides-da-cunha","tag-fatima","tag-germano-santana","tag-heliopolis-2","tag-itapicuru","tag-jeremoabo","tag-nova-soure","tag-novo-triunfo","tag-olindina","tag-paripiranga","tag-pre-candidato-2","tag-pt","tag-quijingue","tag-ribeira-do-amparo","tag-ribeira-do-pombal","tag-sitio-do-quinto","tag-tucano"],"aioseo_notices":[],"_links":{"self":[{"href":"https:\/\/www.portalalerta.com.br\/index.php\/wp-json\/wp\/v2\/posts\/54852","targetHints":{"allow":["GET"]}}],"collection":[{"href":"https:\/\/www.portalalerta.com.br\/index.php\/wp-json\/wp\/v2\/posts"}],"about":[{"href":"https:\/\/www.portalalerta.com.br\/index.php\/wp-json\/wp\/v2\/types\/post"}],"author":[{"embeddable":true,"href":"https:\/\/www.portalalerta.com.br\/index.php\/wp-json\/wp\/v2\/users\/2"}],"replies":[{"embeddable":true,"href":"https:\/\/www.portalalerta.com.br\/index.php\/wp-json\/wp\/v2\/comments?post=54852"}],"version-history":[{"count":1,"href":"https:\/\/www.portalalerta.com.br\/index.php\/wp-json\/wp\/v2\/posts\/54852\/revisions"}],"predecessor-version":[{"id":54853,"href":"https:\/\/www.portalalerta.com.br\/index.php\/wp-json\/wp\/v2\/posts\/54852\/revisions\/54853"}],"wp:featuredmedia":[{"embeddable":true,"href":"https:\/\/www.portalalerta.com.br\/index.php\/wp-json\/wp\/v2\/media\/54833"}],"wp:attachment":[{"href":"https:\/\/www.portalalerta.com.br\/index.php\/wp-json\/wp\/v2\/media?parent=54852"}],"wp:term":[{"taxonomy":"category","embeddable":true,"href":"https:\/\/www.portalalerta.com.br\/index.php\/wp-json\/wp\/v2\/categories?post=54852"},{"taxonomy":"post_tag","embeddable":true,"href":"https:\/\/www.portalalerta.com.br\/index.php\/wp-json\/wp\/v2\/tags?post=54852"}],"curies":[{"name":"wp","href":"https:\/\/api.w.org\/{rel}","templated":true}]}}