{"id":54873,"date":"2024-03-05T09:03:00","date_gmt":"2024-03-05T12:03:00","guid":{"rendered":"https:\/\/www.portalalerta.com.br\/?p=54873"},"modified":"2024-03-05T10:53:00","modified_gmt":"2024-03-05T13:53:00","slug":"ribeira-do-amparo-ba-registrou-a-segunda-maior-temperatura-do-nordeste-no-ultimo-final-de-semana","status":"publish","type":"post","link":"https:\/\/www.portalalerta.com.br\/index.php\/2024\/03\/05\/ribeira-do-amparo-ba-registrou-a-segunda-maior-temperatura-do-nordeste-no-ultimo-final-de-semana\/","title":{"rendered":"Ribeira do Amparo-BA registrou a segunda maior temperatura do Nordeste no \u00faltimo final de semana"},"content":{"rendered":"\n<p>O final de semana foi marcado por muito<strong>&nbsp;calor e sensa\u00e7\u00e3o de abafamento&nbsp;<\/strong>em Salvador e em outras regi\u00f5es da Bahia. Neste per\u00edodo,<strong>&nbsp;duas cidades baianas ficaram entre as cinco mais quentes da regi\u00e3o Nordeste<\/strong>.<\/p>\n\n\n\n<!--more-->\n\n\n<div class=\"wp-block-image\">\n<figure class=\"alignleft size-full\"><img fetchpriority=\"high\" decoding=\"async\" width=\"400\" height=\"300\" src=\"https:\/\/www.portalalerta.com.br\/wp-content\/uploads\/2023\/01\/Auto-Escola-Sonho.jpg\" alt=\"\" class=\"wp-image-47083\" srcset=\"https:\/\/www.portalalerta.com.br\/wp-content\/uploads\/2023\/01\/Auto-Escola-Sonho.jpg 400w, https:\/\/www.portalalerta.com.br\/wp-content\/uploads\/2023\/01\/Auto-Escola-Sonho-320x240.jpg 320w\" sizes=\"(max-width: 400px) 100vw, 400px\" \/><\/figure><\/div>\n\n\n<p>No s\u00e1bado (2), o munic\u00edpio de\u00a0<strong>Ribeira do Amparo, no norte da Bahia<\/strong>, registrou a maior temperatura do estado. Com m\u00e1xima de 37,7\u00baC, a cidade foi a segunda mais quente do Nordeste no per\u00edodo, atr\u00e1s apenas do munic\u00edpio de\u00a0<strong>P\u00e3o de A\u00e7\u00facar, em Alagoas<\/strong>, com 38,1\u00baC.<br><br>Completam o ranking das\u00a0<strong>cinco cidades mais quentes da Bahia<\/strong>\u00a0os munic\u00edpios de<strong>\u00a0Feira de Santana<\/strong>, com 36,5\u00baC;\u00a0<strong>Len\u00e7\u00f3is<\/strong>, com 36,5\u00baC;\u00a0<strong>Jeremoabo<\/strong>, com 36,2\u00baC; e<strong>\u00a0Ipia\u00fa<\/strong>, com 34,8\u00baC.<\/p>\n\n\n\n<p><em>Fonte: Correio<\/em><\/p>\n","protected":false},"excerpt":{"rendered":"<p>O final de semana foi marcado por muito&nbsp;calor e sensa\u00e7\u00e3o de abafamento&nbsp;em Salvador e em outras regi\u00f5es da Bahia. Neste per\u00edodo,&nbsp;duas cidades baianas ficaram entre as cinco mais quentes da regi\u00e3o Nordeste.<\/p>\n","protected":false},"author":2,"featured_media":5772,"comment_status":"open","ping_status":"open","sticky":false,"template":"","format":"standard","meta":{"om_disable_all_campaigns":false,"_monsterinsights_skip_tracking":false,"_monsterinsights_sitenote_active":false,"_monsterinsights_sitenote_note":"","_monsterinsights_sitenote_category":0,"footnotes":""},"categories":[70,69,32,16],"tags":[100,71,48,6393,75,4178,4180,129,107,4181,132,230,106,203,120,51,109,88,47,111,190],"class_list":["post-54873","post","type-post","status-publish","format-standard","has-post-thumbnail","hentry","category-destaques","category-noticias2","category-regiao","category-ribeira-do-amparo","tag-adustina","tag-antas","tag-araci","tag-calor","tag-cicero-dantas","tag-cipo-2","tag-crisopolis-2","tag-euclides-da-cunha","tag-fatima","tag-heliopolis-2","tag-itapicuru","tag-jeremoabo","tag-nova-soure","tag-novo-triunfo","tag-olindina","tag-paripiranga","tag-quijingue","tag-ribeira-do-amparo","tag-ribeira-do-pombal","tag-sitio-do-quinto","tag-tucano"],"aioseo_notices":[],"_links":{"self":[{"href":"https:\/\/www.portalalerta.com.br\/index.php\/wp-json\/wp\/v2\/posts\/54873","targetHints":{"allow":["GET"]}}],"collection":[{"href":"https:\/\/www.portalalerta.com.br\/index.php\/wp-json\/wp\/v2\/posts"}],"about":[{"href":"https:\/\/www.portalalerta.com.br\/index.php\/wp-json\/wp\/v2\/types\/post"}],"author":[{"embeddable":true,"href":"https:\/\/www.portalalerta.com.br\/index.php\/wp-json\/wp\/v2\/users\/2"}],"replies":[{"embeddable":true,"href":"https:\/\/www.portalalerta.com.br\/index.php\/wp-json\/wp\/v2\/comments?post=54873"}],"version-history":[{"count":2,"href":"https:\/\/www.portalalerta.com.br\/index.php\/wp-json\/wp\/v2\/posts\/54873\/revisions"}],"predecessor-version":[{"id":54886,"href":"https:\/\/www.portalalerta.com.br\/index.php\/wp-json\/wp\/v2\/posts\/54873\/revisions\/54886"}],"wp:featuredmedia":[{"embeddable":true,"href":"https:\/\/www.portalalerta.com.br\/index.php\/wp-json\/wp\/v2\/media\/5772"}],"wp:attachment":[{"href":"https:\/\/www.portalalerta.com.br\/index.php\/wp-json\/wp\/v2\/media?parent=54873"}],"wp:term":[{"taxonomy":"category","embeddable":true,"href":"https:\/\/www.portalalerta.com.br\/index.php\/wp-json\/wp\/v2\/categories?post=54873"},{"taxonomy":"post_tag","embeddable":true,"href":"https:\/\/www.portalalerta.com.br\/index.php\/wp-json\/wp\/v2\/tags?post=54873"}],"curies":[{"name":"wp","href":"https:\/\/api.w.org\/{rel}","templated":true}]}}