{"id":54877,"date":"2024-03-05T16:00:00","date_gmt":"2024-03-05T19:00:00","guid":{"rendered":"https:\/\/www.portalalerta.com.br\/?p=54877"},"modified":"2024-03-04T22:47:41","modified_gmt":"2024-03-05T01:47:41","slug":"o-programa-academia-da-saude-em-ribeira-do-pombal-ba-promove-atividades-para-uma-vida-ativa-e-saudavel","status":"publish","type":"post","link":"https:\/\/www.portalalerta.com.br\/index.php\/2024\/03\/05\/o-programa-academia-da-saude-em-ribeira-do-pombal-ba-promove-atividades-para-uma-vida-ativa-e-saudavel\/","title":{"rendered":"O Programa Academia da Sa\u00fade em Ribeira do Pombal-BA promove atividades para uma vida ativa e saud\u00e1vel"},"content":{"rendered":"\n<p>Academia da Sa\u00fade \u00e9 uma estrat\u00e9gia de promo\u00e7\u00e3o da sa\u00fade e cuidado do Sistema \u00danico de Sa\u00fade \u2013 SUS, oferecendo Gin\u00e1stica laboral, aulas de alongamento e flexibilidade, treino Funcional, caminhadas e corridas orientadas. O trabalho \u00e9 feito em parceria com a Secretaria Municipal de Sa\u00fade e a popula\u00e7\u00e3o da sede tem acesso a dois polos da Academia, um na Avenida Abelardo Gama e outro no Bairro Pombalzinho. Na zona rural, as atividades s\u00e3o adaptadas \u00e0s solicita\u00e7\u00f5es de cada unidade de sa\u00fade local, promovendo o bem-estar e vida saud\u00e1vel da zona rural.<\/p>\n\n\n\n<!--more-->\n\n\n<div class=\"wp-block-image\">\n<figure class=\"alignleft size-large is-resized\"><img fetchpriority=\"high\" decoding=\"async\" src=\"https:\/\/www.portalalerta.com.br\/wp-content\/uploads\/2024\/03\/Real-Mulher-2024-584x1024.jpg\" alt=\"\" class=\"wp-image-54863\" width=\"410\" height=\"719\" srcset=\"https:\/\/www.portalalerta.com.br\/wp-content\/uploads\/2024\/03\/Real-Mulher-2024-584x1024.jpg 584w, https:\/\/www.portalalerta.com.br\/wp-content\/uploads\/2024\/03\/Real-Mulher-2024-137x240.jpg 137w, https:\/\/www.portalalerta.com.br\/wp-content\/uploads\/2024\/03\/Real-Mulher-2024-768x1346.jpg 768w, https:\/\/www.portalalerta.com.br\/wp-content\/uploads\/2024\/03\/Real-Mulher-2024.jpg 856w\" sizes=\"(max-width: 410px) 100vw, 410px\" \/><\/figure><\/div>\n\n\n<p>A psic\u00f3loga Lays Mota ressalta a import\u00e2ncia dessas a\u00e7\u00f5es para promover a sa\u00fade e o bem-estar da comunidade.&nbsp;<strong><em>\u201c\u00c9 essencial que a popula\u00e7\u00e3o esteja ciente das atividades oferecidas e do envolvimento dos profissionais. Atrav\u00e9s do Projeto Academia da Sa\u00fade, procuramos incentivar a participa\u00e7\u00e3o da comunidade nas a\u00e7\u00f5es planejadas. Juntos, podemos construir uma cidade mais saud\u00e1vel e consciente da import\u00e2ncia da pr\u00e1tica de atividades f\u00edsicas e h\u00e1bitos saud\u00e1veis para manter a sa\u00fade f\u00edsica e mental.\u201d<\/em><\/strong><\/p>\n\n\n\n<p>O Educador f\u00edsico do programa, Vinicius Manuel, ressalta que praticar exerc\u00edcios n\u00e3o se trata apenas de est\u00e9tica.&nbsp;<strong><em>\u201cMuitos pacientes v\u00eam por indica\u00e7\u00e3o m\u00e9dica, outros ap\u00f3s enfrentarem problema dif\u00edcil. Aqui, al\u00e9m das atividades f\u00edsicas, fornecemos um apoio atencioso e, quando necess\u00e1rio, encaminhamos esses pacientes para obterem assist\u00eancia de outros especialistas\u201d<\/em>,<\/strong> destacou.<\/p>\n\n\n\n<p><strong><em>\u201cEu sofria com dores nas pernas e nas costas, al\u00e9m de falta de energia para o dia a dia. Ap\u00f3s frequentar a Academia da Sa\u00fade, percebi uma grande melhora. Durmo melhor, me sinto mais feliz e ainda conheci novas pessoas durante as aulas.\u201d<\/em><\/strong>&nbsp;Maria Santana, moradora do centro da cidade, expressa sua satisfa\u00e7\u00e3o com os benef\u00edcios obtidos desde que come\u00e7ou a participar no final do ano passado, destacando os significativos avan\u00e7os percebidos.<\/p>\n\n\n\n<p>As aulas acontecem diariamente na academia de sa\u00fade da Avenida Abelardo Gama, com o educador f\u00edsico Vin\u00edcius Manuel. No bairro Pombalzinho, as aulas com a educadora f\u00edsica Nayara ocorrem \u00e0s ter\u00e7as, quartas e quintas \u00e0 tarde. Este m\u00eas de mar\u00e7o, h\u00e1 tr\u00eas a\u00e7\u00f5es planejadas. Em uma delas, no dia 12, ser\u00e1 celebrado o Dia da Mulher no Bairro Pedro Tib\u00farcio, com a presen\u00e7a da equipe completa de profissionais, incluindo educador f\u00edsico, psic\u00f3loga, nutricionista e assistente social. No dia 13, a a\u00e7\u00e3o ser\u00e1 no Povado Feira da Serra, e no dia 19, no Povoado Pedra.<\/p>\n\n\n\n<p>Fonte: SECOM\/ Ribeira do Pombal<\/p>\n","protected":false},"excerpt":{"rendered":"<p>Academia da Sa\u00fade \u00e9 uma estrat\u00e9gia de promo\u00e7\u00e3o da sa\u00fade e cuidado do Sistema \u00danico de Sa\u00fade \u2013 SUS, oferecendo Gin\u00e1stica laboral, aulas de alongamento e flexibilidade, treino Funcional, caminhadas e corridas orientadas. O trabalho \u00e9 feito em parceria com a Secretaria Municipal de Sa\u00fade e a popula\u00e7\u00e3o da sede tem acesso a dois polos &hellip;<\/p>\n","protected":false},"author":2,"featured_media":54869,"comment_status":"open","ping_status":"open","sticky":false,"template":"","format":"standard","meta":{"om_disable_all_campaigns":false,"_monsterinsights_skip_tracking":false,"_monsterinsights_sitenote_active":false,"_monsterinsights_sitenote_note":"","_monsterinsights_sitenote_category":0,"footnotes":""},"categories":[70,69,32,3,19],"tags":[6736,100,71,48,75,4178,4180,129,107,4181,132,230,106,203,120,51,109,88,47,61,111,190],"class_list":["post-54877","post","type-post","status-publish","format-standard","has-post-thumbnail","hentry","category-destaques","category-noticias2","category-regiao","category-ribeira-do-pombal","category-saude","tag-academia-de-saude","tag-adustina","tag-antas","tag-araci","tag-cicero-dantas","tag-cipo-2","tag-crisopolis-2","tag-euclides-da-cunha","tag-fatima","tag-heliopolis-2","tag-itapicuru","tag-jeremoabo","tag-nova-soure","tag-novo-triunfo","tag-olindina","tag-paripiranga","tag-quijingue","tag-ribeira-do-amparo","tag-ribeira-do-pombal","tag-saude","tag-sitio-do-quinto","tag-tucano"],"aioseo_notices":[],"_links":{"self":[{"href":"https:\/\/www.portalalerta.com.br\/index.php\/wp-json\/wp\/v2\/posts\/54877","targetHints":{"allow":["GET"]}}],"collection":[{"href":"https:\/\/www.portalalerta.com.br\/index.php\/wp-json\/wp\/v2\/posts"}],"about":[{"href":"https:\/\/www.portalalerta.com.br\/index.php\/wp-json\/wp\/v2\/types\/post"}],"author":[{"embeddable":true,"href":"https:\/\/www.portalalerta.com.br\/index.php\/wp-json\/wp\/v2\/users\/2"}],"replies":[{"embeddable":true,"href":"https:\/\/www.portalalerta.com.br\/index.php\/wp-json\/wp\/v2\/comments?post=54877"}],"version-history":[{"count":1,"href":"https:\/\/www.portalalerta.com.br\/index.php\/wp-json\/wp\/v2\/posts\/54877\/revisions"}],"predecessor-version":[{"id":54878,"href":"https:\/\/www.portalalerta.com.br\/index.php\/wp-json\/wp\/v2\/posts\/54877\/revisions\/54878"}],"wp:featuredmedia":[{"embeddable":true,"href":"https:\/\/www.portalalerta.com.br\/index.php\/wp-json\/wp\/v2\/media\/54869"}],"wp:attachment":[{"href":"https:\/\/www.portalalerta.com.br\/index.php\/wp-json\/wp\/v2\/media?parent=54877"}],"wp:term":[{"taxonomy":"category","embeddable":true,"href":"https:\/\/www.portalalerta.com.br\/index.php\/wp-json\/wp\/v2\/categories?post=54877"},{"taxonomy":"post_tag","embeddable":true,"href":"https:\/\/www.portalalerta.com.br\/index.php\/wp-json\/wp\/v2\/tags?post=54877"}],"curies":[{"name":"wp","href":"https:\/\/api.w.org\/{rel}","templated":true}]}}