{"id":54879,"date":"2024-03-05T16:01:00","date_gmt":"2024-03-05T19:01:00","guid":{"rendered":"https:\/\/www.portalalerta.com.br\/?p=54879"},"modified":"2024-03-04T22:49:37","modified_gmt":"2024-03-05T01:49:37","slug":"investigados-por-golpismo-temem-que-depoimento-de-freire-gomes-tenha-ido-mais-longe-que-delacao-de-mauro-cid","status":"publish","type":"post","link":"https:\/\/www.portalalerta.com.br\/index.php\/2024\/03\/05\/investigados-por-golpismo-temem-que-depoimento-de-freire-gomes-tenha-ido-mais-longe-que-delacao-de-mauro-cid\/","title":{"rendered":"Investigados por golpismo temem que depoimento de Freire Gomes tenha ido mais longe que dela\u00e7\u00e3o de Mauro Cid"},"content":{"rendered":"\n<p>Ex-comandante do Ex\u00e9rcito confirmou que houve reuni\u00f5es que discutiram a minuta do golpe, corroborando a colabora\u00e7\u00e3o de Cid<\/p>\n\n\n\n<!--more-->\n\n\n\n<p>Investigados por suposta tentativa de golpe de Estado temem que o depoimento do general Marco Antonio Freire Gomes, ex-comandante do Ex\u00e9rcito, tenha sido mais abrangente que a pr\u00f3pria dela\u00e7\u00e3o premiada do tenente-coronel Mauro Cid, ex-ajudante de ordens do ex-presidente Jair Bolsonaro (PL).<\/p>\n\n\n<div class=\"wp-block-image\">\n<figure class=\"alignleft size-full\"><img fetchpriority=\"high\" decoding=\"async\" width=\"400\" height=\"300\" src=\"https:\/\/www.portalalerta.com.br\/wp-content\/uploads\/2023\/01\/Auto-Escola-Sonho.jpg\" alt=\"\" class=\"wp-image-47083\" srcset=\"https:\/\/www.portalalerta.com.br\/wp-content\/uploads\/2023\/01\/Auto-Escola-Sonho.jpg 400w, https:\/\/www.portalalerta.com.br\/wp-content\/uploads\/2023\/01\/Auto-Escola-Sonho-320x240.jpg 320w\" sizes=\"(max-width: 400px) 100vw, 400px\" \/><\/figure><\/div>\n\n\n<p>O ex-comandante do Ex\u00e9rcito prestou esclarecimentos por oito horas \u00e0 Pol\u00edcia Federal. Como antecipou a\u00a0<strong>CNN<\/strong>,\u00a0Freire Gomes confirmou que houve reuni\u00f5es que discutiram a minuta do golpe, corroborando a colabora\u00e7\u00e3o de Cid.<\/p>\n\n\n\n<p>A preocupa\u00e7\u00e3o sobre o testemunho de Freire Gomes \u00e9 que ele, como ent\u00e3o comandante do Ex\u00e9rcito, participou de encontros e tratativas que muitas vezes o ex-ajudante de ordens n\u00e3o entrava pela sensibilidade dos temas e at\u00e9 mesmo por uma quest\u00e3o de hierarquia.<\/p>\n\n\n\n<p>Como comandante do Ex\u00e9rcito, Freire Gomes tratava diretamente com o ent\u00e3o ministro da Defesa, general Paulo S\u00e9rgio Nogueira, e com Jair Bolsonaro em reuni\u00f5es com a presen\u00e7a de comandantes da Marinha, almirante Almir Garnier, e o da For\u00e7a A\u00e9rea Brasileira (FAB), tenente-brigadeiro do ar Carlos de Almeida Baptista J\u00fanior.<\/p>\n\n\n\n<p>A avalia\u00e7\u00e3o de advogados da Defesa \u00e9 que depoimento de Freire Gomes possa trazer novos desdobramentos e at\u00e9 mesmo atores novos para suposta trama golpista. Al\u00e9m disso, acreditam que o ex-comandante do Ex\u00e9rcito possa ter sido questionado sobre a participa\u00e7\u00e3o de cada um dos envolvidos na investiga\u00e7\u00e3o.<\/p>\n\n\n\n<p>De acordo com a investiga\u00e7\u00e3o, Freire Gomes e Baptista Junior n\u00e3o teriam aderido \u00e0 proposta de golpe. Os dois prestaram depoimento em condi\u00e7\u00e3o de testemunha. O ex-comandante da FAB\u00a0tamb\u00e9m confirmou as reuni\u00f5es para discutir a minuta de golpe, segundo fontes da PF.<\/p>\n\n\n\n<p>Ainda segundo as investiga\u00e7\u00f5es, o almirante Almir Garnier teria concordado com um golpe de Estado e teria colocado suas tropas \u00e0 disposi\u00e7\u00e3o de Bolsonaro. Intimado a prestar depoimento, o ex-comandante da Marinha ficou em sil\u00eancio.<\/p>\n\n\n\n<p><em>Fonte: CNN<\/em><\/p>\n","protected":false},"excerpt":{"rendered":"<p>Ex-comandante do Ex\u00e9rcito confirmou que houve reuni\u00f5es que discutiram a minuta do golpe, corroborando a colabora\u00e7\u00e3o de Cid<\/p>\n","protected":false},"author":2,"featured_media":54872,"comment_status":"open","ping_status":"open","sticky":false,"template":"","format":"standard","meta":{"om_disable_all_campaigns":false,"_monsterinsights_skip_tracking":false,"_monsterinsights_sitenote_active":false,"_monsterinsights_sitenote_note":"","_monsterinsights_sitenote_category":0,"footnotes":""},"categories":[34,70,69,21],"tags":[100,71,48,75,4178,4180,217,129,4375,107,6737,839,4181,132,230,6016,106,203,120,51,109,88,47,111,190],"class_list":["post-54879","post","type-post","status-publish","format-standard","has-post-thumbnail","hentry","category-brasil","category-destaques","category-noticias2","category-politica","tag-adustina","tag-antas","tag-araci","tag-cicero-dantas","tag-cipo-2","tag-crisopolis-2","tag-delacao-premiada","tag-euclides-da-cunha","tag-exercito-brasileiro","tag-fatima","tag-freire-gomes","tag-golpe","tag-heliopolis-2","tag-itapicuru","tag-jeremoabo","tag-mauro-cid","tag-nova-soure","tag-novo-triunfo","tag-olindina","tag-paripiranga","tag-quijingue","tag-ribeira-do-amparo","tag-ribeira-do-pombal","tag-sitio-do-quinto","tag-tucano"],"aioseo_notices":[],"_links":{"self":[{"href":"https:\/\/www.portalalerta.com.br\/index.php\/wp-json\/wp\/v2\/posts\/54879","targetHints":{"allow":["GET"]}}],"collection":[{"href":"https:\/\/www.portalalerta.com.br\/index.php\/wp-json\/wp\/v2\/posts"}],"about":[{"href":"https:\/\/www.portalalerta.com.br\/index.php\/wp-json\/wp\/v2\/types\/post"}],"author":[{"embeddable":true,"href":"https:\/\/www.portalalerta.com.br\/index.php\/wp-json\/wp\/v2\/users\/2"}],"replies":[{"embeddable":true,"href":"https:\/\/www.portalalerta.com.br\/index.php\/wp-json\/wp\/v2\/comments?post=54879"}],"version-history":[{"count":1,"href":"https:\/\/www.portalalerta.com.br\/index.php\/wp-json\/wp\/v2\/posts\/54879\/revisions"}],"predecessor-version":[{"id":54880,"href":"https:\/\/www.portalalerta.com.br\/index.php\/wp-json\/wp\/v2\/posts\/54879\/revisions\/54880"}],"wp:featuredmedia":[{"embeddable":true,"href":"https:\/\/www.portalalerta.com.br\/index.php\/wp-json\/wp\/v2\/media\/54872"}],"wp:attachment":[{"href":"https:\/\/www.portalalerta.com.br\/index.php\/wp-json\/wp\/v2\/media?parent=54879"}],"wp:term":[{"taxonomy":"category","embeddable":true,"href":"https:\/\/www.portalalerta.com.br\/index.php\/wp-json\/wp\/v2\/categories?post=54879"},{"taxonomy":"post_tag","embeddable":true,"href":"https:\/\/www.portalalerta.com.br\/index.php\/wp-json\/wp\/v2\/tags?post=54879"}],"curies":[{"name":"wp","href":"https:\/\/api.w.org\/{rel}","templated":true}]}}