{"id":54895,"date":"2024-03-06T07:02:00","date_gmt":"2024-03-06T10:02:00","guid":{"rendered":"https:\/\/www.portalalerta.com.br\/?p=54895"},"modified":"2024-03-05T18:31:51","modified_gmt":"2024-03-05T21:31:51","slug":"10-policiais-militares-sao-afastados-por-integrar-grupo-miliciano-em-paulo-afonso-ba","status":"publish","type":"post","link":"https:\/\/www.portalalerta.com.br\/index.php\/2024\/03\/06\/10-policiais-militares-sao-afastados-por-integrar-grupo-miliciano-em-paulo-afonso-ba\/","title":{"rendered":"10 Policiais Militares s\u00e3o afastados por integrar grupo miliciano, em Paulo Afonso-BA"},"content":{"rendered":"\n<p>Dez policiais militares alvos da <strong>&#8216;Opera\u00e7\u00e3o Alcateia&#8217;<\/strong>, deflagrada em outubro de 2020, foram afastados das fun\u00e7\u00f5es. A decis\u00e3o, por tempo indeterminado, foi assinada pelo chefe de gabinete do Comando-Geral da corpora\u00e7\u00e3o, Coronel Paulo Luiz dos Santos Cunha. Al\u00e9m de afastar os militares, que ocupam v\u00e1rias patentes, o pedido os pro\u00edbe de ter acesso \u00e0s depend\u00eancias da Corpora\u00e7\u00e3o, <strong>&#8220;at\u00e9 que haja tr\u00e2nsito em julgado&#8221;<\/strong>. O despacho foi assinado no dia 28 de fevereiro de 2024.<\/p>\n\n\n\n<!--more-->\n\n\n<div class=\"wp-block-image\">\n<figure class=\"alignleft size-large is-resized\"><img fetchpriority=\"high\" decoding=\"async\" src=\"https:\/\/www.portalalerta.com.br\/wp-content\/uploads\/2024\/03\/Real-Mulher-2024-584x1024.jpg\" alt=\"\" class=\"wp-image-54863\" width=\"478\" height=\"838\" srcset=\"https:\/\/www.portalalerta.com.br\/wp-content\/uploads\/2024\/03\/Real-Mulher-2024-584x1024.jpg 584w, https:\/\/www.portalalerta.com.br\/wp-content\/uploads\/2024\/03\/Real-Mulher-2024-137x240.jpg 137w, https:\/\/www.portalalerta.com.br\/wp-content\/uploads\/2024\/03\/Real-Mulher-2024-768x1346.jpg 768w, https:\/\/www.portalalerta.com.br\/wp-content\/uploads\/2024\/03\/Real-Mulher-2024.jpg 856w\" sizes=\"(max-width: 478px) 100vw, 478px\" \/><\/figure><\/div>\n\n\n<p><br><br>Segundo o Minist\u00e9rio P\u00fablico (MP-BA), os agentes p\u00fablicos s\u00e3o acusados de assassinar C\u00edcero Santos Ramos, no dia 21 de abril de 2018, no munic\u00edpio de Gl\u00f3ria, e Fabiano Silva Santos, em 2 de dezembro, daquele mesmo ano, no munic\u00edpio de Paulo Afonso, cidades do interior da Bahia. As den\u00fancias foram oferecidas pelo Grupo de Atua\u00e7\u00e3o Especial de Combate \u00e0s Organiza\u00e7\u00f5es Criminosas (Gaeco).<br><br>Entre os afastados est\u00e1 o tenente-coronel Carlos Humberto da Silva Moreira, conhecido como &#8220;Cachorr\u00e3o&#8217;, apontado como o chefe do grupo miliciano investigado pela morte de ao menos 13 pessoas na Bahia. Conforme o Gaeco, por m\u00eas, o grupo arrecadava valores que variavam de R$ 700 mil a R$ 1 milh\u00e3o.<\/p>\n\n\n\n<p><em>Fonte: A Tarde<\/em><\/p>\n","protected":false},"excerpt":{"rendered":"<p>Dez policiais militares alvos da &#8216;Opera\u00e7\u00e3o Alcateia&#8217;, deflagrada em outubro de 2020, foram afastados das fun\u00e7\u00f5es. A decis\u00e3o, por tempo indeterminado, foi assinada pelo chefe de gabinete do Comando-Geral da corpora\u00e7\u00e3o, Coronel Paulo Luiz dos Santos Cunha. Al\u00e9m de afastar os militares, que ocupam v\u00e1rias patentes, o pedido os pro\u00edbe de ter acesso \u00e0s depend\u00eancias &hellip;<\/p>\n","protected":false},"author":2,"featured_media":54889,"comment_status":"open","ping_status":"open","sticky":false,"template":"","format":"standard","meta":{"om_disable_all_campaigns":false,"_monsterinsights_skip_tracking":false,"_monsterinsights_sitenote_active":false,"_monsterinsights_sitenote_note":"","_monsterinsights_sitenote_category":0,"footnotes":""},"categories":[33,70,69,22],"tags":[100,6740,71,48,54,75,4178,4180,129,107,4181,132,230,106,203,120,6741,51,79,838,109,88,47,111,190],"class_list":["post-54895","post","type-post","status-publish","format-standard","has-post-thumbnail","hentry","category-bahia","category-destaques","category-noticias2","category-seguranca","tag-adustina","tag-afastamentos","tag-antas","tag-araci","tag-bahia","tag-cicero-dantas","tag-cipo-2","tag-crisopolis-2","tag-euclides-da-cunha","tag-fatima","tag-heliopolis-2","tag-itapicuru","tag-jeremoabo","tag-nova-soure","tag-novo-triunfo","tag-olindina","tag-operacao-alcateia","tag-paripiranga","tag-policia-militar","tag-policiais","tag-quijingue","tag-ribeira-do-amparo","tag-ribeira-do-pombal","tag-sitio-do-quinto","tag-tucano"],"aioseo_notices":[],"_links":{"self":[{"href":"https:\/\/www.portalalerta.com.br\/index.php\/wp-json\/wp\/v2\/posts\/54895","targetHints":{"allow":["GET"]}}],"collection":[{"href":"https:\/\/www.portalalerta.com.br\/index.php\/wp-json\/wp\/v2\/posts"}],"about":[{"href":"https:\/\/www.portalalerta.com.br\/index.php\/wp-json\/wp\/v2\/types\/post"}],"author":[{"embeddable":true,"href":"https:\/\/www.portalalerta.com.br\/index.php\/wp-json\/wp\/v2\/users\/2"}],"replies":[{"embeddable":true,"href":"https:\/\/www.portalalerta.com.br\/index.php\/wp-json\/wp\/v2\/comments?post=54895"}],"version-history":[{"count":1,"href":"https:\/\/www.portalalerta.com.br\/index.php\/wp-json\/wp\/v2\/posts\/54895\/revisions"}],"predecessor-version":[{"id":54896,"href":"https:\/\/www.portalalerta.com.br\/index.php\/wp-json\/wp\/v2\/posts\/54895\/revisions\/54896"}],"wp:featuredmedia":[{"embeddable":true,"href":"https:\/\/www.portalalerta.com.br\/index.php\/wp-json\/wp\/v2\/media\/54889"}],"wp:attachment":[{"href":"https:\/\/www.portalalerta.com.br\/index.php\/wp-json\/wp\/v2\/media?parent=54895"}],"wp:term":[{"taxonomy":"category","embeddable":true,"href":"https:\/\/www.portalalerta.com.br\/index.php\/wp-json\/wp\/v2\/categories?post=54895"},{"taxonomy":"post_tag","embeddable":true,"href":"https:\/\/www.portalalerta.com.br\/index.php\/wp-json\/wp\/v2\/tags?post=54895"}],"curies":[{"name":"wp","href":"https:\/\/api.w.org\/{rel}","templated":true}]}}