{"id":54903,"date":"2024-03-06T11:00:00","date_gmt":"2024-03-06T14:00:00","guid":{"rendered":"https:\/\/www.portalalerta.com.br\/?p=54903"},"modified":"2024-03-05T19:23:53","modified_gmt":"2024-03-05T22:23:53","slug":"prefeitura-fara-doacao-de-milho-para-fortalecer-agricultura-familiar-em-ribeira-do-pombal-ba","status":"publish","type":"post","link":"https:\/\/www.portalalerta.com.br\/index.php\/2024\/03\/06\/prefeitura-fara-doacao-de-milho-para-fortalecer-agricultura-familiar-em-ribeira-do-pombal-ba\/","title":{"rendered":"Prefeitura far\u00e1 doa\u00e7\u00e3o de milho para fortalecer agricultura familiar em Ribeira do Pombal-BA"},"content":{"rendered":"\n<p>A prefeitura e a Secretaria de Agricultura e Pecu\u00e1ria de Ribeira do Pombal-BA, realizar\u00e3o a entrega de doa\u00e7\u00f5es de milho para os agricultores cadastrados em parceria com o Governo do Estado por meio da CAR e SDR. O objetivo \u00e9 apoiar os agricultores familiares, criadores de caprinos, ovinos e bovinos em nosso munic\u00edpio, fortalecendo a agricultura local e a sustentabilidade da produ\u00e7\u00e3o agr\u00edcola e pecu\u00e1ria na regi\u00e3o. Os agricultores beneficiados poder\u00e3o usar o milho na alimenta\u00e7\u00e3o dos animais.<\/p>\n\n\n\n<!--more-->\n\n\n<div class=\"wp-block-image\">\n<figure class=\"alignleft size-large is-resized\"><img fetchpriority=\"high\" decoding=\"async\" src=\"https:\/\/www.portalalerta.com.br\/wp-content\/uploads\/2024\/03\/Real-Mulher-2024-584x1024.jpg\" alt=\"\" class=\"wp-image-54863\" width=\"484\" height=\"849\" srcset=\"https:\/\/www.portalalerta.com.br\/wp-content\/uploads\/2024\/03\/Real-Mulher-2024-584x1024.jpg 584w, https:\/\/www.portalalerta.com.br\/wp-content\/uploads\/2024\/03\/Real-Mulher-2024-137x240.jpg 137w, https:\/\/www.portalalerta.com.br\/wp-content\/uploads\/2024\/03\/Real-Mulher-2024-768x1346.jpg 768w, https:\/\/www.portalalerta.com.br\/wp-content\/uploads\/2024\/03\/Real-Mulher-2024.jpg 856w\" sizes=\"(max-width: 484px) 100vw, 484px\" \/><\/figure><\/div>\n\n\n<p>Essa parceria entre os \u00f3rg\u00e3os p\u00fablicos evidencia o compromisso com o desenvolvimento sustent\u00e1vel do meio rural e a preocupa\u00e7\u00e3o em garantir o bem-estar da popula\u00e7\u00e3o do campo.<\/p>\n\n\n\n<p>Os agricultores cadastrados devem ficar atentos \u00e0s datas e locais de entrega das doa\u00e7\u00f5es de milho para aproveitar ao m\u00e1ximo esse apoio. Al\u00e9m disso, a parceria entre os \u00f3rg\u00e3os p\u00fablicos destaca a import\u00e2ncia da uni\u00e3o de esfor\u00e7os em prol do desenvolvimento rural e da melhoria da qualidade de vida no campo.<\/p>\n\n\n\n<p>As entregas ocorrer\u00e3o nas seguintes datas: 06\/03 letras A \u00e0 D, 07\/03 letras E \u00e0 I, 08\/03 letra J, 11\/03 letras L \u00e0 P, 12\/03 letras R \u00e1 Z, das 8h \u00e0s 16h, na Cooperativa do Mel em frente \u00e0 rodovi\u00e1ria.<\/p>\n\n\n\n<p><em>Fonte: SECOM\/ Ribeira do Pombal<\/em><\/p>\n","protected":false},"excerpt":{"rendered":"<p>A prefeitura e a Secretaria de Agricultura e Pecu\u00e1ria de Ribeira do Pombal-BA, realizar\u00e3o a entrega de doa\u00e7\u00f5es de milho para os agricultores cadastrados em parceria com o Governo do Estado por meio da CAR e SDR. O objetivo \u00e9 apoiar os agricultores familiares, criadores de caprinos, ovinos e bovinos em nosso munic\u00edpio, fortalecendo a &hellip;<\/p>\n","protected":false},"author":2,"featured_media":54900,"comment_status":"open","ping_status":"open","sticky":false,"template":"","format":"standard","meta":{"om_disable_all_campaigns":false,"_monsterinsights_skip_tracking":false,"_monsterinsights_sitenote_active":false,"_monsterinsights_sitenote_note":"","_monsterinsights_sitenote_category":0,"footnotes":""},"categories":[70,69,32,3],"tags":[100,71,48,93,2861,75,4178,4180,148,129,107,4181,132,230,5481,106,203,120,51,145,109,88,47,111,190],"class_list":["post-54903","post","type-post","status-publish","format-standard","has-post-thumbnail","hentry","category-destaques","category-noticias2","category-regiao","category-ribeira-do-pombal","tag-adustina","tag-antas","tag-araci","tag-brasil","tag-car","tag-cicero-dantas","tag-cipo-2","tag-crisopolis-2","tag-doacao","tag-euclides-da-cunha","tag-fatima","tag-heliopolis-2","tag-itapicuru","tag-jeremoabo","tag-milho","tag-nova-soure","tag-novo-triunfo","tag-olindina","tag-paripiranga","tag-prefeitura","tag-quijingue","tag-ribeira-do-amparo","tag-ribeira-do-pombal","tag-sitio-do-quinto","tag-tucano"],"aioseo_notices":[],"_links":{"self":[{"href":"https:\/\/www.portalalerta.com.br\/index.php\/wp-json\/wp\/v2\/posts\/54903","targetHints":{"allow":["GET"]}}],"collection":[{"href":"https:\/\/www.portalalerta.com.br\/index.php\/wp-json\/wp\/v2\/posts"}],"about":[{"href":"https:\/\/www.portalalerta.com.br\/index.php\/wp-json\/wp\/v2\/types\/post"}],"author":[{"embeddable":true,"href":"https:\/\/www.portalalerta.com.br\/index.php\/wp-json\/wp\/v2\/users\/2"}],"replies":[{"embeddable":true,"href":"https:\/\/www.portalalerta.com.br\/index.php\/wp-json\/wp\/v2\/comments?post=54903"}],"version-history":[{"count":1,"href":"https:\/\/www.portalalerta.com.br\/index.php\/wp-json\/wp\/v2\/posts\/54903\/revisions"}],"predecessor-version":[{"id":54904,"href":"https:\/\/www.portalalerta.com.br\/index.php\/wp-json\/wp\/v2\/posts\/54903\/revisions\/54904"}],"wp:featuredmedia":[{"embeddable":true,"href":"https:\/\/www.portalalerta.com.br\/index.php\/wp-json\/wp\/v2\/media\/54900"}],"wp:attachment":[{"href":"https:\/\/www.portalalerta.com.br\/index.php\/wp-json\/wp\/v2\/media?parent=54903"}],"wp:term":[{"taxonomy":"category","embeddable":true,"href":"https:\/\/www.portalalerta.com.br\/index.php\/wp-json\/wp\/v2\/categories?post=54903"},{"taxonomy":"post_tag","embeddable":true,"href":"https:\/\/www.portalalerta.com.br\/index.php\/wp-json\/wp\/v2\/tags?post=54903"}],"curies":[{"name":"wp","href":"https:\/\/api.w.org\/{rel}","templated":true}]}}