{"id":54905,"date":"2024-03-06T11:01:00","date_gmt":"2024-03-06T14:01:00","guid":{"rendered":"https:\/\/www.portalalerta.com.br\/?p=54905"},"modified":"2024-03-05T19:26:31","modified_gmt":"2024-03-05T22:26:31","slug":"eleicoes-presidenciais-na-venezuela-serao-realizadas-em-28-de-julho-dia-do-nascimento-de-chavez","status":"publish","type":"post","link":"https:\/\/www.portalalerta.com.br\/index.php\/2024\/03\/06\/eleicoes-presidenciais-na-venezuela-serao-realizadas-em-28-de-julho-dia-do-nascimento-de-chavez\/","title":{"rendered":"Elei\u00e7\u00f5es presidenciais na Venezuela ser\u00e3o realizadas em 28 de julho, dia do nascimento de Ch\u00e1vez"},"content":{"rendered":"\n<p>Presidente Nicol\u00e1s Maduro vai concorrer \u00e0 reelei\u00e7\u00e3o, mas n\u00e3o est\u00e1 claro quem ele enfrentar\u00e1 como desafiante da oposi\u00e7\u00e3o<\/p>\n\n\n\n<!--more-->\n\n\n\n<p>A Venezuela realizar\u00e1 elei\u00e7\u00f5es presidenciais em 28 de julho, disse o chefe do conselho eleitoral nacional, Elvis Amoroso, nesta ter\u00e7a-feira (5).<\/p>\n\n\n\n<p>Espera-se que o presidente Nicol\u00e1s Maduro concorra \u00e0 reelei\u00e7\u00e3o, mas n\u00e3o est\u00e1 claro quem ele enfrentar\u00e1 como desafiante da oposi\u00e7\u00e3o.<\/p>\n\n\n\n<p>Maria Corina Machado, que venceu por esmagadora maioria as prim\u00e1rias da oposi\u00e7\u00e3o em outubro, teve&nbsp;<a href=\"https:\/\/www.cnnbrasil.com.br\/internacional\/quem-e-maria-corina-machado-que-venceu-primarias-da-oposicao-e-enfrentara-maduro\/\" target=\"_blank\" rel=\"noreferrer noopener\">a proibi\u00e7\u00e3o de concorrer a cargos p\u00fablicos mantida pelo Supremo Tribunal venezuelano em janeiro<\/a>, levando ao restabelecimento das san\u00e7\u00f5es pelos Estados Unidos.<\/p>\n\n\n<div class=\"wp-block-image\">\n<figure class=\"alignleft size-full\"><img fetchpriority=\"high\" decoding=\"async\" width=\"400\" height=\"300\" src=\"https:\/\/www.portalalerta.com.br\/wp-content\/uploads\/2023\/01\/Auto-Escola-Sonho.jpg\" alt=\"\" class=\"wp-image-47083\" srcset=\"https:\/\/www.portalalerta.com.br\/wp-content\/uploads\/2023\/01\/Auto-Escola-Sonho.jpg 400w, https:\/\/www.portalalerta.com.br\/wp-content\/uploads\/2023\/01\/Auto-Escola-Sonho-320x240.jpg 320w\" sizes=\"(max-width: 400px) 100vw, 400px\" \/><\/figure><\/div>\n\n\n<p>Essa data tamb\u00e9m \u00e9 o anivers\u00e1rio do falecido presidente Hugo Ch\u00e1vez, mentor e antecessor de Maduro, que morreu em 2013.<\/p>\n\n\n\n<p>O governo e a oposi\u00e7\u00e3o tinham&nbsp;<a href=\"https:\/\/www.cnnbrasil.com.br\/blogs\/raquel-landim\/internacional\/nicolas-maduro-promete-a-lula-eleicoes-na-venezuela-no-segundo-semestre\/\" target=\"_blank\" rel=\"noreferrer noopener\">acordado em outubro que a vota\u00e7\u00e3o aconteceria no segundo semestre de 2024<\/a>, que observadores internacionais, incluindo da Uni\u00e3o Europeia e da ONU, supervisionariam o pleito e que cada lado teria permiss\u00e3o para escolher seu candidato.<\/p>\n\n\n\n<p>Algumas figuras da oposi\u00e7\u00e3o expressaram d\u00favidas \u00e0 \u00e9poca de que Maduro manteria o acordo, receios que parecem ter sido confirmados com a continua\u00e7\u00e3o da restri\u00e7\u00e3o a Machado.<\/p>\n\n\n\n<p><em>Fonte: CNN<\/em><\/p>\n","protected":false},"excerpt":{"rendered":"<p>Presidente Nicol\u00e1s Maduro vai concorrer \u00e0 reelei\u00e7\u00e3o, mas n\u00e3o est\u00e1 claro quem ele enfrentar\u00e1 como desafiante da oposi\u00e7\u00e3o<\/p>\n","protected":false},"author":2,"featured_media":46508,"comment_status":"open","ping_status":"open","sticky":false,"template":"","format":"standard","meta":{"om_disable_all_campaigns":false,"_monsterinsights_skip_tracking":false,"_monsterinsights_sitenote_active":false,"_monsterinsights_sitenote_note":"","_monsterinsights_sitenote_category":0,"footnotes":""},"categories":[70,35,69,21],"tags":[100,71,48,75,4178,4180,5695,129,107,4181,6742,132,230,339,6146,106,203,120,51,109,88,47,111,190,326],"class_list":["post-54905","post","type-post","status-publish","format-standard","has-post-thumbnail","hentry","category-destaques","category-mundo","category-noticias2","category-politica","tag-adustina","tag-antas","tag-araci","tag-cicero-dantas","tag-cipo-2","tag-crisopolis-2","tag-eleicoes-2024","tag-euclides-da-cunha","tag-fatima","tag-heliopolis-2","tag-hugo-chavez","tag-itapicuru","tag-jeremoabo","tag-mundo","tag-nicolas-maduro-2","tag-nova-soure","tag-novo-triunfo","tag-olindina","tag-paripiranga","tag-quijingue","tag-ribeira-do-amparo","tag-ribeira-do-pombal","tag-sitio-do-quinto","tag-tucano","tag-venezuela"],"aioseo_notices":[],"_links":{"self":[{"href":"https:\/\/www.portalalerta.com.br\/index.php\/wp-json\/wp\/v2\/posts\/54905","targetHints":{"allow":["GET"]}}],"collection":[{"href":"https:\/\/www.portalalerta.com.br\/index.php\/wp-json\/wp\/v2\/posts"}],"about":[{"href":"https:\/\/www.portalalerta.com.br\/index.php\/wp-json\/wp\/v2\/types\/post"}],"author":[{"embeddable":true,"href":"https:\/\/www.portalalerta.com.br\/index.php\/wp-json\/wp\/v2\/users\/2"}],"replies":[{"embeddable":true,"href":"https:\/\/www.portalalerta.com.br\/index.php\/wp-json\/wp\/v2\/comments?post=54905"}],"version-history":[{"count":1,"href":"https:\/\/www.portalalerta.com.br\/index.php\/wp-json\/wp\/v2\/posts\/54905\/revisions"}],"predecessor-version":[{"id":54906,"href":"https:\/\/www.portalalerta.com.br\/index.php\/wp-json\/wp\/v2\/posts\/54905\/revisions\/54906"}],"wp:featuredmedia":[{"embeddable":true,"href":"https:\/\/www.portalalerta.com.br\/index.php\/wp-json\/wp\/v2\/media\/46508"}],"wp:attachment":[{"href":"https:\/\/www.portalalerta.com.br\/index.php\/wp-json\/wp\/v2\/media?parent=54905"}],"wp:term":[{"taxonomy":"category","embeddable":true,"href":"https:\/\/www.portalalerta.com.br\/index.php\/wp-json\/wp\/v2\/categories?post=54905"},{"taxonomy":"post_tag","embeddable":true,"href":"https:\/\/www.portalalerta.com.br\/index.php\/wp-json\/wp\/v2\/tags?post=54905"}],"curies":[{"name":"wp","href":"https:\/\/api.w.org\/{rel}","templated":true}]}}